{"id":409330,"date":"2025-09-22T11:17:13","date_gmt":"2025-09-22T11:17:13","guid":{"rendered":"https:\/\/www.europesays.com\/fr\/409330\/"},"modified":"2025-09-22T11:17:13","modified_gmt":"2025-09-22T11:17:13","slug":"la-salle-de-loisirs-urban-jump-ravagee-par-un-incendie","status":"publish","type":"post","link":"https:\/\/www.europesays.com\/fr\/409330\/","title":{"rendered":"la salle de loisirs Urban Jump ravag\u00e9e par un incendie"},"content":{"rendered":"<p>Le feu a \u00e9t\u00e9 signal\u00e9 t\u00f4t ce lundi avant d\u2019\u00eatre ma\u00eetris\u00e9 par les marins-pompiers de Marseille. L\u2019origine de l\u2019incendie n\u2019a pas encore \u00e9t\u00e9 \u00e9tablie.<\/p>\n<p class=\"fig-paragraph\">Une salle de loisirs partie en fum\u00e9e \u00e0 Marseille. Dans la nuit de dimanche \u00e0 lundi, le feu s\u2019est empar\u00e9 d\u2019une zone d\u2019activit\u00e9s implant\u00e9e dans le 11e arrondissement de la ville, emportant avec lui 6000 m\u00e8tres carr\u00e9s d\u2019entrep\u00f4ts, dont une salle de loisirs.<\/p>\n<p class=\"fig-paragraph\">Les\u00a0<a href=\"http:\/\/www.lefigaro.fr\/marseille\/marseille-trois-marins-pompiers-agresses-a-l-arme-blanche-lors-d-une-intervention-20250603\" data-fig-type=\"NewsFlash\" data-gtm-custom-categorie=\"navigation\" data-gtm-custom-action=\"crossclick\" data-gtm-custom-label=\"Contextuel\" data-gtm-event=\"customEventSPE\" data-fig-domain=\"LEFIGARO\" target=\"_blank\" rel=\"noopener\">marins-pompiers de Marseille<\/a>\u00a0ont \u00e9t\u00e9 avertis vers 5 heures du matin qu\u2019un incendie s\u2019\u00e9tait d\u00e9clar\u00e9 dans les locaux d\u2019Urban Jump, une salle de loisirs de 1200 m\u00e8tres carr\u00e9s proposant \u00e0 ses visiteurs des activit\u00e9s li\u00e9es au trampoline. Plus de 80 soldats du feu ont \u00e9t\u00e9 d\u00e9ploy\u00e9s par le bataillon pour \u00e9teindre le feu, qui s\u2019est rapidement propag\u00e9 aux entreprises mitoyennes.<\/p>\n<p>                                    <a class=\"fig-a11y-skip a11y-hidden\" href=\"#fig-a11y-skip-main-inarticle\"><br \/>\n        Passer la publicit\u00e9<br \/>\n    <\/a><\/p>\n<p>Une vingtaine d\u2019engins mobilis\u00e9e<\/p>\n<p class=\"fig-paragraph\">Les flammes ont finalement \u00e9t\u00e9 ma\u00eetris\u00e9es moins de trois heures plus tard, entra\u00eenant le d\u00e9ploiement d\u2019une vingtaine d\u2019engins. Les marins-pompiers \u00e9taient toujours sur place dans la matin\u00e9e, alors qu\u2019une enqu\u00eate de police devrait \u00eatre ouverte pour faire la lumi\u00e8re sur le sinistre, dont l\u2019origine n\u2019est toujours pas connue.<\/p>\n","protected":false},"excerpt":{"rendered":"Le feu a \u00e9t\u00e9 signal\u00e9 t\u00f4t ce lundi avant d\u2019\u00eatre ma\u00eetris\u00e9 par les marins-pompiers de Marseille. L\u2019origine de&hellip;\n","protected":false},"author":2,"featured_media":409331,"comment_status":"","ping_status":"","sticky":false,"template":"","format":"standard","meta":{"footnotes":""},"categories":[2814],"tags":[1111,11,1777,674,1011,27,1310,1393,884,12,882,25],"class_list":{"0":"post-409330","1":"post","2":"type-post","3":"status-publish","4":"format-standard","5":"has-post-thumbnail","7":"category-marseille","8":"tag-actu","9":"tag-actualites","10":"tag-eu","11":"tag-europe","12":"tag-fr","13":"tag-france","14":"tag-incendie","15":"tag-loisirs","16":"tag-marseille","17":"tag-news","18":"tag-provence-alpes-cote-dazur","19":"tag-republique-francaise"},"share_on_mastodon":{"url":"https:\/\/pubeurope.com\/@fr\/115247673860958844","error":""},"_links":{"self":[{"href":"https:\/\/www.europesays.com\/fr\/wp-json\/wp\/v2\/posts\/409330","targetHints":{"allow":["GET"]}}],"collection":[{"href":"https:\/\/www.europesays.com\/fr\/wp-json\/wp\/v2\/posts"}],"about":[{"href":"https:\/\/www.europesays.com\/fr\/wp-json\/wp\/v2\/types\/post"}],"author":[{"embeddable":true,"href":"https:\/\/www.europesays.com\/fr\/wp-json\/wp\/v2\/users\/2"}],"replies":[{"embeddable":true,"href":"https:\/\/www.europesays.com\/fr\/wp-json\/wp\/v2\/comments?post=409330"}],"version-history":[{"count":0,"href":"https:\/\/www.europesays.com\/fr\/wp-json\/wp\/v2\/posts\/409330\/revisions"}],"wp:featuredmedia":[{"embeddable":true,"href":"https:\/\/www.europesays.com\/fr\/wp-json\/wp\/v2\/media\/409331"}],"wp:attachment":[{"href":"https:\/\/www.europesays.com\/fr\/wp-json\/wp\/v2\/media?parent=409330"}],"wp:term":[{"taxonomy":"category","embeddable":true,"href":"https:\/\/www.europesays.com\/fr\/wp-json\/wp\/v2\/categories?post=409330"},{"taxonomy":"post_tag","embeddable":true,"href":"https:\/\/www.europesays.com\/fr\/wp-json\/wp\/v2\/tags?post=409330"}],"curies":[{"name":"wp","href":"https:\/\/api.w.org\/{rel}","templated":true}]}}