{"id":409363,"date":"2025-09-22T11:39:12","date_gmt":"2025-09-22T11:39:12","guid":{"rendered":"https:\/\/www.europesays.com\/fr\/409363\/"},"modified":"2025-09-22T11:39:12","modified_gmt":"2025-09-22T11:39:12","slug":"en-direct-reconnaissance-de-la-palestine-le-tribunal-administratif-de-cergy-pontoise-ordonne-le-retrait-du-drapeau-palestinien-du-fronton-de-lhotel-de-ville-de-malakoff","status":"publish","type":"post","link":"https:\/\/www.europesays.com\/fr\/409363\/","title":{"rendered":"EN DIRECT &#8211; Reconnaissance de la Palestine : le tribunal administratif de Cergy-Pontoise ordonne \u00able retrait du drapeau palestinien du fronton de l\u2019h\u00f4tel de ville de Malakoff\u00bb \u2013 Lib\u00e9ration"},"content":{"rendered":"<p class=\"sc-cPiKLX AiZTS text-element\">Des militants insoumis ont revendiqu\u00e9 une action ce lundi matin \u00e0 Marseille, o\u00f9 trois drapeaux palestiniens ont \u00e9t\u00e9 projet\u00e9 sur l\u2019h\u00f4tel de ville. \u00abPar solidarit\u00e9, en ce jour de reconnaissance de l\u2019\u00e9tat de Palestine, les militants insoumis avec le collectif les Bazoukeuses ont projet\u00e9 le [drapeau palestinien] sur l\u2019H\u00f4tel de Ville, \u00e9crit le compte Marseille insoumise sur X. Il faut sanctionner et isoler le gouvernement isra\u00e9lien !\u00bb Le maire socialiste de Marseille, Beno\u00eet Payan, a annonc\u00e9 aupr\u00e8s d\u2019<a href=\"https:\/\/www.francebleu.fr\/infos\/politique\/a-marseille-des-militants-insoumis-projettent-le-drapeau-palestinien-sur-l-hotel-de-ville-3553952\" target=\"_blank\" rel=\"noreferrer noopener\" title=\"https:\/\/www.francebleu.fr\/infos\/politique\/a-marseille-des-militants-insoumis-projettent-le-drapeau-palestinien-sur-l-hotel-de-ville-3553952\">Ici Provence<\/a> qu\u2019il ne comptait pas hisser le drapeau palestinien car il veut \u00aballer plus loin\u00bb. \u00abUn drapeau, \u00e7a se monte et \u00e7a se descend, moi je veux inscrire dans le marbre quelque chose, et le jour de la reconnaissance de l\u2019\u00c9tat palestinien, ce n\u2019est pas un drapeau que je vais hisser, mais un acte fort.\u00bb <\/p>\n","protected":false},"excerpt":{"rendered":"Des militants insoumis ont revendiqu\u00e9 une action ce lundi matin \u00e0 Marseille, o\u00f9 trois drapeaux palestiniens ont \u00e9t\u00e9&hellip;\n","protected":false},"author":2,"featured_media":409364,"comment_status":"","ping_status":"","sticky":false,"template":"","format":"standard","meta":{"footnotes":""},"categories":[4],"tags":[11,1073,1011,27,3522,12,3521,3518,25],"class_list":{"0":"post-409363","1":"post","2":"type-post","3":"status-publish","4":"format-standard","5":"has-post-thumbnail","7":"category-france","8":"tag-actualites","9":"tag-emmanuel-macron","10":"tag-fr","11":"tag-france","12":"tag-guerre-hamas-israel","13":"tag-news","14":"tag-onu","15":"tag-palestine","16":"tag-republique-francaise"},"share_on_mastodon":{"url":"https:\/\/pubeurope.com\/@fr\/115247760191863515","error":""},"_links":{"self":[{"href":"https:\/\/www.europesays.com\/fr\/wp-json\/wp\/v2\/posts\/409363","targetHints":{"allow":["GET"]}}],"collection":[{"href":"https:\/\/www.europesays.com\/fr\/wp-json\/wp\/v2\/posts"}],"about":[{"href":"https:\/\/www.europesays.com\/fr\/wp-json\/wp\/v2\/types\/post"}],"author":[{"embeddable":true,"href":"https:\/\/www.europesays.com\/fr\/wp-json\/wp\/v2\/users\/2"}],"replies":[{"embeddable":true,"href":"https:\/\/www.europesays.com\/fr\/wp-json\/wp\/v2\/comments?post=409363"}],"version-history":[{"count":0,"href":"https:\/\/www.europesays.com\/fr\/wp-json\/wp\/v2\/posts\/409363\/revisions"}],"wp:featuredmedia":[{"embeddable":true,"href":"https:\/\/www.europesays.com\/fr\/wp-json\/wp\/v2\/media\/409364"}],"wp:attachment":[{"href":"https:\/\/www.europesays.com\/fr\/wp-json\/wp\/v2\/media?parent=409363"}],"wp:term":[{"taxonomy":"category","embeddable":true,"href":"https:\/\/www.europesays.com\/fr\/wp-json\/wp\/v2\/categories?post=409363"},{"taxonomy":"post_tag","embeddable":true,"href":"https:\/\/www.europesays.com\/fr\/wp-json\/wp\/v2\/tags?post=409363"}],"curies":[{"name":"wp","href":"https:\/\/api.w.org\/{rel}","templated":true}]}}