{"id":409371,"date":"2025-09-22T11:48:13","date_gmt":"2025-09-22T11:48:13","guid":{"rendered":"https:\/\/www.europesays.com\/fr\/409371\/"},"modified":"2025-09-22T11:48:13","modified_gmt":"2025-09-22T11:48:13","slug":"om-psg-le-groupe-parisien-est-tombe","status":"publish","type":"post","link":"https:\/\/www.europesays.com\/fr\/409371\/","title":{"rendered":"OM &#8211; PSG : le groupe parisien est tomb\u00e9 !\u00a0"},"content":{"rendered":"<p><strong>Alors que le Clasico entre l\u2019Olympique de Marseille et le PSG se jouera ce soir au V\u00e9lodrome, le club parisien confirme que son effectif reste inchang\u00e9.  <\/strong><\/p>\n<p>Vitinha et Achraf Hakimi font partie du voyage, assurant leur disponibilit\u00e9 pour cette rencontre d\u00e9cisive. Leur pr\u00e9sence pourrait s\u2019av\u00e9rer d\u00e9terminante face \u00e0 un OM revanchard, d\u00e9sireux de profiter de la situation particuli\u00e8re entourant ce Clasico.<\/p>\n<p>Bradley Barcola, lui, reste forfait. Sa blessure oblige le staff parisien \u00e0 ajuster certaines options offensives, mais le reste du groupe, habitu\u00e9 \u00e0 ces d\u00e9fis, semble pr\u00eat \u00e0 relever le d\u00e9fi au V\u00e9lodrome.<\/p>\n<p>Le PSG maintient donc son groupe initial, montrant sa confiance dans les joueurs s\u00e9lectionn\u00e9s pour ce choc de Ligue 1. Ce soir, tous les regards seront tourn\u00e9s vers Luis Enrique pour voir comment il tirera le meilleur de son effectif face \u00e0 Marseille, dans un Classico toujours riche en tension et en enjeux.<\/p>\n","protected":false},"excerpt":{"rendered":"Alors que le Clasico entre l\u2019Olympique de Marseille et le PSG se jouera ce soir au V\u00e9lodrome, le&hellip;\n","protected":false},"author":2,"featured_media":409372,"comment_status":"","ping_status":"","sticky":false,"template":"","format":"standard","meta":{"footnotes":""},"categories":[1410],"tags":[11,448,63,1011,27,66,3388,12,60,10662],"class_list":{"0":"post-409371","1":"post","2":"type-post","3":"status-publish","4":"format-standard","5":"has-post-thumbnail","7":"category-football","8":"tag-actualites","9":"tag-champions-league","10":"tag-football","11":"tag-fr","12":"tag-france","13":"tag-ligue-1","14":"tag-matchs","15":"tag-news","16":"tag-sports","17":"tag-transferts"},"share_on_mastodon":{"url":"https:\/\/pubeurope.com\/@fr\/115247795739994669","error":""},"_links":{"self":[{"href":"https:\/\/www.europesays.com\/fr\/wp-json\/wp\/v2\/posts\/409371","targetHints":{"allow":["GET"]}}],"collection":[{"href":"https:\/\/www.europesays.com\/fr\/wp-json\/wp\/v2\/posts"}],"about":[{"href":"https:\/\/www.europesays.com\/fr\/wp-json\/wp\/v2\/types\/post"}],"author":[{"embeddable":true,"href":"https:\/\/www.europesays.com\/fr\/wp-json\/wp\/v2\/users\/2"}],"replies":[{"embeddable":true,"href":"https:\/\/www.europesays.com\/fr\/wp-json\/wp\/v2\/comments?post=409371"}],"version-history":[{"count":0,"href":"https:\/\/www.europesays.com\/fr\/wp-json\/wp\/v2\/posts\/409371\/revisions"}],"wp:featuredmedia":[{"embeddable":true,"href":"https:\/\/www.europesays.com\/fr\/wp-json\/wp\/v2\/media\/409372"}],"wp:attachment":[{"href":"https:\/\/www.europesays.com\/fr\/wp-json\/wp\/v2\/media?parent=409371"}],"wp:term":[{"taxonomy":"category","embeddable":true,"href":"https:\/\/www.europesays.com\/fr\/wp-json\/wp\/v2\/categories?post=409371"},{"taxonomy":"post_tag","embeddable":true,"href":"https:\/\/www.europesays.com\/fr\/wp-json\/wp\/v2\/tags?post=409371"}],"curies":[{"name":"wp","href":"https:\/\/api.w.org\/{rel}","templated":true}]}}