{"id":409373,"date":"2025-09-22T11:49:11","date_gmt":"2025-09-22T11:49:11","guid":{"rendered":"https:\/\/www.europesays.com\/fr\/409373\/"},"modified":"2025-09-22T11:49:11","modified_gmt":"2025-09-22T11:49:11","slug":"jai-du-reprogrammer-mon-cerveau","status":"publish","type":"post","link":"https:\/\/www.europesays.com\/fr\/409373\/","title":{"rendered":"J&rsquo;ai d\u00fb reprogrammer mon cerveau"},"content":{"rendered":"<p class=\"mb-4 text-lg md:leading-8 break-words\">R\u00e9v\u00e9l\u00e9e \u00e0 l&rsquo;adolescence avec le film \u00ab\u00a0Un \u00e9t\u00e9 en Louisiane\u00a0\u00bb, sorti en 1991, <a data-i13n=\"cpos:1;pos:1\" href=\"https:\/\/fr.style.yahoo.com\/reese-witherspoon-jour-o%C3%B9-l-171900376.html\" data-ylk=\"slk:Reese Witherspoon;cpos:1;pos:1;elm:context_link;itc:0;sec:content-canvas;outcm:mb_qualified_link;_E:mb_qualified_link;ct:story;\" class=\"link  yahoo-link\" target=\"_blank\" rel=\"noopener\">Reese Witherspoon <\/a>a grandi devant les cam\u00e9ras. 34 ans plus tard, elle cartonne toujours, cette fois-ci sur le petit \u00e9cran avec son r\u00f4le dans la s\u00e9rie \u00ab\u00a0<a data-i13n=\"cpos:2;pos:1\" href=\"https:\/\/fr.style.yahoo.com\/the-morning-show-saison-5-140900665.html\" data-ylk=\"slk:The Morning Show;cpos:2;pos:1;elm:context_link;itc:0;sec:content-canvas;outcm:mb_qualified_link;_E:mb_qualified_link;ct:story;\" class=\"link  yahoo-link\" target=\"_blank\" rel=\"noopener\">The Morning Show<\/a>\u00ab\u00a0, pour laquelle elle est en promotion.<\/p>\n<p class=\"mb-4 text-lg md:leading-8 break-words\">C\u00f4t\u00e9 coeur, la star a connu plusieurs histoires d&rsquo;amour, notamment avec <a data-i13n=\"cpos:3;pos:1\" href=\"https:\/\/fr.style.yahoo.com\/reese-witherspoon-fille-pansexualite-ava-phillippe-144115000.html\" data-ylk=\"slk:Ryan Philippe, avec qui elle a eu deux enfants;cpos:3;pos:1;elm:context_link;itc:0;sec:content-canvas;outcm:mb_qualified_link;_E:mb_qualified_link;ct:story;\" class=\"link  yahoo-link\" target=\"_blank\" rel=\"noopener\">Ryan Philippe, avec qui elle a eu deux enfants<\/a>, avec l&rsquo;acteur Jake Gyllenhall, ou encore avec l&rsquo;agent artistique Jim Roth, avec qui elle a eu un petit gar\u00e7on. Mais elle a aussi connu une relation toxique qui lui a fait beaucoup de mal.<\/p>\n<p>Les confidences de Reese Witherspoon<\/p>\n<p class=\"mb-4 text-lg md:leading-8 break-words\">Interrog\u00e9e dans le dernier \u00e9pisode du <a data-i13n=\"cpos:4;pos:1\" href=\"https:\/\/www.nytimes.com\/2025\/09\/20\/magazine\/reese-witherspoon-interview.html\/\" rel=\"nofollow noopener\" target=\"_blank\" data-ylk=\"slk:podcast &quot;The Interview&quot;, du New York Times;cpos:4;pos:1;elm:context_link;itc:0;sec:content-canvas\" class=\"link \">podcast \u00ab\u00a0The Interview\u00a0\u00bb, du New York Times<\/a>, la com\u00e9dienne a expliqu\u00e9 avec franchise : \u00ab\u00a0Parfois, vous vous retrouvez dans des relations qui ne fonctionnent pas pour vous, et parfois vous ne voyez m\u00eame pas la dynamique qui se produit.\u00a0\u00bb<\/p>\n<p class=\"mb-4 text-lg md:leading-8 break-words\">C&rsquo;est seulement apr\u00e8s avoir atteint un stade de violence verbale de la part de son ancien partenaire que Reese Witherspoon a fini par r\u00e9aliser que ce qu&rsquo;elle avait v\u00e9cu n&rsquo;\u00e9tait pas normal. \u00ab\u00a0Une fois sortie de l\u00e0, il m&rsquo;a fallu un certain temps pour me reconstruire. Mon moral \u00e9tait affaibli, car je croyais que toutes les horreurs que cette personne avait dites sur moi \u00e9taient vraies. J&rsquo;ai d\u00fb reprogrammer mon cerveau\u00a0\u00bb, pr\u00e9cise-t-elle.<\/p>\n<p class=\"mb-4 text-lg md:leading-8 break-words\">Une reconstruction n\u00e9cessaire, mais qui a pris du temps. \u00ab\u00a0J&rsquo;ai mis du temps \u00e0 devenir la femme que je suis aujourd&rsquo;hui\u00a0\u00bb, estime l&rsquo;actrice, \u00e2g\u00e9e de 49 ans. \u00ab\u00a0C&rsquo;est tr\u00e8s difficile d&rsquo;\u00eatre une personnalit\u00e9 publique. J&rsquo;\u00e9prouve beaucoup de compassion pour les personnes qui vivent leur vie publique et pr\u00e9servent leur vie priv\u00e9e. C&rsquo;est presque impossible aujourd&rsquo;hui, avec tout le monde qui vous d\u00e9shumanise, vous prend en photo comme si vous \u00e9tiez un animal au zoo.\u00a0\u00bb<\/p>\n<p>\u00ab\u00a0J&rsquo;\u00e9tais une personne diff\u00e9rente\u00a0\u00bb<\/p>\n<p class=\"mb-4 text-lg md:leading-8 break-words\">En 2018, dans les colonnes du magazine O, Reese Witherspoon avait d\u00e9j\u00e0 \u00e9voqu\u00e9 cette relation, expliquant avoir \u00e9t\u00e9 victime de violences verbales et psychologiques. \u00ab\u00a0Une ligne a \u00e9t\u00e9 trac\u00e9e dans le sable et elle a \u00e9t\u00e9 franchie, et mon cerveau a tout simplement bascul\u00e9\u00a0\u00bb, expliquait-elle au sujet du moment o\u00f9 elle a d\u00e9cid\u00e9 de partir.<\/p>\n<p class=\"mb-4 text-lg md:leading-8 break-words\">\u00ab\u00a0Je savais que ce serait tr\u00e8s difficile, mais je ne pouvais pas aller plus loin. C&rsquo;\u00e9tait profond et j&rsquo;\u00e9tais jeune, vraiment jeune.\u00a0\u00bb Elle estime aujourd&rsquo;hui ne plus \u00eatre la m\u00eame : \u00ab\u00a0Je n&rsquo;aurais jamais pu \u00eatre la personne que je suis aujourd&rsquo;hui. J&rsquo;\u00e9tais aussi une personne diff\u00e9rente. Cela a chang\u00e9 ma personnalit\u00e9 au niveau cellulaire. Le fait que je me sois affirm\u00e9e. Je suis une personne diff\u00e9rente maintenant, et c&rsquo;est en partie gr\u00e2ce \u00e0 cela que je peux me lever et dire : &lsquo;Oui, j&rsquo;ai de l&rsquo;ambition.&rsquo; Parce que quelqu&rsquo;un a essay\u00e9 de me l&rsquo;enlever.\u00a0\u00bb, avait-elle conclu.<\/p>\n","protected":false},"excerpt":{"rendered":"R\u00e9v\u00e9l\u00e9e \u00e0 l&rsquo;adolescence avec le film \u00ab\u00a0Un \u00e9t\u00e9 en Louisiane\u00a0\u00bb, sorti en 1991, Reese Witherspoon a grandi devant&hellip;\n","protected":false},"author":2,"featured_media":409374,"comment_status":"","ping_status":"","sticky":false,"template":"","format":"standard","meta":{"footnotes":""},"categories":[1359],"tags":[231,58,59,1011,27,17409,54075,31856,973,51798],"class_list":{"0":"post-409373","1":"post","2":"type-post","3":"status-publish","4":"format-standard","5":"has-post-thumbnail","7":"category-people","8":"tag-cerveau","9":"tag-divertissement","10":"tag-entertainment","11":"tag-fr","12":"tag-france","13":"tag-j39ai","14":"tag-jake-gyllenhall","15":"tag-jamie-mccarthy","16":"tag-people","17":"tag-reese-witherspoon"},"share_on_mastodon":{"url":"https:\/\/pubeurope.com\/@fr\/115247799689312372","error":""},"_links":{"self":[{"href":"https:\/\/www.europesays.com\/fr\/wp-json\/wp\/v2\/posts\/409373","targetHints":{"allow":["GET"]}}],"collection":[{"href":"https:\/\/www.europesays.com\/fr\/wp-json\/wp\/v2\/posts"}],"about":[{"href":"https:\/\/www.europesays.com\/fr\/wp-json\/wp\/v2\/types\/post"}],"author":[{"embeddable":true,"href":"https:\/\/www.europesays.com\/fr\/wp-json\/wp\/v2\/users\/2"}],"replies":[{"embeddable":true,"href":"https:\/\/www.europesays.com\/fr\/wp-json\/wp\/v2\/comments?post=409373"}],"version-history":[{"count":0,"href":"https:\/\/www.europesays.com\/fr\/wp-json\/wp\/v2\/posts\/409373\/revisions"}],"wp:featuredmedia":[{"embeddable":true,"href":"https:\/\/www.europesays.com\/fr\/wp-json\/wp\/v2\/media\/409374"}],"wp:attachment":[{"href":"https:\/\/www.europesays.com\/fr\/wp-json\/wp\/v2\/media?parent=409373"}],"wp:term":[{"taxonomy":"category","embeddable":true,"href":"https:\/\/www.europesays.com\/fr\/wp-json\/wp\/v2\/categories?post=409373"},{"taxonomy":"post_tag","embeddable":true,"href":"https:\/\/www.europesays.com\/fr\/wp-json\/wp\/v2\/tags?post=409373"}],"curies":[{"name":"wp","href":"https:\/\/api.w.org\/{rel}","templated":true}]}}