{"id":409387,"date":"2025-09-22T11:57:12","date_gmt":"2025-09-22T11:57:12","guid":{"rendered":"https:\/\/www.europesays.com\/fr\/409387\/"},"modified":"2025-09-22T11:57:12","modified_gmt":"2025-09-22T11:57:12","slug":"ni-marron-ni-kaki-cette-couleur-criarde-simposera-dans-tous-les-magasins-des-octobre","status":"publish","type":"post","link":"https:\/\/www.europesays.com\/fr\/409387\/","title":{"rendered":"Ni marron, ni kaki, cette couleur criarde s&rsquo;imposera dans tous les magasins d\u00e8s octobre"},"content":{"rendered":"<p>\n                Ador\u00e9e par les fashionistas, rejet\u00e9e par les profanes\u00a0: cette couleur ne laisse personne indiff\u00e9rent. Contre toute attente, elle envahit aujourd&rsquo;hui tous nos v\u00eatements.            <\/p>\n<p>Alors que la Fashion Week de Londres bat son plein, dessinant les contours de la mode de demain, les tendances qui font cet Automne-Hiver 2025\u00a0se trouvent d\u00e9j\u00e0 dans les rues et dans les magasins. Pantalons barrel, manteaux et vestes \u00e0 col funnel, imprim\u00e9s carreaux ou\u00a0pois\u2026 Les silhouettes et les imprim\u00e9s qui feront ces prochains mois sont d\u00e9j\u00e0 bien connus des fashionistas. Mais qu&rsquo;en est-il de la palette chromatique\u00a0? Quelles couleurs envahiront les v\u00eatements expos\u00e9s dans les vitrines et vendus en boutique\u00a0? Outre les teintes classiques\u00a0&#8211; beige, marron, noir -, r\u00e9currences automnales qui se t\u00e9l\u00e9portent saison apr\u00e8s saison\u00a0dans le dressing des filles branch\u00e9es, quelques couleurs originales font une perc\u00e9e inattendue cette ann\u00e9e.<\/p>\n<p>Et cette couleur chatoyante, synonyme de vitalit\u00e9, s&rsquo;immisce \u00e0 un moment o\u00f9 personne ne l&rsquo;attendait\u2026 En effet, ces derniers temps, le paysage colorim\u00e9trique \u00e9tait fait de sobri\u00e9t\u00e9 &#8211; en t\u00e9moignent\u00a0l&rsquo;apog\u00e9e du style \u00ab\u00a0Quiet Luxury\u00a0\u00bb ou du ph\u00e9nom\u00e8ne de la \u00ab\u00a0Beige Mom\u00a0\u00bb.\u00a0Or, selon\u00a0TagWalk, cette couleur criarde\u00a0a\u00a0enregistr\u00e9 une hausse de 93% par rapport aux d\u00e9fil\u00e9s de la saison pass\u00e9e (Automne-Hiver 2024).<\/p>\n<p>Inspir\u00e9e d&rsquo;une liqueur fran\u00e7aise fabriqu\u00e9e par des moines, la couleur en question prend le nom de cet alcool d\u00e8s\u00a0la fin du 19e si\u00e8cle. Vous l&rsquo;aurez compris, il s&rsquo;agit du \u00ab\u00a0vert chartreuse\u00a0\u00bb, aussi appel\u00e9\u00a0\u00ab\u00a0chartreuse\u00a0\u00bb. Optimiste et audacieuse, ladite couleur\u00a0conna\u00eet ses heures de gloire durant les ann\u00e9es 20 puis\u00a02000.<\/p>\n<p><img decoding=\"async\" alt=\"\" src=\"https:\/\/www.europesays.com\/fr\/wp-content\/uploads\/2025\/09\/40047520.jpg\"\/><br \/>\n\u00a9\u00a0Splash News\/ABACA<\/p>\n<p>A mi-chemin entre le jaune et le vert fluo, elle est difficile \u00e0 porter, m\u00eame pour les modeuses pass\u00e9es pro dans l&rsquo;art de jongler avec les couleurs. Mais\u00a0associ\u00e9e avec les coloris qu&rsquo;il faut, le vert chartreuse\u00a0peut apporter la touche de pep&rsquo;s\u00a0qu&rsquo;il manque\u00a0\u00e0 un look monotone d&rsquo;automne. Pour cela, plusieurs options : les plus discr\u00e8tes choisiront de l&rsquo;associer\u00a0avec un\u00a0gris anthracite, un\u00a0marron profond ou encore un\u00a0bleu marine. Les plus audacieuses pourront partir sur des compositions stylistiques\u00a0avec du\u00a0rouge bordeaux, du\u00a0lilas, du\u00a0violet \u00ab\u00a0Emerson\u00a0\u00bb encore du fuchsia.<\/p>\n<p>Des maisons de renom comme Casablanca,\u00a0Gucci, Zomer l&rsquo;ont\u00a0int\u00e9gr\u00e9e dans leurs collections. Les labels de pr\u00eat-\u00e0-porter\u00a0comme Zara font \u00e9galement\u00a0leurs propres propositions.<\/p>\n<p>D&rsquo;ailleurs,\u00a0si l&rsquo;on en croit les d\u00e9fil\u00e9s Printemps-\u00c9t\u00e9 2026, il y a fort \u00e0 parier pour qu&rsquo;on la retrouve m\u00eame apr\u00e8s cet hiver : la chartreuse s&rsquo;est ainsi invit\u00e9e sur les runways de Louis Vuitton, Saint-Laurent, ou encore Balmain. Alors rendez-vous\u00a0l&rsquo;an prochain pour voir si cette vitalit\u00e9 sera encore dans notre quotidien.<\/p>\n","protected":false},"excerpt":{"rendered":"Ador\u00e9e par les fashionistas, rejet\u00e9e par les profanes\u00a0: cette couleur ne laisse personne indiff\u00e9rent. Contre toute attente, elle&hellip;\n","protected":false},"author":2,"featured_media":409388,"comment_status":"","ping_status":"","sticky":false,"template":"","format":"standard","meta":{"footnotes":""},"categories":[8],"tags":[54076,51761,58,59,51763,1011,27,51766,54077,51767],"class_list":{"0":"post-409387","1":"post","2":"type-post","3":"status-publish","4":"format-standard","5":"has-post-thumbnail","7":"category-divertissement","8":"tag-cms-journaldesfemmes-3242060","9":"tag-controller-content","10":"tag-divertissement","11":"tag-entertainment","12":"tag-format-papier","13":"tag-fr","14":"tag-france","15":"tag-les-histoires-du-jdf","16":"tag-magazine-mode","17":"tag-parallaxeinfeed"},"share_on_mastodon":{"url":"https:\/\/pubeurope.com\/@fr\/115247831635548684","error":""},"_links":{"self":[{"href":"https:\/\/www.europesays.com\/fr\/wp-json\/wp\/v2\/posts\/409387","targetHints":{"allow":["GET"]}}],"collection":[{"href":"https:\/\/www.europesays.com\/fr\/wp-json\/wp\/v2\/posts"}],"about":[{"href":"https:\/\/www.europesays.com\/fr\/wp-json\/wp\/v2\/types\/post"}],"author":[{"embeddable":true,"href":"https:\/\/www.europesays.com\/fr\/wp-json\/wp\/v2\/users\/2"}],"replies":[{"embeddable":true,"href":"https:\/\/www.europesays.com\/fr\/wp-json\/wp\/v2\/comments?post=409387"}],"version-history":[{"count":0,"href":"https:\/\/www.europesays.com\/fr\/wp-json\/wp\/v2\/posts\/409387\/revisions"}],"wp:featuredmedia":[{"embeddable":true,"href":"https:\/\/www.europesays.com\/fr\/wp-json\/wp\/v2\/media\/409388"}],"wp:attachment":[{"href":"https:\/\/www.europesays.com\/fr\/wp-json\/wp\/v2\/media?parent=409387"}],"wp:term":[{"taxonomy":"category","embeddable":true,"href":"https:\/\/www.europesays.com\/fr\/wp-json\/wp\/v2\/categories?post=409387"},{"taxonomy":"post_tag","embeddable":true,"href":"https:\/\/www.europesays.com\/fr\/wp-json\/wp\/v2\/tags?post=409387"}],"curies":[{"name":"wp","href":"https:\/\/api.w.org\/{rel}","templated":true}]}}