{"id":409400,"date":"2025-09-22T12:04:11","date_gmt":"2025-09-22T12:04:11","guid":{"rendered":"https:\/\/www.europesays.com\/fr\/409400\/"},"modified":"2025-09-22T12:04:11","modified_gmt":"2025-09-22T12:04:11","slug":"un-automobiliste-flashe-a-plus-de-100-km-h-en-pleine-ville","status":"publish","type":"post","link":"https:\/\/www.europesays.com\/fr\/409400\/","title":{"rendered":"Un automobiliste flash\u00e9 \u00e0 plus de 100 km\/h en pleine ville"},"content":{"rendered":"<p>Dans la matin\u00e9e du vendredi 19\u00a0septembre, les motards de la Brigade motocycliste urbaine (BMU) de la police nationale de la <a href=\"https:\/\/www.20minutes.fr\/dossier\/loire\" class=\"c-link c-link--is-underlined\" target=\"_blank\" rel=\"noopener\">Loire<\/a> ont proc\u00e9d\u00e9 \u00e0 l\u2019interception d\u2019un conducteur particuli\u00e8rement imprudent \u00e0 <a href=\"https:\/\/www.20minutes.fr\/dossier\/saint-etienne\" class=\"c-link c-link--is-underlined\" target=\"_blank\" rel=\"noopener\">Saint-\u00c9tienne<\/a>, rapporte <a href=\"https:\/\/actu.fr\/auvergne-rhone-alpes\/saint-etienne_42218\/saint-etienne-un-fou-du-volant-flashe-en-ville-a-100-km-h-dans-ce-secteur_63187392.html\" target=\"_blank\" class=\"c-link c-link--is-underlined\" rel=\"noopener\">Actu Saint-\u00c9tienne<\/a>.<\/p>\n<p>L\u2019incident s\u2019est d\u00e9roul\u00e9 en plein centre-ville, sur un axe tr\u00e8s fr\u00e9quent\u00e9 entre le boulevard Vernay-Carron et la rue Thiers. Un automobiliste de 31 ans a \u00e9t\u00e9 contr\u00f4l\u00e9 \u00e0 102 km\/h (vitesse retenue 96 km\/h) sur un tron\u00e7on pourtant limit\u00e9 \u00e0 50 km\/h.<\/p>\n<p>Permis confisqu\u00e9 et amende re\u00e7ue<\/p>\n<p>Cons\u00e9quence imm\u00e9diate de cette infraction, le permis de conduire du contrevenant a \u00e9t\u00e9 saisi par les forces de l\u2019ordre sur place. L\u2019automobiliste a \u00e9galement \u00e9cop\u00e9 d\u2019une amende forfaitaire de 135 euros, <a href=\"https:\/\/www.20minutes.fr\/dossier\/exces_de_vitesse\" class=\"c-link c-link--is-underlined\" target=\"_blank\" rel=\"noopener\">l\u2019exc\u00e8s de vitesse<\/a> \u00e9tant compris entre 40 et 50 km\/h, ce qui constitue une infraction de 4e cat\u00e9gorie.<\/p>\n<\/p>\n<p>Par ailleurs, le v\u00e9hicule a quant \u00e0 lui \u00e9t\u00e9 r\u00e9cup\u00e9r\u00e9 par un membre de sa famille, pr\u00e9cise la police locale. Une infraction qui s\u2019ach\u00e8ve sans bless\u00e9, alors qu\u2019ao\u00fbt\u00a02025 a \u00e9t\u00e9 particuli\u00e8rement meurtrier sur les routes fran\u00e7aises. Selon la S\u00e9curit\u00e9 routi\u00e8re, 341 personnes y ont perdu la vie, soit 51 de plus qu\u2019en\u00a02024 (+\u00a018\u00a0%). Il s\u2019agit du mois d\u2019ao\u00fbt le plus meurtrier depuis quatorze ans.<\/p>\n","protected":false},"excerpt":{"rendered":"Dans la matin\u00e9e du vendredi 19\u00a0septembre, les motards de la Brigade motocycliste urbaine (BMU) de la police nationale&hellip;\n","protected":false},"author":2,"featured_media":409401,"comment_status":"","ping_status":"","sticky":false,"template":"","format":"standard","meta":{"footnotes":""},"categories":[9653],"tags":[1111,47,11,2430,1777,674,5915,118,1011,27,3367,12,25,2431,4001],"class_list":{"0":"post-409400","1":"post","2":"type-post","3":"status-publish","4":"format-standard","5":"has-post-thumbnail","7":"category-saint-etienne","8":"tag-actu","9":"tag-actualite","10":"tag-actualites","11":"tag-auvergne-rhone-alpes","12":"tag-eu","13":"tag-europe","14":"tag-exces-de-vitesse","15":"tag-faits-divers","16":"tag-fr","17":"tag-france","18":"tag-loire","19":"tag-news","20":"tag-republique-francaise","21":"tag-rhone-alpes","22":"tag-saint-etienne"},"share_on_mastodon":{"url":"https:\/\/pubeurope.com\/@fr\/115247858711397041","error":""},"_links":{"self":[{"href":"https:\/\/www.europesays.com\/fr\/wp-json\/wp\/v2\/posts\/409400","targetHints":{"allow":["GET"]}}],"collection":[{"href":"https:\/\/www.europesays.com\/fr\/wp-json\/wp\/v2\/posts"}],"about":[{"href":"https:\/\/www.europesays.com\/fr\/wp-json\/wp\/v2\/types\/post"}],"author":[{"embeddable":true,"href":"https:\/\/www.europesays.com\/fr\/wp-json\/wp\/v2\/users\/2"}],"replies":[{"embeddable":true,"href":"https:\/\/www.europesays.com\/fr\/wp-json\/wp\/v2\/comments?post=409400"}],"version-history":[{"count":0,"href":"https:\/\/www.europesays.com\/fr\/wp-json\/wp\/v2\/posts\/409400\/revisions"}],"wp:featuredmedia":[{"embeddable":true,"href":"https:\/\/www.europesays.com\/fr\/wp-json\/wp\/v2\/media\/409401"}],"wp:attachment":[{"href":"https:\/\/www.europesays.com\/fr\/wp-json\/wp\/v2\/media?parent=409400"}],"wp:term":[{"taxonomy":"category","embeddable":true,"href":"https:\/\/www.europesays.com\/fr\/wp-json\/wp\/v2\/categories?post=409400"},{"taxonomy":"post_tag","embeddable":true,"href":"https:\/\/www.europesays.com\/fr\/wp-json\/wp\/v2\/tags?post=409400"}],"curies":[{"name":"wp","href":"https:\/\/api.w.org\/{rel}","templated":true}]}}