{"id":409416,"date":"2025-09-22T12:13:15","date_gmt":"2025-09-22T12:13:15","guid":{"rendered":"https:\/\/www.europesays.com\/fr\/409416\/"},"modified":"2025-09-22T12:13:15","modified_gmt":"2025-09-22T12:13:15","slug":"la-veille-du-vote-lucille-lheureux-avait-contre-attaque","status":"publish","type":"post","link":"https:\/\/www.europesays.com\/fr\/409416\/","title":{"rendered":"la veille du vote, Lucille Lheureux avait contre-attaqu\u00e9"},"content":{"rendered":"<p>C\u2019est un communiqu\u00e9 qui dit beaucoup de l\u2019ambiance assez d\u00e9l\u00e9t\u00e8re qui r\u00e8gne \u00e0 l\u2019heure de la succession d\u2019<a href=\"https:\/\/www.ledauphine.com\/p\/eric-piolle\" target=\"_blank\" rel=\"noopener\">\u00c9ric Piolle<\/a>. \u00ab\u00a0Il veut que je m\u2019efface, mais moi je reste debout\u00a0\u00bb avait d\u00e9j\u00e0 soulign\u00e9 <a href=\"https:\/\/www.ledauphine.com\/elections\/2025\/09\/05\/eric-piolle-veut-que-je-m-efface-mais-moi-je-suis-une-grenobloise-je-reste-debout-lucille-lheureux-donne-sa-version\" target=\"_blank\" rel=\"noopener\">l\u2019adjointe Lucille Lheureux d\u00e9but septembre<\/a>, apr\u00e8s avoir d\u00e9nonc\u00e9 aupr\u00e8s des instances nationales du parti Les \u00c9cologistes \u00ab les pressions \u00bb qu\u2019elle assurait avoir subies.\u00a0<\/p>\n<p>\u00ab\u00a0La d\u00e9mocratie ne peut se r\u00e9sumer au vote\u00a0\u00bb<\/p>\n<p>Si,\u00a0apr\u00e8s le vote de ce dimanche soir qui a d\u00e9sign\u00e9 Laurence Ruffin comme t\u00eate de liste, Lucille Lheureux a choisi de ne pas r\u00e9agir,\u00a0l\u2019adjointe aux cultures s\u2019\u00e9tait exprim\u00e9e la veille dans un communiqu\u00e9 adress\u00e9 aux militants. Elle y contestait le processus en cours : \u00ab Je r\u00e9fute le processus en cours. Je ne me r\u00e9signe ni \u00e0 retirer ma candidature ni \u00e0 accepter en silence que le processus se d\u00e9roule imperturbablement [\u2026] Je n\u2019ai peur de rien car je ne d\u00e9pends de personne [\u2026] je suis d\u00e9termin\u00e9e, je dis, je d\u00e9nonce [\u2026] Oui, je reste encore et toujours candidate, une candidate du parti Les \u00c9cologistes, pour conduire notre liste. \u00bb<\/p>\n<p>Le mode de scrutin interne \u00e0 cette partie de la gauche n\u2019a visiblement pas convaincu, du tout, l\u2019actuelle adjointe aux cultures : \u00ab La d\u00e9mocratie ne peut se r\u00e9sumer au vote. C\u2019est aussi l\u2019exercice des libert\u00e9s. Pour les candidats, comme pour les \u00e9lecteurs et les \u00e9lectrices. Un vote sain, sans pressions, sans diffamation\u2026 Un vote o\u00f9 l\u2019expression libre, l\u2019int\u00e9grit\u00e9 et la s\u00e9curit\u00e9 des candidats sont garanties. \u00bb\u00a0Avant d&rsquo;insister : \u00ab Ce vote, et plus largement les deux semaines qui le pr\u00e9c\u00e8dent, ne ressemble pas \u00e0 ce que nous devrions faire, \u00e0 ce que nous devrions \u00eatre. On ne construit rien de grand sur un socle aussi friable. Nos partis, et plus largement notre famille politique, de gauche, \u00e9cologiste, antisexiste, antiraciste, d\u00e9coloniale\u2026 ont le devoir de regarder en face ce qu\u2019elle produit. \u00bb<\/p>\n<p>  \u00ab\u00a0On ne peut d\u00e9marrer une campagne joyeuse et puissante sur de la violence, du sexisme\u00a0\u00bb<\/p>\n<p>Et elle poursuivait sur le m\u00eame ton : \u00ab On ne peut d\u00e9marrer une campagne joyeuse et puissante sur de la violence, du sexisme, en ignorant et contournant les droits des militants, en occultant les mesures n\u00e9cessaires \u00e0 la pr\u00e9servation de la sant\u00e9 et de l\u2019int\u00e9grit\u00e9 des candidats. \u00bb<\/p>\n<p>48 heures apr\u00e8s la nomination <a href=\"https:\/\/www.ledauphine.com\/elections\/2025\/09\/20\/les-insoumis-auront-une-liste-autonome-menee-par-allan-brunon-il-faut-de-la-radicalite\" target=\"_blank\" rel=\"noopener\"> d\u2019Allan Brunon comme t\u00eate de liste LFI,<\/a> pendant que le PS et d\u2019autres collectifs partent \u00e9galement de leur c\u00f4t\u00e9, la gauche s\u2019avance pour l\u2019instant en ordre dispers\u00e9 fa\u00e7on puzzle.<\/p>\n","protected":false},"excerpt":{"rendered":"C\u2019est un communiqu\u00e9 qui dit beaucoup de l\u2019ambiance assez d\u00e9l\u00e9t\u00e8re qui r\u00e8gne \u00e0 l\u2019heure de la succession d\u2019\u00c9ric&hellip;\n","protected":false},"author":2,"featured_media":409417,"comment_status":"","ping_status":"","sticky":false,"template":"","format":"standard","meta":{"footnotes":""},"categories":[9566],"tags":[1111,11,2430,112,4188,1777,674,107,1011,27,2731,2732,108,3539,12,316,25],"class_list":{"0":"post-409416","1":"post","2":"type-post","3":"status-publish","4":"format-standard","5":"has-post-thumbnail","7":"category-grenoble","8":"tag-actu","9":"tag-actualites","10":"tag-auvergne-rhone-alpes","11":"tag-edition-grenoble-agglomeration","12":"tag-elections-municipales","13":"tag-eu","14":"tag-europe","15":"tag-fil-info","16":"tag-fr","17":"tag-france","18":"tag-grenoble","19":"tag-grenoble-bassin","20":"tag-isere","21":"tag-les-ecologistes","22":"tag-news","23":"tag-politique","24":"tag-republique-francaise"},"share_on_mastodon":{"url":"https:\/\/pubeurope.com\/@fr\/115247894295579633","error":""},"_links":{"self":[{"href":"https:\/\/www.europesays.com\/fr\/wp-json\/wp\/v2\/posts\/409416","targetHints":{"allow":["GET"]}}],"collection":[{"href":"https:\/\/www.europesays.com\/fr\/wp-json\/wp\/v2\/posts"}],"about":[{"href":"https:\/\/www.europesays.com\/fr\/wp-json\/wp\/v2\/types\/post"}],"author":[{"embeddable":true,"href":"https:\/\/www.europesays.com\/fr\/wp-json\/wp\/v2\/users\/2"}],"replies":[{"embeddable":true,"href":"https:\/\/www.europesays.com\/fr\/wp-json\/wp\/v2\/comments?post=409416"}],"version-history":[{"count":0,"href":"https:\/\/www.europesays.com\/fr\/wp-json\/wp\/v2\/posts\/409416\/revisions"}],"wp:featuredmedia":[{"embeddable":true,"href":"https:\/\/www.europesays.com\/fr\/wp-json\/wp\/v2\/media\/409417"}],"wp:attachment":[{"href":"https:\/\/www.europesays.com\/fr\/wp-json\/wp\/v2\/media?parent=409416"}],"wp:term":[{"taxonomy":"category","embeddable":true,"href":"https:\/\/www.europesays.com\/fr\/wp-json\/wp\/v2\/categories?post=409416"},{"taxonomy":"post_tag","embeddable":true,"href":"https:\/\/www.europesays.com\/fr\/wp-json\/wp\/v2\/tags?post=409416"}],"curies":[{"name":"wp","href":"https:\/\/api.w.org\/{rel}","templated":true}]}}