{"id":409418,"date":"2025-09-22T12:14:15","date_gmt":"2025-09-22T12:14:15","guid":{"rendered":"https:\/\/www.europesays.com\/fr\/409418\/"},"modified":"2025-09-22T12:14:15","modified_gmt":"2025-09-22T12:14:15","slug":"laurence-ruffin-la-soeur-de-francois-sera-candidate-ecolo-a-la-mairie-de-grenoble","status":"publish","type":"post","link":"https:\/\/www.europesays.com\/fr\/409418\/","title":{"rendered":"Laurence Ruffin, la s\u0153ur de Fran\u00e7ois, sera candidate \u00e9colo \u00e0 la mairie de Grenoble"},"content":{"rendered":"<p class=\"mb-4 text-lg md:leading-8 break-words\"><strong>Casting &#8211; Le maire actuel de Grenoble, \u00c9ric Piolle, au c\u0153ur d\u2019une temp\u00eate judiciaire et politique, ne se repr\u00e9sente pas<\/strong><\/p>\n<p class=\"mb-4 text-lg md:leading-8 break-words\">La politique est parfois une affaire de famille. Laurence Ruffin, cheffe d\u2019entreprise et s\u0153ur du <a href=\"https:\/\/www.20minutes.fr\/dossier\/francois-ruffin?at_medium=RSS%20feed&amp;at_campaign=ynews&amp;utm_source=yahoo&amp;utm_medium=rss&amp;utm_campaign=news_feed&amp;utm_content=in_article_link\" rel=\"nofollow noopener\" target=\"_blank\" data-ylk=\"slk:d\u00e9put\u00e9 Fran\u00e7ois Ruffin;elm:context_link;itc:0;sec:content-canvas\" class=\"link \">d\u00e9put\u00e9 Fran\u00e7ois Ruffin<\/a>, sera la candidate des \u00e9cologistes et de plusieurs partis de gauche \u00e0 la mairie de <a href=\"https:\/\/www.20minutes.fr\/grenoble\/?at_medium=RSS%20feed&amp;at_campaign=ynews&amp;utm_source=yahoo&amp;utm_medium=rss&amp;utm_campaign=news_feed&amp;utm_content=in_article_link\" rel=\"nofollow noopener\" target=\"_blank\" data-ylk=\"slk:Grenoble;elm:context_link;itc:0;sec:content-canvas\" class=\"link \">Grenoble<\/a> \u00e0 l\u2019occasion des <a href=\"https:\/\/www.20minutes.fr\/municipales\/?at_medium=RSS%20feed&amp;at_campaign=ynews&amp;utm_source=yahoo&amp;utm_medium=rss&amp;utm_campaign=news_feed&amp;utm_content=in_article_link\" rel=\"nofollow noopener\" target=\"_blank\" data-ylk=\"slk:\u00e9lections municipales de\u00a02026;elm:context_link;itc:0;sec:content-canvas\" class=\"link \">\u00e9lections municipales de\u00a02026<\/a>. La quadrag\u00e9naire a \u00ab\u00a0\u00e9t\u00e9 d\u00e9sign\u00e9e t\u00eate de liste par les militant\u00b7es de notre rassemblement des gauches, des \u00e9cologistes et des citoyen\u00b7nes\u00a0\u00bb, soulignent dans un communiqu\u00e9 les <a href=\"https:\/\/www.20minutes.fr\/politique\/eelv\/?at_medium=RSS%20feed&amp;at_campaign=ynews&amp;utm_source=yahoo&amp;utm_medium=rss&amp;utm_campaign=news_feed&amp;utm_content=in_article_link\" rel=\"nofollow noopener\" target=\"_blank\" data-ylk=\"slk:\u00c9cologistes;elm:context_link;itc:0;sec:content-canvas\" class=\"link \">\u00c9cologistes<\/a> et les partis qui les soutiennent dont le <a href=\"https:\/\/www.20minutes.fr\/politique\/pcf\/?at_medium=RSS%20feed&amp;at_campaign=ynews&amp;utm_source=yahoo&amp;utm_medium=rss&amp;utm_campaign=news_feed&amp;utm_content=in_article_link\" rel=\"nofollow noopener\" target=\"_blank\" data-ylk=\"slk:PCF;elm:context_link;itc:0;sec:content-canvas\" class=\"link \">PCF<\/a> ou G\u00e9n\u00e9ration\u00b7s.<\/p>\n<p class=\"mb-4 text-lg md:leading-8 break-words\">\u00c2g\u00e9e de 47 ans, mari\u00e9e et m\u00e8re de deux enfants, Laurence Ruffin est dipl\u00f4m\u00e9e de l\u2019\u00e9cole de commerce Essec et s\u2019est install\u00e9e dans la r\u00e9gion grenobloise en\u00a02003. Depuis\u00a02009, elle dirige Alma, une Scop \u00e9ditrice de logiciels, dont elle a quitt\u00e9 courant 2025 la direction g\u00e9n\u00e9rale pour en rester pr\u00e9sidente. Elle n\u2019est affili\u00e9e ni aux \u00c9cologistes ni \u00e0 aucun parti politique.<\/p>\n<p class=\"mb-4 text-lg md:leading-8 break-words\">\u00ab\u00a0J\u2019\u00e9prouve une grande \u00e9motion et une profonde gratitude \u00e0 l\u2019annonce de ma d\u00e9signation [\u2026] Je suis enthousiaste, et je mesure pleinement l\u2019honneur, la responsabilit\u00e9 et l\u2019exigence que cela repr\u00e9sente\u00a0\u00bb, a-t-elle d\u00e9clar\u00e9.<\/p>\n<p>\u00ab\u00a0Pressions\u00a0\u00bb et \u00ab\u00a0intimidations\u00a0\u00bb<\/p>\n<p class=\"mb-4 text-lg md:leading-8 break-words\">Le vote l\u2019opposait \u00e0 Lucille Lheureux (Les \u00c9cologistes), adjointe d\u2019\u00c9ric Piolle depuis son premier mandat en\u00a02014. Mais la d\u00e9signation est intervenue dans un contexte tendu. Selon des r\u00e9v\u00e9lations du Dauphin\u00e9 Lib\u00e9r\u00e9, l\u2019adjointe aurait subi des \u00ab\u00a0pressions\u00a0\u00bb et des \u00ab\u00a0intimidations\u00a0\u00bb de la part de l\u2019actuel maire de Grenoble, qui ne se repr\u00e9sente pas, pour re(&#8230;)<\/p>\n<p class=\"mb-4 text-lg md:leading-8 break-words\"><a href=\"https:\/\/www.20minutes.fr\/politique\/4174502-20250922-municipales-2026-laurence-ruffin-ur-francois-candidate-ecolo-mairie-grenoble?at_medium=RSS%20feed&amp;at_campaign=ynews&amp;utm_source=yahoo&amp;utm_medium=rss&amp;utm_campaign=news_feed&amp;utm_content=read_more_link&quot;\" rel=\"nofollow noopener\" target=\"_blank\" data-ylk=\"slk:Lire la suite sur 20minutes;elm:context_link;itc:0;sec:content-canvas\" class=\"link \">Lire la suite sur 20minutes<\/a><\/p>\n<p>\u00c0 lire aussi :<br \/><a href=\"https:\/\/www.20minutes.fr\/politique\/4134170-20250117-municipales-2026-depute-lfi-francois-piquemal-brigue-mairie-toulouse?at_medium=RSS%20feed&amp;at_campaign=ynews&amp;utm_source=yahoo&amp;utm_medium=rss&amp;utm_campaign=news_feed&amp;utm_content=related_content_link\" rel=\"nofollow noopener\" target=\"_blank\" data-ylk=\"slk:Municipales\u00a02026\u00a0: Le d\u00e9put\u00e9 LFI Fran\u00e7ois Piquemal brigue la mairie de Toulouse;elm:context_link;itc:0;sec:content-canvas\" class=\"link \">Municipales\u00a02026\u00a0: Le d\u00e9put\u00e9 LFI Fran\u00e7ois Piquemal brigue la mairie de Toulouse<\/a><br \/><a href=\"https:\/\/www.20minutes.fr\/politique\/4173690-20250917-municipales-2026-bordeaux-economiste-philippe-dessertine-officialise-candidature-course-mairie?at_medium=RSS%20feed&amp;at_campaign=ynews&amp;utm_source=yahoo&amp;utm_medium=rss&amp;utm_campaign=news_feed&amp;utm_content=related_content_link\" rel=\"nofollow noopener\" target=\"_blank\" data-ylk=\"slk:Municipales\u00a02026 \u00e0 Bordeaux\u00a0: L\u2019\u00e9conomiste Philippe Dessertine officialise sa candidature dans la course \u00e0 la mairie;elm:context_link;itc:0;sec:content-canvas\" class=\"link \">Municipales\u00a02026 \u00e0 Bordeaux\u00a0: L\u2019\u00e9conomiste Philippe Dessertine officialise sa candidature dans la course \u00e0 la mairie<\/a><\/p>\n","protected":false},"excerpt":{"rendered":"Casting &#8211; Le maire actuel de Grenoble, \u00c9ric Piolle, au c\u0153ur d\u2019une temp\u00eate judiciaire et politique, ne se&hellip;\n","protected":false},"author":2,"featured_media":409419,"comment_status":"","ping_status":"","sticky":false,"template":"","format":"standard","meta":{"footnotes":""},"categories":[9566],"tags":[1111,11,2430,1777,674,1011,27,4483,2731,10136,54078,12,16950,4525,25],"class_list":{"0":"post-409418","1":"post","2":"type-post","3":"status-publish","4":"format-standard","5":"has-post-thumbnail","7":"category-grenoble","8":"tag-actu","9":"tag-actualites","10":"tag-auvergne-rhone-alpes","11":"tag-eu","12":"tag-europe","13":"tag-fr","14":"tag-france","15":"tag-francois-ruffin","16":"tag-grenoble","17":"tag-laurence-ruffin","18":"tag-maire-de-grenoble","19":"tag-news","20":"tag-parti-politique","21":"tag-partis-de-gauche","22":"tag-republique-francaise"},"share_on_mastodon":{"url":"https:\/\/pubeurope.com\/@fr\/115247898098615064","error":""},"_links":{"self":[{"href":"https:\/\/www.europesays.com\/fr\/wp-json\/wp\/v2\/posts\/409418","targetHints":{"allow":["GET"]}}],"collection":[{"href":"https:\/\/www.europesays.com\/fr\/wp-json\/wp\/v2\/posts"}],"about":[{"href":"https:\/\/www.europesays.com\/fr\/wp-json\/wp\/v2\/types\/post"}],"author":[{"embeddable":true,"href":"https:\/\/www.europesays.com\/fr\/wp-json\/wp\/v2\/users\/2"}],"replies":[{"embeddable":true,"href":"https:\/\/www.europesays.com\/fr\/wp-json\/wp\/v2\/comments?post=409418"}],"version-history":[{"count":0,"href":"https:\/\/www.europesays.com\/fr\/wp-json\/wp\/v2\/posts\/409418\/revisions"}],"wp:featuredmedia":[{"embeddable":true,"href":"https:\/\/www.europesays.com\/fr\/wp-json\/wp\/v2\/media\/409419"}],"wp:attachment":[{"href":"https:\/\/www.europesays.com\/fr\/wp-json\/wp\/v2\/media?parent=409418"}],"wp:term":[{"taxonomy":"category","embeddable":true,"href":"https:\/\/www.europesays.com\/fr\/wp-json\/wp\/v2\/categories?post=409418"},{"taxonomy":"post_tag","embeddable":true,"href":"https:\/\/www.europesays.com\/fr\/wp-json\/wp\/v2\/tags?post=409418"}],"curies":[{"name":"wp","href":"https:\/\/api.w.org\/{rel}","templated":true}]}}