{"id":409420,"date":"2025-09-22T12:15:15","date_gmt":"2025-09-22T12:15:15","guid":{"rendered":"https:\/\/www.europesays.com\/fr\/409420\/"},"modified":"2025-09-22T12:15:15","modified_gmt":"2025-09-22T12:15:15","slug":"un-ado-de-14-ans-reconnait-le-viol-en-pleine-rue-dune-femme-de-24-ans","status":"publish","type":"post","link":"https:\/\/www.europesays.com\/fr\/409420\/","title":{"rendered":"Un ado de 14 ans reconna\u00eet le viol en pleine rue d\u2019une femme de 24 ans"},"content":{"rendered":"<p>Une nuit d\u2019horreur et un v\u00e9ritable calvaire. Dans la nuit du 13\u00a0septembre, une femme a \u00e9t\u00e9 victime d\u2019un viol en pleine rue alors qu\u2019elle rentrait chez elle \u00e0 pied, \u00e0 <a href=\"https:\/\/www.20minutes.fr\/rennes\/\" class=\"c-link c-link--is-underlined\" target=\"_blank\" rel=\"noopener\">Rennes <\/a>(Ille-et-Vilaine). D\u2019apr\u00e8s le procureur de la R\u00e9publique Fr\u00e9d\u00e9ric Teillet, la jeune femme avait pass\u00e9 la soir\u00e9e en ville et regagnait son domicile. L\u2019auteur des faits \u00e9tait muni d\u2019une arme de poing et aurait \u00e9t\u00e9 menac\u00e9e avec, a appris 20 Minutes aupr\u00e8s du parquet. Les faits auraient \u00e9t\u00e9 commis dans le quartier du Blosne, selon <a href=\"https:\/\/www.ouest-france.fr\/societe\/faits-divers\/viol-sous-la-menace-dune-arme-dans-les-rues-de-rennes-un-suspect-de-14-ans-mis-en-examen-61ee5d6c-96d0-11f0-87cf-e619b6e4aa34\" rel=\"nofollow noopener\" target=\"_blank\" class=\"c-link c-link--is-underlined\">nos confr\u00e8res de Ouest-France<\/a>, qui ont r\u00e9v\u00e9l\u00e9 l\u2019affaire.<\/p>\n<p>La femme, \u00e2g\u00e9e de 24 ans, s\u2019\u00e9tait ensuite rendue au commissariat de Rennes pour d\u00e9poser plainte. Elle a alors d\u00e9crit les atrocit\u00e9s subies aux enqu\u00eateurs. Elle a expliqu\u00e9 qu\u2019apr\u00e8s <a href=\"https:\/\/www.20minutes.fr\/dossier\/viol\" class=\"c-link c-link--is-underlined\" target=\"_blank\" rel=\"noopener\">le viol<\/a>, elle avait d\u00fb remettre l\u2019argent qu\u2019elle avait avec elle \u00e0 son agresseur. L\u2019enqu\u00eate a \u00e9t\u00e9 confi\u00e9e \u00e0 la division de la criminalit\u00e9 territoriale (DCT) et a rapidement d\u00e9bouch\u00e9 sur l\u2019interpellation d\u2019un suspect le 18\u00a0septembre.<\/p>\n<p>Retrouv\u00e9 gr\u00e2ce \u00e0 son ADN<\/p>\n<p>Confondu par son ADN, le suspect est un adolescent de 14 ans, d\u00e9j\u00e0 connu des services judiciaires. A son domicile, les policiers ont d\u00e9couvert plusieurs armes \u00e0 feu, des munitions, ainsi que les v\u00eatements port\u00e9s lors des faits. Pendant sa garde \u00e0 vue, l\u2019adolescent a pourtant ni\u00e9 le viol, avant de le reconna\u00eetre lors de sa derni\u00e8re audition.<\/p>\n<\/p>\n<p>Il a \u00e9t\u00e9 pr\u00e9sent\u00e9 \u00e0 un juge d\u2019instruction et mis en examen pour \u00ab\u00a0viol commis sous la menace d\u2019une arme\u00a0\u00bb, \u00ab\u00a0extorsion commise avec une arme\u00a0\u00bb et \u00ab\u00a0d\u00e9tention d\u2019arme et de munitions\u00a0\u00bb. Il a \u00e9t\u00e9 plac\u00e9 en d\u00e9tention provisoire.<\/p>\n","protected":false},"excerpt":{"rendered":"Une nuit d\u2019horreur et un v\u00e9ritable calvaire. Dans la nuit du 13\u00a0septembre, une femme a \u00e9t\u00e9 victime d\u2019un&hellip;\n","protected":false},"author":2,"featured_media":409421,"comment_status":"","ping_status":"","sticky":false,"template":"","format":"standard","meta":{"footnotes":""},"categories":[2821],"tags":[1111,47,11,846,1084,1267,6376,829,1067,1777,674,118,1011,27,848,12,584,25,1265],"class_list":{"0":"post-409420","1":"post","2":"type-post","3":"status-publish","4":"format-standard","5":"has-post-thumbnail","7":"category-rennes","8":"tag-actu","9":"tag-actualite","10":"tag-actualites","11":"tag-adn","12":"tag-adolescent","13":"tag-agression-sexuelle","14":"tag-armes","15":"tag-bretagne","16":"tag-enquete","17":"tag-eu","18":"tag-europe","19":"tag-faits-divers","20":"tag-fr","21":"tag-france","22":"tag-ille-et-vilaine","23":"tag-news","24":"tag-rennes","25":"tag-republique-francaise","26":"tag-viol"},"share_on_mastodon":{"url":"https:\/\/pubeurope.com\/@fr\/115247901924644474","error":""},"_links":{"self":[{"href":"https:\/\/www.europesays.com\/fr\/wp-json\/wp\/v2\/posts\/409420","targetHints":{"allow":["GET"]}}],"collection":[{"href":"https:\/\/www.europesays.com\/fr\/wp-json\/wp\/v2\/posts"}],"about":[{"href":"https:\/\/www.europesays.com\/fr\/wp-json\/wp\/v2\/types\/post"}],"author":[{"embeddable":true,"href":"https:\/\/www.europesays.com\/fr\/wp-json\/wp\/v2\/users\/2"}],"replies":[{"embeddable":true,"href":"https:\/\/www.europesays.com\/fr\/wp-json\/wp\/v2\/comments?post=409420"}],"version-history":[{"count":0,"href":"https:\/\/www.europesays.com\/fr\/wp-json\/wp\/v2\/posts\/409420\/revisions"}],"wp:featuredmedia":[{"embeddable":true,"href":"https:\/\/www.europesays.com\/fr\/wp-json\/wp\/v2\/media\/409421"}],"wp:attachment":[{"href":"https:\/\/www.europesays.com\/fr\/wp-json\/wp\/v2\/media?parent=409420"}],"wp:term":[{"taxonomy":"category","embeddable":true,"href":"https:\/\/www.europesays.com\/fr\/wp-json\/wp\/v2\/categories?post=409420"},{"taxonomy":"post_tag","embeddable":true,"href":"https:\/\/www.europesays.com\/fr\/wp-json\/wp\/v2\/tags?post=409420"}],"curies":[{"name":"wp","href":"https:\/\/api.w.org\/{rel}","templated":true}]}}