{"id":409424,"date":"2025-09-22T12:17:38","date_gmt":"2025-09-22T12:17:38","guid":{"rendered":"https:\/\/www.europesays.com\/fr\/409424\/"},"modified":"2025-09-22T12:17:38","modified_gmt":"2025-09-22T12:17:38","slug":"strasbourg-a-luniversite-lantifascisme-convoque-en-commission-de-discipline","status":"publish","type":"post","link":"https:\/\/www.europesays.com\/fr\/409424\/","title":{"rendered":"Strasbourg. \u00c0 l&rsquo;Universit\u00e9, l&rsquo;antifascisme convoqu\u00e9 en commission de discipline"},"content":{"rendered":"<p class=\"wp-block-post-excerpt__excerpt\">Six \u00e9tudiants et \u00e9tudiantes sont convoqu\u00e9s en commission de discipline lundi 22 septembre. L\u2019Universit\u00e9 de Strasbourg sanctionne leurs actions contre l\u2019UNI, un syndicat \u00e9tudiant d\u2019extr\u00eame droite. <\/p>\n<p>Guillaume Krempp<\/p>\n<p>Publi\u00e9 le 22 septembre 2025\u00a0\u00a0\u00b7\u00a0\u00a0<\/p>\n<p>Imprim\u00e9 le 22 septembre 2025 \u00e0 14h17\u00a0\u00a0\u00b7\u00a0\u00a0<\/p>\n<p>Modifi\u00e9 le 22 septembre 2025\u00a0\u00a0\u00b7\u00a0\u00a0<\/p>\n<p>\t\t\t\t\t6\u00a0minutes\n<\/p>\n<p class=\"has-drop-cap\">Les convocations sont arriv\u00e9es au beau milieu de l\u2019\u00e9t\u00e9. Mardi 22 juillet, six \u00e9tudiants et \u00e9tudiantes ont re\u00e7u une lettre de la section disciplinaire de l\u2019Universit\u00e9 de Strasbourg (Unistra). Le courrier les convoque \u00e0 compara\u00eetre le lundi 22 septembre pour plusieurs comportements\u00a0: \u00ab\u00a0tentatives d\u2019intimidation physiques et verbales \u00e0 l\u2019encontre d\u2019autres \u00e9tudiants, injures publiques prof\u00e9r\u00e9es \u00e0 l\u2019encontre de membres de la communaut\u00e9 universitaire, menaces explicites de nature \u00e0 cr\u00e9er un climat d\u2019ins\u00e9curit\u00e9 ainsi que des d\u00e9gradations mat\u00e9rielles\u00a0\u00bb sur des biens de l\u2019Universit\u00e9. Pour Delphine (le pr\u00e9nom a \u00e9t\u00e9 modifi\u00e9), membre du syndicat \u00e9tudiant F\u00e9d\u00e9ration syndicale \u00e9tudiante (FSE) comme trois autres personnes convoqu\u00e9es, ces poursuites constituent une r\u00e9pression sans pr\u00e9c\u00e9dent \u00e0 l\u2019Unistra\u00a0:<\/p>\n<blockquote class=\"wp-block-quote is-layout-flow wp-block-quote-is-layout-flow\">\n<p>\u00ab\u00a0Chaque \u00e9tudiant doit savoir que des militants sont r\u00e9prim\u00e9s pour leur antifascisme. Ce n\u2019est pas une attaque contre six personnes. C\u2019est une attaque contre tout mouvement de contestation au sein de l\u2019universit\u00e9. Personne ne doit laisser passer cette attaque contre le mouvement \u00e9tudiant de gauche.\u00a0\u00bb<\/p>\n<\/blockquote>\n<p>Des insultes racistes, homophobes<\/p>\n<p class=\"has-primary-color has-text-color\">\n\t\t\t<strong> Cet article fait partie de l\u2019\u00e9dition abonn\u00e9s.<\/strong><br \/>\n\t\t\t| D\u00e9j\u00e0 abonn\u00e9\u00a0?<br \/>\n\t\t\t<a href=\"https:\/\/www.rue89strasbourg.com\/user\/connexion\" data-type=\"page\" data-id=\"116070\" target=\"_blank\" rel=\"noopener\">Connectez-vous<\/a>\n\t\t<\/p>\n<p>Abonnez-vous maintenant pour poursuivre votre lecture<\/p>\n<p><img loading=\"lazy\" decoding=\"async\" width=\"1206\" height=\"1241\" src=\"https:\/\/www.europesays.com\/fr\/wp-content\/uploads\/2025\/04\/04-paywall.png\" alt=\"Abonnez-vous\" class=\"wp-image-282314\" style=\"aspect-ratio:0.9717969379532635;width:281px;height:auto\"  \/><\/p>\n<p>\t\t\t<a href=\"https:\/\/www.rue89strasbourg.com\/\" class=\"custom-logo-link\" rel=\"home noopener\" target=\"_blank\"><img loading=\"lazy\" decoding=\"async\" width=\"290\" height=\"62\" src=\"https:\/\/www.europesays.com\/fr\/wp-content\/uploads\/2025\/04\/1743975279_388_logo.png\" class=\"custom-logo\" alt=\"Rue89 Strasbourg Enqu\u00eates et informations locales\"  \/><\/a><\/p>\n<p>\n\t\t\t\tAbonnez-vous maintenant pour suivre l\u2019actualit\u00e9 locale.\t\t\t<\/p>\n<p class=\"font-bold font-serif-heading mb-2 text-4xl\">\n\t\t\t\t\t\tL\u2019investigation locale \u00e0 port\u00e9e de main.\n\t\t\t\t\t<\/p>\n<p>\n\t\t\t\t\t\tAbonnez-vous et profitez d\u2019un acc\u00e8s illimit\u00e9 \u00e0 Rue89 Strasbourg. Annulez quand vous voulez.\n\t\t\t\t\t<\/p>\n<p class=\"xl:text-sm\">\n\t\t\t\t\tD\u00e9j\u00e0 abonn\u00e9\u00a0?<br \/>\n\t\t\t\t\t<a class=\"border border-transparent text-center transition-colors duration-instant focus:border-info focus:rounded focus:shadow-focus cursor-pointer text-black hover:text-gray-700 active:bg-black-700 font-semibold inline-block\" href=\"https:\/\/www.rue89strasbourg.com\/user\/connexion?redirect=\/universite-antifascisme-commission-discipline-360294\" target=\"_blank\" rel=\"noopener\">Connectez-vous<\/a>\t\t\t\t<\/p>\n<p>\n\t\t\t\tChoisissez votre formule\u00a0:\n\t\t\t<\/p>\n<p>\t\t\t\tFermer<\/p>\n","protected":false},"excerpt":{"rendered":"Six \u00e9tudiants et \u00e9tudiantes sont convoqu\u00e9s en commission de discipline lundi 22 septembre. L\u2019Universit\u00e9 de Strasbourg sanctionne leurs&hellip;\n","protected":false},"author":2,"featured_media":409425,"comment_status":"","ping_status":"","sticky":false,"template":"","format":"standard","meta":{"footnotes":""},"categories":[2820],"tags":[1111,11,13797,1777,674,1011,27,775,303,12,25,640,30161],"class_list":{"0":"post-409424","1":"post","2":"type-post","3":"status-publish","4":"format-standard","5":"has-post-thumbnail","7":"category-strasbourg","8":"tag-actu","9":"tag-actualites","10":"tag-antifascisme","11":"tag-eu","12":"tag-europe","13":"tag-fr","14":"tag-france","15":"tag-grand-est","16":"tag-justice","17":"tag-news","18":"tag-republique-francaise","19":"tag-strasbourg","20":"tag-universite-de-strasbourg"},"share_on_mastodon":{"url":"https:\/\/pubeurope.com\/@fr\/115247910354766948","error":""},"_links":{"self":[{"href":"https:\/\/www.europesays.com\/fr\/wp-json\/wp\/v2\/posts\/409424","targetHints":{"allow":["GET"]}}],"collection":[{"href":"https:\/\/www.europesays.com\/fr\/wp-json\/wp\/v2\/posts"}],"about":[{"href":"https:\/\/www.europesays.com\/fr\/wp-json\/wp\/v2\/types\/post"}],"author":[{"embeddable":true,"href":"https:\/\/www.europesays.com\/fr\/wp-json\/wp\/v2\/users\/2"}],"replies":[{"embeddable":true,"href":"https:\/\/www.europesays.com\/fr\/wp-json\/wp\/v2\/comments?post=409424"}],"version-history":[{"count":0,"href":"https:\/\/www.europesays.com\/fr\/wp-json\/wp\/v2\/posts\/409424\/revisions"}],"wp:featuredmedia":[{"embeddable":true,"href":"https:\/\/www.europesays.com\/fr\/wp-json\/wp\/v2\/media\/409425"}],"wp:attachment":[{"href":"https:\/\/www.europesays.com\/fr\/wp-json\/wp\/v2\/media?parent=409424"}],"wp:term":[{"taxonomy":"category","embeddable":true,"href":"https:\/\/www.europesays.com\/fr\/wp-json\/wp\/v2\/categories?post=409424"},{"taxonomy":"post_tag","embeddable":true,"href":"https:\/\/www.europesays.com\/fr\/wp-json\/wp\/v2\/tags?post=409424"}],"curies":[{"name":"wp","href":"https:\/\/api.w.org\/{rel}","templated":true}]}}