{"id":409426,"date":"2025-09-22T12:18:24","date_gmt":"2025-09-22T12:18:24","guid":{"rendered":"https:\/\/www.europesays.com\/fr\/409426\/"},"modified":"2025-09-22T12:18:24","modified_gmt":"2025-09-22T12:18:24","slug":"lhotel-de-ville-sera-illumine-aux-couleurs-de-la-palestine-ce-soir","status":"publish","type":"post","link":"https:\/\/www.europesays.com\/fr\/409426\/","title":{"rendered":"l&rsquo;H\u00f4tel de Ville sera illumin\u00e9 aux couleurs de la Palestine ce soir"},"content":{"rendered":"<p>    <img loading=\"lazy\" width=\"1800\" height=\"900\" src=\"https:\/\/www.europesays.com\/fr\/wp-content\/uploads\/2025\/08\/jeanne-callthepolice.jpg\" class=\"attachment-full size-full\" alt=\"\" id=\"imageLove\" decoding=\"async\"  \/><\/p>\n<p id=\"breadcrumbs\"><a href=\"https:\/\/pokaa.fr\/\" target=\"_blank\" rel=\"noopener\">Accueil<\/a> \/ <a href=\"https:\/\/pokaa.fr\/categories\/actu\/\" target=\"_blank\" rel=\"noopener\">Info locale<\/a> \/ Strasbourg : l\u2019H\u00f4tel de Ville sera illumin\u00e9 aux couleurs de la Palestine ce soir<\/p>\n<p>                    Info locale<\/p>\n<p class=\"p1\"><b>Alors que la France reconna\u00eetra officiellement l\u2019\u00c9tat de Palestine ce 22 septembre, Strasbourg a d\u00e9cid\u00e9 d\u2019illuminer ce soir l\u2019H\u00f4tel de Ville aux couleurs de la Palestine. Une action symbolique, alors que Strasbourg a fait le choix de ne pas pavoiser le drapeau palestinien.<\/b><\/p>\n<p class=\"p1\">Ce lundi 22 septembre, aux alentours de 21h, <b>la France va officiellement reconna\u00eetre l\u2019\u00c9tat de Palestine, lors de la 80e Assembl\u00e9e g\u00e9n\u00e9rale des Nations unies \u00e0 New-York<\/b>. Promesse d\u2019Emmanuel Macron faite en juillet dernier, la d\u00e9cision suit celle d\u2019autres pays, comme le Canada, le Royaume-Uni et l\u2019Australie. La France devient ainsi le 153e pays \u00e0 reconna\u00eetre l\u2019\u00c9tat de Palestine. <b>Une d\u00e9cision qui a motiv\u00e9 le Premier secr\u00e9taire du PS Olivier Faure \u00e0 appeler \u00e0 faire\u00a0\u00ab\u00a0flotter le drapeau palestinien sur nos mairies\u00a0\u00bb\u00a0ce 22 septembre. <\/b><\/p>\n<p class=\"p1\">\u00c0 Strasbourg cependant, <b>pas de drapeau qui flotte mais un H\u00f4tel de Ville qui sera illumin\u00e9 aux couleurs du drapeau palestinien ce lundi soir<\/b>, comme la Ville le signifie dans un communiqu\u00e9 de presse envoy\u00e9 ce matin. Sollicit\u00e9e sur le pourquoi de cette d\u00e9cision et sur le fait de ne pas faire flotter un drapeau palestinien, la Ville n\u2019a pour l\u2019instant pas r\u00e9pondu.<\/p>\n<p>    <img width=\"800\" height=\"533\" src=\"https:\/\/www.europesays.com\/fr\/wp-content\/uploads\/2025\/09\/mairie-broglie-2-800x533.jpg\" class=\"attachment-image-size-L size-image-size-L\" alt=\"Mairie Broglie 2\" decoding=\"async\" loading=\"lazy\"  \/>         \u00a9 David Lev\u00eaque \/ Pokaa <\/p>\n<p>Pourquoi ne pas pavoiser le drapeau \u00e0 Strasbourg ?<\/p>\n<p class=\"p1\">Si l\u2019on devait chercher un d\u00e9but d\u2019explication au choix d\u2019illuminer plut\u00f4t que de pavoiser un drapeau \u00e0 Strasbourg,<b> il faut sans doute chercher dans la crainte d\u2019une d\u00e9cision administrative demandant le retrait du drapeau palestinien<\/b>. Le ministre de l\u2019Int\u00e9rieur d\u00e9missionnaire Bruno Retailleau a en effet demand\u00e9 aux pr\u00e9fets\/\u00e8tes de s\u2019opposer \u00e0 cette initiative sur des mairies et autres \u00e9difices publics, \u00e9voquant un \u00ab\u00a0principe de neutralit\u00e9 du service public\u00a0\u00bb.<\/p>\n<p class=\"p1\"><b>Une d\u00e9cision qui a d\u00e9j\u00e0 conduit le tribunal administratif de Cergy-Pontoise \u00e0 ordonner l\u2019enl\u00e8vement du drapeau palestinien flottant devant la mairie de Malakoff<\/b>. Une injonction refus\u00e9e par la maire de la commune, Jacqueline Bonhomme, <a href=\"https:\/\/www.franceinfo.fr\/monde\/palestine\/gaza\/on-n-a-meme-pas-une-amende-la-maire-pcf-de-malakoff-maintient-le-drapeau-palestinien-au-fronton-de-l-hotel-de-ville-malgre-la-decision-du-tribunal-administratif-lui-ordonnant-de-l-enlever_7503832.html\" target=\"_blank\" rel=\"noopener\">d\u00e9non\u00e7ant sur Franceinfo<\/a>\u00a0\u00ab\u00a0un coup de force pr\u00e9fectoral contre la libre administration des communes\u00a0\u00bb.<\/p>\n<p>    <img width=\"400\" height=\"600\" src=\"https:\/\/www.europesays.com\/fr\/wp-content\/uploads\/2025\/09\/dsc-3401-400x600.jpg\" class=\"attachment-image-size-M size-image-size-M\" alt=\"manif manifestation palestine gaza\" decoding=\"async\" loading=\"lazy\"  \/>         \u00a9 Mathilde Cybulski \/ Pokaa <\/p>\n<p class=\"p1\">Pourtant, il semble que ce principe ne s\u2019applique pas de la m\u00eame mani\u00e8re pour les drapeaux ukrainiens. <a href=\"https:\/\/www.franceinfo.fr\/monde\/palestine\/on-vous-explique-la-polemique-autour-des-drapeaux-palestiniens-hisses-sur-les-mairies_7505074.html\" target=\"_blank\" rel=\"noopener\">Selon Franceinfo<\/a>, le tribunal administratif de Versailles avait tranch\u00e9, en 2024, qu\u2019afficher un drapeau ukrainien sur la fa\u00e7ade d\u2019un b\u00e2timent public \u00ab\u00a0n\u2019\u00e9tait pas contraire au principe de neutralit\u00e9\u00a0\u00bb, <b>car ce n\u2019\u00e9tait\u00a0\u00ab\u00a0pas une revendication politique\u00a0\u00bb\u00a0mais\u00a0\u00ab\u00a0un symbole de solidarit\u00e9 envers une nation victime d\u2019une agression\u00a0\u00bb<\/b>.<\/p>\n<p class=\"p1\">Une d\u00e9cision du ministre de l\u2019Int\u00e9rieur d\u00e9missionnaire ressemblant ainsi \u00e0 un \u00ab deux poids, deux mesures \u00bb, selon Bruno Piriou, maire de Corbeil-Essonnes arborant un drapeau ukrainien et redoutant la demande de la justice d\u2019enlever le drapeau palestinien. <b>Ainsi, sans doute que Strasbourg se prot\u00e8ge en amont d\u2019une d\u00e9cision administrative, et des pol\u00e9miques qui pourraient en d\u00e9couler, visant la mandature \u00e9cologiste<\/b>.<\/p>\n<p>Un voeu pieux, puisque moins de deux heures apr\u00e8s l\u2019annonce, le candidat aux municipales Pierre Jakubowicz accuse Jeanne Barseghian d\u2019\u00ab importe[r] le conflit dans le cadre de sa primaire avec LFI \u00e0 l\u2019extr\u00eame gauche (sic) \u00bb.<\/p>\n","protected":false},"excerpt":{"rendered":"Accueil \/ Info locale \/ Strasbourg : l\u2019H\u00f4tel de Ville sera illumin\u00e9 aux couleurs de la Palestine ce&hellip;\n","protected":false},"author":2,"featured_media":409427,"comment_status":"","ping_status":"","sticky":false,"template":"","format":"standard","meta":{"footnotes":""},"categories":[2820],"tags":[1111,11,1777,674,1011,27,775,23089,12,3518,25,640],"class_list":{"0":"post-409426","1":"post","2":"type-post","3":"status-publish","4":"format-standard","5":"has-post-thumbnail","7":"category-strasbourg","8":"tag-actu","9":"tag-actualites","10":"tag-eu","11":"tag-europe","12":"tag-fr","13":"tag-france","14":"tag-grand-est","15":"tag-hotel-de-ville","16":"tag-news","17":"tag-palestine","18":"tag-republique-francaise","19":"tag-strasbourg"},"share_on_mastodon":{"url":"https:\/\/pubeurope.com\/@fr\/115247914184737806","error":""},"_links":{"self":[{"href":"https:\/\/www.europesays.com\/fr\/wp-json\/wp\/v2\/posts\/409426","targetHints":{"allow":["GET"]}}],"collection":[{"href":"https:\/\/www.europesays.com\/fr\/wp-json\/wp\/v2\/posts"}],"about":[{"href":"https:\/\/www.europesays.com\/fr\/wp-json\/wp\/v2\/types\/post"}],"author":[{"embeddable":true,"href":"https:\/\/www.europesays.com\/fr\/wp-json\/wp\/v2\/users\/2"}],"replies":[{"embeddable":true,"href":"https:\/\/www.europesays.com\/fr\/wp-json\/wp\/v2\/comments?post=409426"}],"version-history":[{"count":0,"href":"https:\/\/www.europesays.com\/fr\/wp-json\/wp\/v2\/posts\/409426\/revisions"}],"wp:featuredmedia":[{"embeddable":true,"href":"https:\/\/www.europesays.com\/fr\/wp-json\/wp\/v2\/media\/409427"}],"wp:attachment":[{"href":"https:\/\/www.europesays.com\/fr\/wp-json\/wp\/v2\/media?parent=409426"}],"wp:term":[{"taxonomy":"category","embeddable":true,"href":"https:\/\/www.europesays.com\/fr\/wp-json\/wp\/v2\/categories?post=409426"},{"taxonomy":"post_tag","embeddable":true,"href":"https:\/\/www.europesays.com\/fr\/wp-json\/wp\/v2\/tags?post=409426"}],"curies":[{"name":"wp","href":"https:\/\/api.w.org\/{rel}","templated":true}]}}