{"id":40946,"date":"2025-04-21T07:36:12","date_gmt":"2025-04-21T07:36:12","guid":{"rendered":"https:\/\/www.europesays.com\/fr\/40946\/"},"modified":"2025-04-21T07:36:12","modified_gmt":"2025-04-21T07:36:12","slug":"10-idees-de-balades-a-lille-et-dans-ses-alentours-pour-le-lundi-de-paques","status":"publish","type":"post","link":"https:\/\/www.europesays.com\/fr\/40946\/","title":{"rendered":"10 id\u00e9es de balades \u00e0 Lille et dans ses alentours pour le lundi de P\u00e2ques"},"content":{"rendered":"<p>            Par<br \/>\n        <strong><br \/>\n            <a href=\"https:\/\/actu.fr\/auteur\/nicolas-demollien\" title=\"Consulter tous les articles de Nicolas Demollien\" rel=\"nofollow noopener\" target=\"_blank\">Nicolas Demollien<\/a><br \/>\n        <\/strong><\/p>\n<p>        Publi\u00e9 le<\/p>\n<p>            20 avr. 2025 \u00e0 16h16        <\/p>\n<p>Les jolis <b>lieux de promenade<\/b> ne manquent pas dans le <a href=\"https:\/\/actu.fr\/hauts-de-france\/nord_59\" rel=\"nofollow noopener\" target=\"_blank\">Nord<\/a>, que soit \u00e0 <a href=\"https:\/\/actu.fr\/hauts-de-france\/lille_59350\" rel=\"nofollow noopener\" target=\"_blank\">Lille<\/a> ou dans ses alentours. Pour ce <b>lundi 21 avril 2025<\/b>, synonyme de <b>jour f\u00e9ri\u00e9<\/b> pour <a href=\"https:\/\/actu.fr\/tag\/paques\" rel=\"nofollow noopener\" target=\"_blank\">P\u00e2ques<\/a>, peut-\u00eatre avez-vous envie de vous <b>balader \u00e0 la campagne, en bord de mer ou \u00e0 la ville<\/b>. Si vous manquez d\u2019inspiration, nous avons s\u00e9lectionn\u00e9 pour vous <b>10 id\u00e9es<\/b> de promenade pour passer un bon moment.<\/p>\n<p>Nos 10 id\u00e9es de balades \u00e0 Lille et dans ses alentours<\/p>\n<ul class=\" wall-content\">\n<li><a href=\"https:\/\/actu.fr\/hauts-de-france\/lille_59350\/avec-la-refection-du-jardin-des-plantes-la-ville-de-lille-vise-un-label-national_62494401.html\" rel=\"nofollow noopener\" target=\"_blank\">Avec la r\u00e9fection du Jardin des plantes, la Ville de Lille vise un label national<\/a><\/li>\n<\/ul>\n<p class=\" wall-content\">En avril 2025, le nouveau visage du Jardin des plantes est d\u00e9voil\u00e9 \u00e0 Lille (Nord). La Ville ambitionne de d\u00e9crocher un label national. Pr\u00e9cisions.<\/p>\n<ul class=\" wall-content\">\n<li><a href=\"https:\/\/actu.fr\/hauts-de-france\/lille_59350\/a-lille-les-insectes-et-les-plantes-inspirent-la-nouvelle-aire-de-jeux-du-2eme-plus-grand-parc-de-la-ville_62480607.html\" rel=\"nofollow noopener\" target=\"_blank\">\u00c0 Lille, les insectes et les plantes inspirent la nouvelle aire de jeux du 2\u00e8me plus grand parc de la ville<\/a><\/li>\n<\/ul>\n<p class=\" wall-content\">Et si vous profitiez des vacances pour emmener vos enfants jouer dans cette nouvelle aire de jeux\u2009? Situ\u00e9e dans le 2\u00e8me plus grand espace vert de Lille, elle a tout pour plaire.<\/p>\n<ul class=\" wall-content\">\n<li><a href=\"https:\/\/actu.fr\/hauts-de-france\/phalempin_59462\/a-20-minutes-de-lille-cette-foret-est-un-petit-joyau-de-verdure_60086929.html\" rel=\"nofollow noopener\" target=\"_blank\">A 20 minutes de Lille, cette for\u00eat est un petit joyau de verdure<\/a><\/li>\n<\/ul>\n<p class=\" wall-content\">A quelques kilom\u00e8tres seulement de Lille (Nord), profitez d\u2019une belle balade dans une for\u00eat am\u00e9nag\u00e9e. De quoi s\u2019offrir un bon bol d\u2019air au c\u0153ur de la nature.<\/p>\n<ul class=\" wall-content\">\n<li><a href=\"https:\/\/actu.fr\/hauts-de-france\/le-quesnoy_59481\/a-moins-dune-heure-de-lille-decouvrez-la-seule-petite-cite-de-caractere-du-nord_60710690.html\" rel=\"nofollow noopener\" target=\"_blank\">A moins d\u2019une heure de Lille, d\u00e9couvrez la seule petite cit\u00e9 de caract\u00e8re du Nord<\/a><\/li>\n<\/ul>\n<p class=\" wall-content\">Elle saura \u00e0 coup s\u00fbr vous subjuguer. Le Nord ne compte qu\u2019une seule ville labellis\u00e9e \u00ab\u00a0Petite cit\u00e9 de caract\u00e8re\u00a0\u00bb et elle se trouve \u00e0 moins d\u2019une heure de Lille. D\u00e9tails.<\/p>\n<ul class=\" wall-content\">\n<li><a href=\"https:\/\/actu.fr\/hauts-de-france\/dunkerque_59183\/avec-sa-plage-et-ses-villas-ce-petit-coin-de-paradis-a-une-heure-de-lille_59625858.html\" rel=\"nofollow noopener\" target=\"_blank\">Avec sa plage et ses villas, ce petit coin de paradis \u00e0 une heure de Lille<\/a><\/li>\n<\/ul>\n<p class=\" wall-content\">Ce territoire du Nord est un tr\u00e9sor architectural et un petit coin de paradis avec sa magnifique plage. Le tout \u00e0 seulement une petite heure de Lille !<\/p>\n<ul class=\" wall-content\">\n<li><a href=\"https:\/\/actu.fr\/hauts-de-france\/croix_59163\/patrimoine-a-croix-plongez-sur-les-traces-de-mallet-stevens_57258491.html\" rel=\"nofollow noopener\" target=\"_blank\">Patrimoine. A Croix, plongez sur les traces de Mallet-Stevens<\/a><\/li>\n<\/ul>\n<p class=\" wall-content\">A Croix, dans la m\u00e9tropole de Lille (Nord), Robert Mallet-Stevens a marqu\u00e9 le patrimoine de la ville de son empreinte. Nous sommes partis sur ses traces.<\/p>\n<ul class=\" wall-content\">\n<li><a href=\"https:\/\/actu.fr\/loisirs-culture\/a-un-peu-plus-dune-heure-de-lille-visitez-la-ville-la-plus-laide-du-monde_61968474.html\" rel=\"nofollow noopener\" target=\"_blank\">\u00c0 un peu plus d\u2019une heure de Lille, visitez la ville la plus laide du monde !<\/a><\/li>\n<\/ul>\n<p class=\" wall-content\">Saviez-vous que la ville r\u00e9guli\u00e8rement comme \u00e9tant la plus laide du monde se situe \u00e0 un peu plus d\u2019une heure de Lille (Nord). Et elle ne manque finalement pas d\u2019atouts.<\/p>\n<ul class=\" wall-content\">\n<li><a href=\"https:\/\/actu.fr\/hauts-de-france\/saint-amand-les-eaux_59526\/a-30-minutes-de-lille-cette-magnifique-ville-est-lun-des-plus-beaux-detours-de-france_59740844.html\" rel=\"nofollow noopener\" target=\"_blank\">A 30 minutes de Lille, cette magnifique ville est l\u2019un des plus beaux d\u00e9tours de France<\/a><\/li>\n<\/ul>\n<p class=\" wall-content\">Ses thermes, son patrimoine\u2026 A seulement trente minutes de Lille (Nord), cette ville du Nord ne manque vraiment pas d\u2019atouts et vous s\u00e9duira \u00e0 coup s\u00fbr. On vous emm\u00e8ne.<\/p>\n<ul class=\" wall-content\">\n<li><a href=\"https:\/\/actu.fr\/loisirs-culture\/a-moins-dune-heure-de-lille-cette-ville-est-a-visiter-au-moins-une-fois-dans-sa-vie_60623726.html\" rel=\"nofollow noopener\" target=\"_blank\">A moins d\u2019une heure de Lille, cette ville est \u00e0 visiter au moins une fois dans sa vie<\/a><\/li>\n<\/ul>\n<p class=\" wall-content\">Accessible en 50 minutes en voiture au d\u00e9part de Lille (Nord), cette ville a tout pour plaire et saura vous s\u00e9duire. Un lieu \u00e0 visiter au moins une fois dans sa vie.<\/p>\n<ul class=\" wall-content\">\n<li><a href=\"https:\/\/actu.fr\/loisirs-culture\/a-un-peu-plus-dune-heure-de-lille-ce-chateau-et-ses-splendides-jardins-sont-de-veritables-joyaux_62404462.html\" rel=\"nofollow noopener\" target=\"_blank\">\u00c0 un peu plus d\u2019une heure de Lille, ce ch\u00e2teau et ses splendides jardins sont de v\u00e9ritables joyaux<\/a><\/li>\n<\/ul>\n<p class=\" wall-content\">Vous allez en prendre plein les yeux ! A un peu plus d\u2019une heure de Lille (Nord), ce ch\u00e2teau est plein de surprises tandis que ses jardins s\u2019av\u00e8rent splendides. On vous emm\u00e8ne.<\/p>\n<p class=\" wall-content\">Suivez toute l\u2019actualit\u00e9 de vos villes et m\u00e9dias favoris en vous inscrivant \u00e0 <a href=\"https:\/\/moncompte.actu.fr\" title=\"D\u00e9couvez Mon Actu\" rel=\"nofollow noopener\" data-trk=\"{&quot;cta&quot;:{&quot;action&quot;:&quot;https:\\\/\\\/moncompte.actu.fr&quot;,&quot;category&quot;:&quot;mon compte&quot;,&quot;from&quot;:&quot;article footer&quot;,&quot;name&quot;:&quot;Mon actu&quot;,&quot;type&quot;:&quot;cta&quot;}}\" target=\"_blank\">Mon Actu<\/a>.<\/p>\n","protected":false},"excerpt":{"rendered":"Par Nicolas Demollien Publi\u00e9 le 20 avr. 2025 \u00e0 16h16 Les jolis lieux de promenade ne manquent pas&hellip;\n","protected":false},"author":2,"featured_media":40947,"comment_status":"","ping_status":"","sticky":false,"template":"","format":"standard","meta":{"footnotes":""},"categories":[2815],"tags":[1111,11,7552,1777,674,1011,27,811,1307,1652,12,4769,25],"class_list":{"0":"post-40946","1":"post","2":"type-post","3":"status-publish","4":"format-standard","5":"has-post-thumbnail","7":"category-lille","8":"tag-actu","9":"tag-actualites","10":"tag-balade","11":"tag-eu","12":"tag-europe","13":"tag-fr","14":"tag-france","15":"tag-hauts-de-france","16":"tag-lille","17":"tag-loisirs-culture","18":"tag-news","19":"tag-paques","20":"tag-republique-francaise"},"share_on_mastodon":{"url":"https:\/\/pubeurope.com\/@fr\/114374808971835662","error":""},"_links":{"self":[{"href":"https:\/\/www.europesays.com\/fr\/wp-json\/wp\/v2\/posts\/40946","targetHints":{"allow":["GET"]}}],"collection":[{"href":"https:\/\/www.europesays.com\/fr\/wp-json\/wp\/v2\/posts"}],"about":[{"href":"https:\/\/www.europesays.com\/fr\/wp-json\/wp\/v2\/types\/post"}],"author":[{"embeddable":true,"href":"https:\/\/www.europesays.com\/fr\/wp-json\/wp\/v2\/users\/2"}],"replies":[{"embeddable":true,"href":"https:\/\/www.europesays.com\/fr\/wp-json\/wp\/v2\/comments?post=40946"}],"version-history":[{"count":0,"href":"https:\/\/www.europesays.com\/fr\/wp-json\/wp\/v2\/posts\/40946\/revisions"}],"wp:featuredmedia":[{"embeddable":true,"href":"https:\/\/www.europesays.com\/fr\/wp-json\/wp\/v2\/media\/40947"}],"wp:attachment":[{"href":"https:\/\/www.europesays.com\/fr\/wp-json\/wp\/v2\/media?parent=40946"}],"wp:term":[{"taxonomy":"category","embeddable":true,"href":"https:\/\/www.europesays.com\/fr\/wp-json\/wp\/v2\/categories?post=40946"},{"taxonomy":"post_tag","embeddable":true,"href":"https:\/\/www.europesays.com\/fr\/wp-json\/wp\/v2\/tags?post=40946"}],"curies":[{"name":"wp","href":"https:\/\/api.w.org\/{rel}","templated":true}]}}