{"id":409460,"date":"2025-09-22T12:37:12","date_gmt":"2025-09-22T12:37:12","guid":{"rendered":"https:\/\/www.europesays.com\/fr\/409460\/"},"modified":"2025-09-22T12:37:12","modified_gmt":"2025-09-22T12:37:12","slug":"psykose-un-one-woman-show-de-kaoutar-berne-au-theatre-la-boussole","status":"publish","type":"post","link":"https:\/\/www.europesays.com\/fr\/409460\/","title":{"rendered":"\u00ab\u00a0PSYKOSE\u00a0\u00bb : un one woman show de Kaoutar Berne au th\u00e9\u00e2tre La Boussole"},"content":{"rendered":"<p><strong>Kaoutar, \u201cjeune\u201d bruxelloise aux origines orientales, en \u00e9ternelle qu\u00eate de sens : femme, fille, m\u00e8re, psy, chanteuse, danseuse, elle se questionne dans sa t\u00eate et partage sur sc\u00e8ne ses comment et surtout ses pourquoi. C\u00e9r\u00e9brale, instinctive, fleur bleue, androgyne, philosophe, Michael Jackson ? Elle cherche\u2026<\/strong><\/p>\n<p>Du dictat de la beaut\u00e9 \u00e0 l\u2019h\u00e9ritage g\u00e9n\u00e9tique, en passant par le transg\u00e9n\u00e9rationnel, les d\u00e9calages culturels, les arch\u00e9types masculins et f\u00e9minins ou les \u201chaut potentiels\u201d, Kaoutar balaie de grands sujets de la vie sans langue de bois mais en humour et en rythme, le tout agr\u00e9ment\u00e9 de quelques petites chor\u00e9graphies, personnages et imitations \u2026 \u00e0 d\u00e9couvrir !<\/p>\n<p>[Source : communiqu\u00e9 de presse]<\/p>\n<p><a href=\"https:\/\/www.clubartistikrezo.com\/\" target=\"_blank\" rel=\"noopener\"><b>\u00c9v\u00e9nement partenaire du Club Artistik Rezo<\/b><\/a><\/p>\n","protected":false},"excerpt":{"rendered":"Kaoutar, \u201cjeune\u201d bruxelloise aux origines orientales, en \u00e9ternelle qu\u00eate de sens : femme, fille, m\u00e8re, psy, chanteuse, danseuse,&hellip;\n","protected":false},"author":2,"featured_media":409461,"comment_status":"","ping_status":"","sticky":false,"template":"","format":"standard","meta":{"footnotes":""},"categories":[1888],"tags":[1111,11,4763,1777,674,1011,27,708,12,54079,626,25,3140],"class_list":{"0":"post-409460","1":"post","2":"type-post","3":"status-publish","4":"format-standard","5":"has-post-thumbnail","7":"category-paris","8":"tag-actu","9":"tag-actualites","10":"tag-agenda","11":"tag-eu","12":"tag-europe","13":"tag-fr","14":"tag-france","15":"tag-humour","16":"tag-news","17":"tag-one-woman-show","18":"tag-paris","19":"tag-republique-francaise","20":"tag-spectacle"},"share_on_mastodon":{"url":"https:\/\/pubeurope.com\/@fr\/115247988394034632","error":""},"_links":{"self":[{"href":"https:\/\/www.europesays.com\/fr\/wp-json\/wp\/v2\/posts\/409460","targetHints":{"allow":["GET"]}}],"collection":[{"href":"https:\/\/www.europesays.com\/fr\/wp-json\/wp\/v2\/posts"}],"about":[{"href":"https:\/\/www.europesays.com\/fr\/wp-json\/wp\/v2\/types\/post"}],"author":[{"embeddable":true,"href":"https:\/\/www.europesays.com\/fr\/wp-json\/wp\/v2\/users\/2"}],"replies":[{"embeddable":true,"href":"https:\/\/www.europesays.com\/fr\/wp-json\/wp\/v2\/comments?post=409460"}],"version-history":[{"count":0,"href":"https:\/\/www.europesays.com\/fr\/wp-json\/wp\/v2\/posts\/409460\/revisions"}],"wp:featuredmedia":[{"embeddable":true,"href":"https:\/\/www.europesays.com\/fr\/wp-json\/wp\/v2\/media\/409461"}],"wp:attachment":[{"href":"https:\/\/www.europesays.com\/fr\/wp-json\/wp\/v2\/media?parent=409460"}],"wp:term":[{"taxonomy":"category","embeddable":true,"href":"https:\/\/www.europesays.com\/fr\/wp-json\/wp\/v2\/categories?post=409460"},{"taxonomy":"post_tag","embeddable":true,"href":"https:\/\/www.europesays.com\/fr\/wp-json\/wp\/v2\/tags?post=409460"}],"curies":[{"name":"wp","href":"https:\/\/api.w.org\/{rel}","templated":true}]}}