{"id":409517,"date":"2025-09-22T13:15:15","date_gmt":"2025-09-22T13:15:15","guid":{"rendered":"https:\/\/www.europesays.com\/fr\/409517\/"},"modified":"2025-09-22T13:15:15","modified_gmt":"2025-09-22T13:15:15","slug":"le-portugal-reconnait-letat-de-palestine-mais-se-trompe-de-drapeau","status":"publish","type":"post","link":"https:\/\/www.europesays.com\/fr\/409517\/","title":{"rendered":"Le Portugal reconna\u00eet l\u2019\u00c9tat de Palestine, mais se trompe de drapeau"},"content":{"rendered":"<p>Lisbonne a reconnu ce dimanche 21 septembre l\u2019\u00c9tat de Palestine. Cette d\u00e9cision symbolique a \u00e9t\u00e9 \u00e9clips\u00e9e par une gaffe protocolaire\u00a0: la diffusion du drapeau soudanais \u00e0 la place de l\u2019embl\u00e8me palestinien.<\/p>\n<p class=\"fig-paragraph\">Lisbonne a pris de court la communaut\u00e9 internationale. Dimanche 21 septembre, le\u00a0<a href=\"http:\/\/www.lefigaro.fr\/animaux\/portugal-un-groupe-d-orques-coule-un-bateau-et-endommage-un-voilier-neuf-personnes-secourues-20250915\" data-fig-type=\"NewsFlash\" data-gtm-custom-categorie=\"navigation\" data-gtm-custom-action=\"crossclick\" data-gtm-custom-label=\"Contextuel\" data-gtm-event=\"customEventSPE\" data-fig-domain=\"LEFIGARO\" target=\"_blank\" rel=\"noopener\">Portugal\u00a0<\/a>a officiellement reconnu\u00a0<a href=\"http:\/\/www.lefigaro.fr\/international\/le-royaume-uni-le-canada-et-l-australie-reconnaissent-l-etat-palestinien-20250921\" data-fig-type=\"NewsFlash\" data-gtm-custom-categorie=\"navigation\" data-gtm-custom-action=\"crossclick\" data-gtm-custom-label=\"Contextuel\" data-gtm-event=\"customEventSPE\" data-fig-domain=\"LEFIGARO\" target=\"_blank\" rel=\"noopener\">l\u2019\u00c9tat de Palestine<\/a>, alors que la plupart des nouveaux pays favorables \u00e0 cette d\u00e9marche devaient attendre le lundi 22. Mais l\u2019annonce a rapidement \u00e9t\u00e9 \u00e9clips\u00e9e par une erreur embarrassante.<\/p>\n<p class=\"fig-paragraph\">Sur X, le compte officiel du gouvernement portugais a publi\u00e9 un message accompagn\u00e9\u2026 du\u00a0<a href=\"https:\/\/video.lefigaro.fr\/figaro\/politique\/reconnaissance-de-la-palestine-le-drapeau-palestinien-nest-pas-le-drapeau-du-hamas-martele-olivier-faure-20250921\" data-fig-type=\"Video\" data-gtm-custom-categorie=\"navigation\" data-gtm-custom-action=\"crossclick\" data-gtm-custom-label=\"Contextuel\" data-gtm-event=\"customEventSPE\" data-fig-domain=\"LEFIGARO\" target=\"_blank\" rel=\"noopener\">drapeau<\/a>\u00a0soudanais au lieu de celui de la Palestine. La confusion, relev\u00e9e notamment par un journaliste de CNews, a aussit\u00f4t fait r\u00e9agir de nombreux internautes. Si les deux \u00e9tendards partagent des couleurs communes, leur agencement ne laisse pourtant pas place au doute.<\/p>\n<p>                                    <a class=\"fig-a11y-skip a11y-hidden\" href=\"#fig-a11y-skip-main-inarticle\"><br \/>\n        Passer la publicit\u00e9<br \/>\n    <\/a><\/p>\n<p>Un post rapidement modifi\u00e9<\/p>\n<p class=\"fig-paragraph\">La publication fautive a \u00e9t\u00e9 supprim\u00e9e puis remplac\u00e9e quelques minutes plus tard par une version corrig\u00e9e, illustr\u00e9e cette fois du bon drapeau.<\/p>\n<p class=\"fig-paragraph\">De son c\u00f4t\u00e9, Paulo Rangel, le ministre des Affaires \u00e9trang\u00e8res a d\u00e9clar\u00e9 qu\u2019une solution \u00e0 deux \u00c9tats \u00e9tait \u00abla seule voie vers une paix juste et durable\u00bb, ont rapport\u00e9 les m\u00e9dias locaux new-yorkais, ajoutant que le gouvernement r\u00e9affirmait \u00able droit d\u2019Isra\u00ebl \u00e0 exister\u00bb et ses \u00abbesoins r\u00e9els en mati\u00e8re de s\u00e9curit\u00e9\u00bb, et qu\u2019il \u00abcondamnait une fois de plus les attaques terroristes atroces du 7 octobre\u00bb perp\u00e9tr\u00e9es par le Hamas.<\/p>\n<p class=\"fig-paragraph\">Avec cette reconnaissance, Lisbonne rejoint la France et une dizaine d\u2019autres pays europ\u00e9ens ayant choisi d\u2019officialiser leur soutien \u00e0 la cr\u00e9ation d\u2019un \u00c9tat palestinien.<\/p>\n","protected":false},"excerpt":{"rendered":"Lisbonne a reconnu ce dimanche 21 septembre l\u2019\u00c9tat de Palestine. Cette d\u00e9cision symbolique a \u00e9t\u00e9 \u00e9clips\u00e9e par une&hellip;\n","protected":false},"author":2,"featured_media":409518,"comment_status":"","ping_status":"","sticky":false,"template":"","format":"standard","meta":{"footnotes":""},"categories":[2],"tags":[11,1011,27,12,3518,6996],"class_list":{"0":"post-409517","1":"post","2":"type-post","3":"status-publish","4":"format-standard","5":"has-post-thumbnail","7":"category-actualites","8":"tag-actualites","9":"tag-fr","10":"tag-france","11":"tag-news","12":"tag-palestine","13":"tag-portugal"},"share_on_mastodon":{"url":"https:\/\/pubeurope.com\/@fr\/115248137796059558","error":""},"_links":{"self":[{"href":"https:\/\/www.europesays.com\/fr\/wp-json\/wp\/v2\/posts\/409517","targetHints":{"allow":["GET"]}}],"collection":[{"href":"https:\/\/www.europesays.com\/fr\/wp-json\/wp\/v2\/posts"}],"about":[{"href":"https:\/\/www.europesays.com\/fr\/wp-json\/wp\/v2\/types\/post"}],"author":[{"embeddable":true,"href":"https:\/\/www.europesays.com\/fr\/wp-json\/wp\/v2\/users\/2"}],"replies":[{"embeddable":true,"href":"https:\/\/www.europesays.com\/fr\/wp-json\/wp\/v2\/comments?post=409517"}],"version-history":[{"count":0,"href":"https:\/\/www.europesays.com\/fr\/wp-json\/wp\/v2\/posts\/409517\/revisions"}],"wp:featuredmedia":[{"embeddable":true,"href":"https:\/\/www.europesays.com\/fr\/wp-json\/wp\/v2\/media\/409518"}],"wp:attachment":[{"href":"https:\/\/www.europesays.com\/fr\/wp-json\/wp\/v2\/media?parent=409517"}],"wp:term":[{"taxonomy":"category","embeddable":true,"href":"https:\/\/www.europesays.com\/fr\/wp-json\/wp\/v2\/categories?post=409517"},{"taxonomy":"post_tag","embeddable":true,"href":"https:\/\/www.europesays.com\/fr\/wp-json\/wp\/v2\/tags?post=409517"}],"curies":[{"name":"wp","href":"https:\/\/api.w.org\/{rel}","templated":true}]}}