{"id":409519,"date":"2025-09-22T13:16:11","date_gmt":"2025-09-22T13:16:11","guid":{"rendered":"https:\/\/www.europesays.com\/fr\/409519\/"},"modified":"2025-09-22T13:16:11","modified_gmt":"2025-09-22T13:16:11","slug":"sncf-des-suppressions-de-trains-a-prevoir-sur-cette-ligne-a-lautomne","status":"publish","type":"post","link":"https:\/\/www.europesays.com\/fr\/409519\/","title":{"rendered":"SNCF : des suppressions de trains \u00e0 pr\u00e9voir sur cette ligne \u00e0 l&rsquo;automne"},"content":{"rendered":"<p>Un important chantier d\u00e9butera le 29 septembre sur les rails entre Firminy et Le Puy-en-Velay. Ces travaux entra\u00eeneront de fortes perturbations sur la ligne Saint-\u00c9tienne \/ Le Puy-en-Velay.<\/p>\n<p>Avis aux voyageurs de la ligne TER Saint-\u00c9tienne \/ Firminy \/ Le Puy-en-Velay. <b>Entre le 29 septembre et le 12 d\u00e9cembre 2025<\/b>, d&rsquo;importants travaux seront r\u00e9alis\u00e9s par la SNCF entre Firminy et Le Puy-en-Velay.<\/p>\n<p>Pas de trains entre Firminy et Le Puy<\/p>\n<p>En cons\u00e9quence, des trains seront supprim\u00e9s sur la ligne\u00a0Saint-\u00c9tienne \/ Firminy \/ Le Puy-en-Velay.<\/p>\n<p>La SNCF mettra en place des autocars entre Firminy et Le Puy-en-Velay et certains TER seront maintenus entre Saint-\u00c9tienne et Firminy.<\/p>\n<p>Les travaux ne perturberont pas, en revanche, la ligne TER entre Lyon-Perrache et Firminy.<\/p>\n<p>\u00c0 noter que les ascenseurs restent indisponibles aux usagers en gare de Firminy, car leur remplacement se poursuit.<\/p>\n<p><img loading=\"lazy\" decoding=\"async\" src=\"https:\/\/www.europesays.com\/fr\/wp-content\/uploads\/2025\/09\/1758546971_319_img\" width=\"350\" height=\"200\" border=\"0\" title=\"Deux bless\u00c3\u00a9s graves apr\u00c3\u00a8s une collision avec un tracteur dans le Forez\"\/><\/p>\n<p>\u25baFaits divers<\/p>\n<p style=\"font-size: 22px;\"><b>Collision entre un v\u00e9hicule et un tracteur dans le Forez : deux bless\u00e9s graves\u00a0<\/b><\/p>\n<p>Un accident de la circulation s&rsquo;est produit ce samedi&#8230;<\/p>\n<p><\/p>\n","protected":false},"excerpt":{"rendered":"Un important chantier d\u00e9butera le 29 septembre sur les rails entre Firminy et Le Puy-en-Velay. Ces travaux entra\u00eeneront&hellip;\n","protected":false},"author":2,"featured_media":384698,"comment_status":"","ping_status":"","sticky":false,"template":"","format":"standard","meta":{"footnotes":""},"categories":[9653],"tags":[1111,11,2430,1777,674,10282,1011,27,4002,10444,3367,12,25,9920,4001,2215,6472,5811],"class_list":{"0":"post-409519","1":"post","2":"type-post","3":"status-publish","4":"format-standard","5":"has-post-thumbnail","7":"category-saint-etienne","8":"tag-actu","9":"tag-actualites","10":"tag-auvergne-rhone-alpes","11":"tag-eu","12":"tag-europe","13":"tag-firminy","14":"tag-fr","15":"tag-france","16":"tag-haute-loire","17":"tag-le-puy-en-velay","18":"tag-loire","19":"tag-news","20":"tag-republique-francaise","21":"tag-saint-tienne","22":"tag-saint-etienne","23":"tag-sncf","24":"tag-ter","25":"tag-trains"},"share_on_mastodon":{"url":"https:\/\/pubeurope.com\/@fr\/115248142494659639","error":""},"_links":{"self":[{"href":"https:\/\/www.europesays.com\/fr\/wp-json\/wp\/v2\/posts\/409519","targetHints":{"allow":["GET"]}}],"collection":[{"href":"https:\/\/www.europesays.com\/fr\/wp-json\/wp\/v2\/posts"}],"about":[{"href":"https:\/\/www.europesays.com\/fr\/wp-json\/wp\/v2\/types\/post"}],"author":[{"embeddable":true,"href":"https:\/\/www.europesays.com\/fr\/wp-json\/wp\/v2\/users\/2"}],"replies":[{"embeddable":true,"href":"https:\/\/www.europesays.com\/fr\/wp-json\/wp\/v2\/comments?post=409519"}],"version-history":[{"count":0,"href":"https:\/\/www.europesays.com\/fr\/wp-json\/wp\/v2\/posts\/409519\/revisions"}],"wp:featuredmedia":[{"embeddable":true,"href":"https:\/\/www.europesays.com\/fr\/wp-json\/wp\/v2\/media\/384698"}],"wp:attachment":[{"href":"https:\/\/www.europesays.com\/fr\/wp-json\/wp\/v2\/media?parent=409519"}],"wp:term":[{"taxonomy":"category","embeddable":true,"href":"https:\/\/www.europesays.com\/fr\/wp-json\/wp\/v2\/categories?post=409519"},{"taxonomy":"post_tag","embeddable":true,"href":"https:\/\/www.europesays.com\/fr\/wp-json\/wp\/v2\/tags?post=409519"}],"curies":[{"name":"wp","href":"https:\/\/api.w.org\/{rel}","templated":true}]}}