{"id":409524,"date":"2025-09-22T13:20:20","date_gmt":"2025-09-22T13:20:20","guid":{"rendered":"https:\/\/www.europesays.com\/fr\/409524\/"},"modified":"2025-09-22T13:20:20","modified_gmt":"2025-09-22T13:20:20","slug":"des-animaux-de-la-ferme-a-lhopital-denfants","status":"publish","type":"post","link":"https:\/\/www.europesays.com\/fr\/409524\/","title":{"rendered":"des animaux de la ferme \u00e0 l\u2019h\u00f4pital d\u2019enfants"},"content":{"rendered":"<p><strong>Gr\u00e2ce \u00e0 un partenariat entre la Chambre d\u2019agriculture de Meurthe-et-Moselle et le CHRU de Nancy, la ferme s\u2019invite \u00e0 l\u2019h\u00f4pital d\u2019enfants.<\/strong><\/p>\n<p><img loading=\"lazy\" decoding=\"async\" class=\"size-full wp-image-71244\" src=\"https:\/\/www.europesays.com\/fr\/wp-content\/uploads\/2025\/09\/des-animaux-a-la-ferme-CHRU-Nancy.jpg\" alt=\"Des animaux au CHRU de Nancy (photo chambre d'agriculture 54)\" width=\"1200\" height=\"800\"  \/>Des animaux au CHRU de Nancy (photo chambre d\u2019agriculture 54)<\/p>\n<p>Le mercredi 24 septembre 2025 de 10h \u00e0 17h, la magie de la ferme s\u2019invite \u00e0 l\u2019h\u00f4pital d\u2019enfants du CHRU de Nancy sur le site des h\u00f4pitaux de Brabois \u00e0 Vand\u0153uvre-l\u00e8s-Nancy. Cette journ\u00e9e d\u2019animation exceptionnelle, au plus proche des animaux et de la vie \u00e0 la ferme, offre aux jeunes patients et aux personnes \u00e2g\u00e9es hospitalis\u00e9es une parenth\u00e8se apaisante, leur permettant d\u2019oublier durant un instant l\u2019univers hospitalier pour s\u2019immerger dans un autre monde.<\/p>\n<p>Une d\u00e9couverte immersive des animaux de la ferme<\/p>\n<p>Sur l\u2019espace vert situ\u00e9 devant la sortie des consultations, un chapiteau sp\u00e9cialement install\u00e9 accueillera patients, familles et personnels hospitaliers pour une rencontre privil\u00e9gi\u00e9e avec une vari\u00e9t\u00e9 d\u2019animaux de la ferme : \u00e2nes, poneys, alpagas, moutons, ch\u00e8vres, poules, poussins, lapins et cochons d\u2019Inde.<br \/>Ces interactions seront encadr\u00e9es par un groupe d\u2019agriculteurs du r\u00e9seau \u00ab Bienvenue \u00e0 la ferme Meurthe-et-Moselle \u00bb. Ces professionnels passionn\u00e9s, habitu\u00e9s \u00e0 accueillir \u00e9coles et familles sur leurs exploitations, partageront leur savoir-faire et leur amour du m\u00e9tier. Gr\u00e2ce \u00e0 leur expertise, petits et grands d\u00e9couvriront de mani\u00e8re ludique et p\u00e9dagogique le quotidien de ces petits compagnons.<br \/>En compl\u00e9ment, les enfants participeront \u00e0 divers ateliers p\u00e9dagogiques et artistiques anim\u00e9s par l\u2019\u00e9quipe des Blouses roses, tous en lien avec l\u2019univers de l\u2019agriculture et de la ferme.<br \/>Cette journ\u00e9e se veut une v\u00e9ritable bulle d\u2019oxyg\u00e8ne, offrant une parenth\u00e8se heureuse aux patients aupr\u00e8s des animaux familiers, source de r\u00e9confort et de bien-\u00eatre.<\/p>\n<p>Un \u00e9v\u00e9nement pl\u00e9biscit\u00e9 par les patients<\/p>\n<p>Le succ\u00e8s est au rendez-vous depuis la premi\u00e8re \u00e9dition organis\u00e9e en 2019, dans le cadre du T\u00e9l\u00e9thon, cette initiative a imm\u00e9diatement conquis son public. La seconde \u00e9dition en 2023 a confirm\u00e9 cet engouement, avec l\u2019int\u00e9gration r\u00e9ussie des personnes \u00e2g\u00e9es hospitalis\u00e9es.<br \/>Forts de ces r\u00e9ussites, la Chambre d\u2019agriculture de Meurthe-et-Moselle et le CHRU de Nancy renouvellent leur collaboration, associant une nouvelle fois les personnes \u00e2g\u00e9es suivies \u00e0 l\u2019h\u00f4pital.<\/p>\n<p>Septembre en Or : solidarit\u00e9 agricole contre les cancers p\u00e9diatriques<\/p>\n<p>Cette initiative s\u2019inscrit dans le cadre de Septembre en Or, mois de sensibilisation et de soutien \u00e0 la lutte contre les cancers p\u00e9diatriques. Cette occasion permet aux agriculteurs, aux salari\u00e9s du secteur agricole et aux organisations qui les entourent de faire valoir les valeurs d\u2019humanit\u00e9 qui animent le monde agricole.<br \/>Un appel au don a \u00e9t\u00e9 lanc\u00e9 aupr\u00e8s de ces organismes au profit de l\u2019AREMIG* (Association pour la Recherche et les \u00c9tudes dans les Maladies Infantiles Graves), \u00e0 l\u2019initiative de la Maison des Parents situ\u00e9e \u00e0 proximit\u00e9 de l\u2019H\u00f4pital d\u2019enfants \u00e0 Brabois, et qui contribue \u00e0 faire avancer la recherche contre le cancer de l\u2019enfant<\/p>\n<p>\u00a0<\/p>\n","protected":false},"excerpt":{"rendered":"Gr\u00e2ce \u00e0 un partenariat entre la Chambre d\u2019agriculture de Meurthe-et-Moselle et le CHRU de Nancy, la ferme s\u2019invite&hellip;\n","protected":false},"author":2,"featured_media":409525,"comment_status":"","ping_status":"","sticky":false,"template":"","format":"standard","meta":{"footnotes":""},"categories":[9635],"tags":[1111,11,1867,12123,1719,1777,674,1011,27,775,1702,12,25],"class_list":{"0":"post-409524","1":"post","2":"type-post","3":"status-publish","4":"format-standard","5":"has-post-thumbnail","7":"category-nancy","8":"tag-actu","9":"tag-actualites","10":"tag-animaux","11":"tag-chru-nancy","12":"tag-enfants","13":"tag-eu","14":"tag-europe","15":"tag-fr","16":"tag-france","17":"tag-grand-est","18":"tag-nancy","19":"tag-news","20":"tag-republique-francaise"},"share_on_mastodon":{"url":"https:\/\/pubeurope.com\/@fr\/115248157607216090","error":""},"_links":{"self":[{"href":"https:\/\/www.europesays.com\/fr\/wp-json\/wp\/v2\/posts\/409524","targetHints":{"allow":["GET"]}}],"collection":[{"href":"https:\/\/www.europesays.com\/fr\/wp-json\/wp\/v2\/posts"}],"about":[{"href":"https:\/\/www.europesays.com\/fr\/wp-json\/wp\/v2\/types\/post"}],"author":[{"embeddable":true,"href":"https:\/\/www.europesays.com\/fr\/wp-json\/wp\/v2\/users\/2"}],"replies":[{"embeddable":true,"href":"https:\/\/www.europesays.com\/fr\/wp-json\/wp\/v2\/comments?post=409524"}],"version-history":[{"count":0,"href":"https:\/\/www.europesays.com\/fr\/wp-json\/wp\/v2\/posts\/409524\/revisions"}],"wp:featuredmedia":[{"embeddable":true,"href":"https:\/\/www.europesays.com\/fr\/wp-json\/wp\/v2\/media\/409525"}],"wp:attachment":[{"href":"https:\/\/www.europesays.com\/fr\/wp-json\/wp\/v2\/media?parent=409524"}],"wp:term":[{"taxonomy":"category","embeddable":true,"href":"https:\/\/www.europesays.com\/fr\/wp-json\/wp\/v2\/categories?post=409524"},{"taxonomy":"post_tag","embeddable":true,"href":"https:\/\/www.europesays.com\/fr\/wp-json\/wp\/v2\/tags?post=409524"}],"curies":[{"name":"wp","href":"https:\/\/api.w.org\/{rel}","templated":true}]}}