{"id":409526,"date":"2025-09-22T13:21:12","date_gmt":"2025-09-22T13:21:12","guid":{"rendered":"https:\/\/www.europesays.com\/fr\/409526\/"},"modified":"2025-09-22T13:21:12","modified_gmt":"2025-09-22T13:21:12","slug":"jen-veux-a-la-mairie-pour-ce-toulonnais-linondation-de-son-immeuble-aurait-pu-etre-evitee","status":"publish","type":"post","link":"https:\/\/www.europesays.com\/fr\/409526\/","title":{"rendered":"\u00ab\u00a0J\u2019en veux \u00e0 la mairie\u00a0\u00bb: pour ce Toulonnais, l\u2019inondation de son immeuble aurait pu \u00eatre \u00e9vit\u00e9e"},"content":{"rendered":"<p>\u00ab\u00a0On ne savait plus o\u00f9 donner de la t\u00eate\u00a0\u00bb. \u00ab\u00a0\u00c7a a \u00e9t\u00e9 la catastrophe\u00a0\u00bb. \u00ab\u00a0C\u2019\u00e9tait pire que la guerre\u00a0\u00bb. R\u00e9veil douloureux pour les habitants du boulevard Paul Bert, particuli\u00e8rement touch\u00e9 par <a href=\"https:\/\/www.varmatin.com\/meteo\/plusieurs-sauvetages-15000-foyers-prives-d-electricite-les-urgences-de-sainte-musse-inaccessibles-on-fait-le-point-sur-les-inondations-dans-le-var-ce-dimanche-soir-1002931\" rel=\"nofollow noopener\" target=\"_blank\">les inondations, dimanche soir \u00e0 Toulon<\/a>. \u00ab\u00a0Bon bah, ma Polo 5 GTI est morte, se d\u00e9sole Daniel, 27 ans. Je l\u2019ai vue couler de mon balcon. Les warnings se sont mis en marche et une vitre s\u2019est ouverte toute seule. J\u2019ai juste eu le temps de r\u00e9cup\u00e9rer la carte grise derri\u00e8re le pare-soleil\u00a0\u00bb. Ici, une cinquantaine de voitures ont eu de l\u2019eau jusqu\u2019aux vitres, dont certaines se sont encastr\u00e9es dans d\u2019autres apr\u00e8s avoir flott\u00e9. Ce lundi matin, plusieurs rez-de-chauss\u00e9e d\u2019immeubles portent encore les stigmates.<\/p>\n<p>Au bout de la rue, tout le monde s\u2019active pour enlever le restant d\u2019eau et de boue. Dans la soir\u00e9e, Jacques et son beau-fils, venus en renfort du stade Mayol, ont ouvert les bouches d\u2019\u00e9gout avec un pied-de-biche pour tenter de limiter les d\u00e9g\u00e2ts dans \u00ab\u00a0cet entonnoir\u00a0\u00bb. Pas suffisant. \u00ab\u00a0L\u2019eau entrait par la porte du hall et allait dans les appartements, raconte cet octog\u00e9naire. Alors, on a essay\u00e9 de la rediriger vers la cave, mais elle d\u00e9bordait aussi. C\u2019\u00e9tait d\u00e9j\u00e0 trop tard. Regardez, notre plancher est tout gonfl\u00e9.\u00a0\u00bb<\/p>\n<p>\u00ab\u00a0J\u2019en tremblais. J\u2019ai m\u00eame vomi.\u00a0\u00bb<\/p>\n<p>Comme lui, sa femme de 81 ans n\u2019a pas dormi de la nuit. \u00ab\u00a0J\u2019avais peur que \u00e7a recommence les heures suivantes, confie Christiane. J\u2019en tremblais. J\u2019ai m\u00eame vomi.\u00a0\u00bb Sa fille lui a propos\u00e9 de l\u2019h\u00e9berger chez elle, en s\u00e9curit\u00e9. Elle a refus\u00e9. \u00ab\u00a0Mes parents ont pr\u00e9f\u00e9r\u00e9 sauver leurs meubles et leurs souvenirs, quitte \u00e0 \u00eatre noy\u00e9s, glisse Olivia. C\u2019\u00e9tait l\u2019affolement. Tout le monde \u00e9tait dans le noir. On s\u2019est retrouv\u00e9 isol\u00e9s.\u00a0\u00bb<\/p>\n<p>C\u2019est la deuxi\u00e8me fois qu\u2019une telle inondation leur arrive au m\u00eame endroit, la premi\u00e8re il y a une vingtaine d\u2019ann\u00e9es. Et la deuxi\u00e8me fois qu\u2019ils perdent une voiture. \u00ab\u00a0On avait contact\u00e9 la maire de Toulon en juillet pour lui dire de nettoyer la rivi\u00e8re des amoureux o\u00f9 on voyait des hautes herbes, poursuit Jacques. Parce que je savais qu\u2019un tel sc\u00e9nario pouvait se produire. On nous a r\u00e9pondu qu\u2019ils allaient s\u2019en occuper. Mais ils n\u2019ont rien fait. Pareil c\u00f4t\u00e9 M\u00e9tropole. Tout \u00e7a, c\u2019est de leur faute. Pourtant, ils savent bien que c\u2019est la saison des orages.\u00a0\u00bb \u00ab\u00a0Ils ne nettoient pas, on dirait qu\u2019on ne paye pas d\u2019imp\u00f4ts\u00a0\u00bb, s\u2019emporte \u00e0 son tour Christiane.<\/p>\n<p>Sur le m\u00eame palier, Maryse, 76 ans, passe la raclette. \u00ab\u00a0On a fait le m\u00e9nage toute la nuit, s\u2019en amuse-t-elle. Il vaut mieux en rigoler.\u00a0\u00bb Puis, d\u2019un air plus grave: \u00ab\u00a0C\u2019est vrai que j\u2019ai un peu flipp\u00e9. J\u2019ai appel\u00e9 mon fils, mais il ne pouvait pas venir de La Valette, j\u2019\u00e9tais toute seule.\u00a0\u00bb<\/p>\n<p>De l\u2019autre c\u00f4t\u00e9 de la rue, Michelle, 68 ans, \u00e9cope avec une pelle sa petite citadine rouge, qu\u2019elle venait de s\u2019offrir trois jours plus t\u00f4t. \u00ab\u00a0Qu\u2019est-ce qu\u2019on pouvait faire? Si j\u2019avais essay\u00e9 de la d\u00e9placer hier, c\u2019\u00e9tait encore pire. J\u2019aurais \u00e9t\u00e9 prise au pi\u00e8ge.\u00a0\u00bb La faute, selon elle, au seul \u00ab\u00a0r\u00e9chauffement climatique\u00a0\u00bb.<\/p>\n<p>D\u2019autres s\u2019\u00e9changent des vid\u00e9os de leur voiture sous l\u2019eau, prises la veille. \u00ab\u00a0On a re\u00e7u l\u2019alerte de la pr\u00e9fecture plus d\u2019une heure apr\u00e8s avoir \u00e9t\u00e9 inond\u00e9s, c\u2019\u00e9tait un carnage\u00a0\u00bb, s\u2019\u00e9nerve Claudine. \u00ab\u00a0Elle a perdu des milliers de voix Jos\u00e9e Massi, surench\u00e9rit Franck en \u00e9pongeant sa BMW avec une serviette depuis trois heures. \u00ab\u00a0Tout le monde est en col\u00e8re, ici. Mais ils s\u2019en foutent. Ils ne sont m\u00eame pas venus nous voir ce matin.\u00a0\u00bb \u00ab\u00a0Vous voyez l\u00e0, c\u2019est ma chienne qui nage en plein milieu de la rue\u00a0\u00bb, partage un habitant.<\/p>\n<p>\u00ab\u00a0L\u2019eau passait par les fen\u00eatres\u00a0\u00bb<\/p>\n<p>\u00c0 quelques flaques de l\u00e0, Rosa, 83 ans, a pu compter sur l\u2019aide de ses voisins du premier \u00e9tage, alors que l\u2019eau a atteint plus de vingt centim\u00e8tres partout chez elle. \u00ab\u00a0Je suis handicap\u00e9e, pr\u00e9cise-t-elle, alors que sa voisine et son aide m\u00e9nag\u00e8re \u00e9vacuent le plus gros. Heureusement, qu\u2019ils m\u2019ont aid\u00e9e \u00e0 monter. Ils m\u2019ont soulag\u00e9e de tout \u00e7a.\u00a0\u00bb Elle aussi a v\u00e9cu les pr\u00e9c\u00e9dentes inondations. \u00ab\u00a0C\u2019\u00e9tait un 23 septembre, se souvient-elle, encore marqu\u00e9e. On ne pouvait m\u00eame pas ouvrir le vide sanitaire de crainte d\u2019\u00eatre aspir\u00e9.\u00a0\u00bb<\/p>\n<p>Sur le m\u00eame palier, deux jeunes de l\u2019ASE sont totalement d\u00e9boussol\u00e9s. Chez eux, tout est encore tremp\u00e9. Ils n\u2019ont pu sauver ni leur linge, ni leur trottinette \u00e9lectrique. \u00ab\u00a0L\u2019eau passait par les fen\u00eatres et a ouvert la porte d\u2019entr\u00e9e. En voulant la refermer je me suis bless\u00e9 \u00e0 la main, souffle Abou, 17 ans. Les pompiers ont r\u00e9ussi \u00e0 m\u2019emmener \u00e0 l\u2019h\u00f4pital pour me faire recoudre. On a dormi l\u00e0-bas. Qu\u2019est-ce qu\u2019on va faire maintenant?\u00a0\u00bb<\/p>\n<p>Devant la Pizzeria Angelo, l\u2019eau est mont\u00e9e \u00e0 pr\u00e8s d\u2019un m\u00e8tre. Pareil dans le salon de coiffure d\u2019\u00e0 c\u00f4t\u00e9, tenu par le m\u00eame couple. \u00ab\u00a0C\u2019est un voisin qui m\u2019a pr\u00e9venu hier soir, rapporte Amandine, 41 ans. Quand on est arriv\u00e9s sur place, il y avait d\u00e9j\u00e0 de la boue partout. On ne pouvait pas rentrer \u00e0 l\u2019int\u00e9rieur.\u00a0\u00bb Andr\u00e9, son mari, ajoute: \u00ab\u00a0On ne pouvait rien faire. Les pompiers nous ont dit de partir parce qu\u2019on risquait d\u2019\u00eatre aspir\u00e9 par une bouche d\u2019\u00e9gout. Et \u00e9lectrocut\u00e9 par un \u00e9clair sur 300m\u00e8tres\u00a0\u00bb. Amandine retourne \u00e0 son salon: \u00ab\u00a0Je vous laisse. Il faut que j\u2019aille acheter des raclettes.\u00a0\u00bb<\/p>\n<p>              <img ci-src=\"https:\/\/www.varmatin.com\/meteo\/protec\/DATA_ART_16285690-Rt5sVsTS.jpg?vh=f173b6&amp;ci_seal=bac2e045aa\" alt=\"\"\/><br \/>\n        Avec son beau-fils, Jacques, 86 ans, a pass\u00e9 une partie de la nuit a tent\u00e9 de limiter les d\u00e9g\u00e2ts.&#13;<br \/>\n(Photo M.Z.) <strong>M.Z. &#8211; Nice Matin.<\/strong> <\/p>\n","protected":false},"excerpt":{"rendered":"\u00ab\u00a0On ne savait plus o\u00f9 donner de la t\u00eate\u00a0\u00bb. \u00ab\u00a0\u00c7a a \u00e9t\u00e9 la catastrophe\u00a0\u00bb. \u00ab\u00a0C\u2019\u00e9tait pire que la&hellip;\n","protected":false},"author":2,"featured_media":409527,"comment_status":"","ping_status":"","sticky":false,"template":"","format":"standard","meta":{"footnotes":""},"categories":[9619],"tags":[1111,11,1777,674,1011,27,2487,12,882,25,2310],"class_list":{"0":"post-409526","1":"post","2":"type-post","3":"status-publish","4":"format-standard","5":"has-post-thumbnail","7":"category-toulon","8":"tag-actu","9":"tag-actualites","10":"tag-eu","11":"tag-europe","12":"tag-fr","13":"tag-france","14":"tag-meteo","15":"tag-news","16":"tag-provence-alpes-cote-dazur","17":"tag-republique-francaise","18":"tag-toulon"},"share_on_mastodon":{"url":"https:\/\/pubeurope.com\/@fr\/115248161329972534","error":""},"_links":{"self":[{"href":"https:\/\/www.europesays.com\/fr\/wp-json\/wp\/v2\/posts\/409526","targetHints":{"allow":["GET"]}}],"collection":[{"href":"https:\/\/www.europesays.com\/fr\/wp-json\/wp\/v2\/posts"}],"about":[{"href":"https:\/\/www.europesays.com\/fr\/wp-json\/wp\/v2\/types\/post"}],"author":[{"embeddable":true,"href":"https:\/\/www.europesays.com\/fr\/wp-json\/wp\/v2\/users\/2"}],"replies":[{"embeddable":true,"href":"https:\/\/www.europesays.com\/fr\/wp-json\/wp\/v2\/comments?post=409526"}],"version-history":[{"count":0,"href":"https:\/\/www.europesays.com\/fr\/wp-json\/wp\/v2\/posts\/409526\/revisions"}],"wp:featuredmedia":[{"embeddable":true,"href":"https:\/\/www.europesays.com\/fr\/wp-json\/wp\/v2\/media\/409527"}],"wp:attachment":[{"href":"https:\/\/www.europesays.com\/fr\/wp-json\/wp\/v2\/media?parent=409526"}],"wp:term":[{"taxonomy":"category","embeddable":true,"href":"https:\/\/www.europesays.com\/fr\/wp-json\/wp\/v2\/categories?post=409526"},{"taxonomy":"post_tag","embeddable":true,"href":"https:\/\/www.europesays.com\/fr\/wp-json\/wp\/v2\/tags?post=409526"}],"curies":[{"name":"wp","href":"https:\/\/api.w.org\/{rel}","templated":true}]}}