{"id":409542,"date":"2025-09-22T13:29:10","date_gmt":"2025-09-22T13:29:10","guid":{"rendered":"https:\/\/www.europesays.com\/fr\/409542\/"},"modified":"2025-09-22T13:29:10","modified_gmt":"2025-09-22T13:29:10","slug":"auteurs-dune-agression-homophobe-et-condamnes-ils-sont-recherches","status":"publish","type":"post","link":"https:\/\/www.europesays.com\/fr\/409542\/","title":{"rendered":"auteurs d&rsquo;une agression homophobe et condamn\u00e9s, ils sont recherch\u00e9s"},"content":{"rendered":"<p>            Par<br \/>\n        <strong><br \/>\n            <a href=\"https:\/\/actu.fr\/auteur\/redaction-rennes\" title=\"Consulter tous les articles de R\u00e9daction Rennes\" rel=\"nofollow noopener\" target=\"_blank\">R\u00e9daction Rennes<\/a><br \/>\n        <\/strong><\/p>\n<p>        Publi\u00e9 le<\/p>\n<p>            22 sept. 2025 \u00e0 14h30        <\/p>\n<p>Les faits s\u2019\u00e9taient d\u00e9roul\u00e9s dans la nuit du 26 au 27 ao\u00fbt 2023, vers 3h du matin <strong>\u00e0 la sortie du bar Le Church<\/strong>, en plein centre-ville de Rennes. Un groupe d\u2019\u00e9tudiants quittait l\u2019\u00e9tablissement lorsque l\u2019un d\u2019eux, Matt\u00e9o, avait offert une cigarette \u00e0 un homme. Alors que ce dernier le remerciait, il avait r\u00e9pondu par un <strong>\u00ab\u2009de rien, beau gosse\u2009\u00bb.<\/strong> Deux agresseurs, qui ne sont pas pr\u00e9sent\u00e9s \u00e0 l\u2019audience au tribunal correctionnel de Rennes, vendredi 19 septembre 2025, ont \u00e9t\u00e9 <strong>condamn\u00e9s<\/strong> en leur absence. <strong>Un mandat d\u2019arr\u00eat<\/strong> a \u00e9t\u00e9 d\u00e9livr\u00e9 \u00e0 leur encontre.<\/p>\n<p>Rou\u00e9 de coups<\/p>\n<p class=\" wall-content\">Pour rappel, cette nuit-l\u00e0, un groupe de \u00ab\u2009quatre \u00e0 six personnes\u2009\u00bb \u00e9tait revenu s\u2019en prendre \u00e0 Matt\u00e9o, qu\u2019ils supposaient \u00eatre homosexuel. Le jeune homme avait \u00e9t\u00e9 <strong>rou\u00e9 de coups de poing et de pied<\/strong> alors qu\u2019il se trouvait au sol.<\/p>\n<p class=\" wall-content\">En tentant de le d\u00e9fendre, <strong>sa petite amie No\u00e9mie<\/strong> avait re\u00e7u <strong>un coup de poing au visage<\/strong>. Une autre amie du jeune homme, Eleanor, s\u2019\u00e9tait quant \u00e0 elle vue <strong>arracher violemment son t\u00e9l\u00e9phone<\/strong> alors qu\u2019elle tentait de pr\u00e9venir la police.<\/p>\n<p class=\" wall-content\">L\u2019expertise m\u00e9dicale, qui a retenu deux jours d\u2019incapacit\u00e9 totale de travail (ITT) pour Matt\u00e9o, t\u00e9moigne de la \u00ab\u2009violence\u2009\u00bb de l\u2019agression\u2009: le jeune homme pr\u00e9sentait <strong>des \u00ab\u2009l\u00e9sions importantes au visage\u2009\u00bb<\/strong> et de <strong>\u00ab\u2009multiples fractures\u2009\u00bb.<\/strong><\/p>\n<p>Deux SDF interpell\u00e9s<\/p>\n<p class=\" wall-content\">Un premier agresseur, Math\u00e9o, a \u00e9t\u00e9 interpell\u00e9 lors d\u2019un contr\u00f4le d\u2019identit\u00e9 plusieurs mois apr\u00e8s les faits. Devant les gendarmes, il a reconnu avoir <strong>distribu\u00e9 des \u00ab\u2009claques\u2009\u00bb et des \u00ab\u2009patates\u2009\u00bb<\/strong> et qu\u2019il lui \u00e9tait \u00ab\u2009d\u00e9j\u00e0 arriv\u00e9 de se retrouver dans des bagarres\u2009\u00bb.<\/p>\n<p class=\" wall-content\">Un autre agresseur, Sullivan, a \u00e9t\u00e9 arr\u00eat\u00e9 par un policier qui l\u2019avait reconnu d\u2019apr\u00e8s la description faite par les victimes. <strong>Ces deux hommes \u00ab\u2009sans domicile fixe\u2009\u00bb<\/strong> comptent d\u00e9j\u00e0 plusieurs condamnations \u00e0 leur casier judiciaire.<\/p>\n<p>Votre r\u00e9gion, votre actu !<\/p>\n<p>Recevez chaque jour les infos qui comptent pour vous.<\/p>\n<p>\t<a href=\"https:\/\/actu.fr\/newsletter\" class=\"ac-btn ac-btn--corner ac-btn--medium ac-btn--blue800\" rel=\"nofollow noopener\" target=\"_blank\">S&rsquo;incrire<\/a><\/p>\n<p class=\" wall-content\">Seule No\u00e9mie, la petite amie de Matt\u00e9o, a fait le d\u00e9placement au tribunal correctionnel de Rennes ce vendredi matin. Tr\u00e8s \u00e9mue et sans avocat, la jeune femme \u2013 qui poursuit actuellement ses \u00e9tudes \u00e0 Saint-Malo (Ille-et-Vilaine) \u2013 a racont\u00e9 <strong>les s\u00e9quelles psychologiques laiss\u00e9es par l\u2019agression.<\/strong><\/p>\n<blockquote class=\"ac-article-quote wall-content\">\n<p>Cette rue-l\u00e0 [o\u00f9 se trouve le bar de nuit, N.D.L.R], je ne pouvais plus du tout l&#8217;emprunter. Je regardais toujours derri\u00e8re moi et j&rsquo;essayais de me faire raccompagner.<\/p>\n<p>    <strong>No\u00e9mie<\/strong><br \/>\n        Petite amie de Matt\u00e9o    <\/p><\/blockquote>\n<p class=\" wall-content\">La jeune femme assure en faire <strong>des \u00ab\u2009cauchemars\u2009\u00bb<\/strong> encore aujourd\u2019hui.<\/p>\n<p>\u00ab\u2009On a l\u2019impression qu\u2019ils s\u2019en fichent compl\u00e8tement\u2009\u00bb<\/p>\n<p class=\" wall-content\">Touch\u00e9e par l\u2019\u00e9motion de l\u2019\u00e9tudiante \u00e0 la barre, une avocate pr\u00e9sente dans la salle d\u2019audience pour un autre dossier a alors d\u00e9cid\u00e9 d\u2019improviser une plaidoirie pour elle.<\/p>\n<p class=\" wall-content\">\u00ab\u2009C\u2019est un traumatisme qui revit aujourd\u2019hui devant vous\u2009\u00bb, a-t-elle lanc\u00e9 au pr\u00e9sident du tribunal correctionnel de Rennes en faisant part de <strong>son \u00ab\u2009\u00e9c\u0153urement\u2009\u00bb<\/strong> face aux deux pr\u00e9venus. \u00ab\u2009On a l\u2019impression qu\u2019ils s\u2019en fichent compl\u00e8tement\u2009\u00bb, a-t-elle l\u00e2ch\u00e9.<\/p>\n<p class=\" wall-content\"><strong>Aucun d\u2019eux ne s\u2019est effectivement pr\u00e9sent\u00e9 \u00e0 l\u2019audience.<\/strong><\/p>\n<p>Un an de prison ferme<\/p>\n<p class=\" wall-content\">Relevant le<strong> \u00ab\u2009v\u00e9ritable acharnement\u2009\u00bb<\/strong> des agresseurs et leur <strong>\u00ab\u2009violence gratuite\u2009\u00bb,<\/strong> la procureure de la R\u00e9publique avait requis huit mois de prison ferme \u00e0 l\u2019encontre de Math\u00e9o et neuf \u00e0 l\u2019encontre de Sullivan.<\/p>\n<p class=\" wall-content\">Le tribunal est donc all\u00e9 au-del\u00e0 de ses r\u00e9quisitions en condamnant les deux pr\u00e9venus \u00e0 <strong>un an de prison ferme<\/strong>. Ils devront aussi payer 100\u00a0euros \u00e0 No\u00e9mie pour son \u00ab\u2009pr\u00e9judice mat\u00e9riel\u2009\u00bb et 900\u00a0euros pour les \u00ab\u2009souffrances endur\u00e9es\u2009\u00bb. <strong>Un mandat d\u2019arr\u00eat<\/strong> ayant \u00e9t\u00e9 d\u00e9livr\u00e9 \u00e0 leur encontre.<\/p>\n<p class=\" wall-content\"><strong>RB et GF (PressPepper)<\/strong><\/p>\n<p class=\" wall-content\">Personnalisez votre actualit\u00e9 en ajoutant vos villes et m\u00e9dias en favori avec <a href=\"https:\/\/moncompte.actu.fr\" title=\"D\u00e9couvez Mon Actu\" rel=\"nofollow noopener\" data-trk=\"{&quot;cta&quot;:{&quot;action&quot;:&quot;https:\\\/\\\/moncompte.actu.fr&quot;,&quot;category&quot;:&quot;mon compte&quot;,&quot;from&quot;:&quot;article footer&quot;,&quot;name&quot;:&quot;Mon actu&quot;,&quot;type&quot;:&quot;cta&quot;}}\" target=\"_blank\">Mon Actu<\/a>.<\/p>\n","protected":false},"excerpt":{"rendered":"Par R\u00e9daction Rennes Publi\u00e9 le 22 sept. 2025 \u00e0 14h30 Les faits s\u2019\u00e9taient d\u00e9roul\u00e9s dans la nuit du&hellip;\n","protected":false},"author":2,"featured_media":409543,"comment_status":"","ping_status":"","sticky":false,"template":"","format":"standard","meta":{"footnotes":""},"categories":[2821],"tags":[1111,11,829,1777,674,118,1011,27,8717,303,12,584,25],"class_list":{"0":"post-409542","1":"post","2":"type-post","3":"status-publish","4":"format-standard","5":"has-post-thumbnail","7":"category-rennes","8":"tag-actu","9":"tag-actualites","10":"tag-bretagne","11":"tag-eu","12":"tag-europe","13":"tag-faits-divers","14":"tag-fr","15":"tag-france","16":"tag-homophobie","17":"tag-justice","18":"tag-news","19":"tag-rennes","20":"tag-republique-francaise"},"share_on_mastodon":{"url":"https:\/\/pubeurope.com\/@fr\/115248192895977829","error":""},"_links":{"self":[{"href":"https:\/\/www.europesays.com\/fr\/wp-json\/wp\/v2\/posts\/409542","targetHints":{"allow":["GET"]}}],"collection":[{"href":"https:\/\/www.europesays.com\/fr\/wp-json\/wp\/v2\/posts"}],"about":[{"href":"https:\/\/www.europesays.com\/fr\/wp-json\/wp\/v2\/types\/post"}],"author":[{"embeddable":true,"href":"https:\/\/www.europesays.com\/fr\/wp-json\/wp\/v2\/users\/2"}],"replies":[{"embeddable":true,"href":"https:\/\/www.europesays.com\/fr\/wp-json\/wp\/v2\/comments?post=409542"}],"version-history":[{"count":0,"href":"https:\/\/www.europesays.com\/fr\/wp-json\/wp\/v2\/posts\/409542\/revisions"}],"wp:featuredmedia":[{"embeddable":true,"href":"https:\/\/www.europesays.com\/fr\/wp-json\/wp\/v2\/media\/409543"}],"wp:attachment":[{"href":"https:\/\/www.europesays.com\/fr\/wp-json\/wp\/v2\/media?parent=409542"}],"wp:term":[{"taxonomy":"category","embeddable":true,"href":"https:\/\/www.europesays.com\/fr\/wp-json\/wp\/v2\/categories?post=409542"},{"taxonomy":"post_tag","embeddable":true,"href":"https:\/\/www.europesays.com\/fr\/wp-json\/wp\/v2\/tags?post=409542"}],"curies":[{"name":"wp","href":"https:\/\/api.w.org\/{rel}","templated":true}]}}