{"id":409570,"date":"2025-09-22T13:44:11","date_gmt":"2025-09-22T13:44:11","guid":{"rendered":"https:\/\/www.europesays.com\/fr\/409570\/"},"modified":"2025-09-22T13:44:11","modified_gmt":"2025-09-22T13:44:11","slug":"deux-hommes-sen-prennent-a-leurs-compagnes-respectives-apres-un-differend-routier","status":"publish","type":"post","link":"https:\/\/www.europesays.com\/fr\/409570\/","title":{"rendered":"Deux hommes s&rsquo;en prennent \u00e0 leurs compagnes respectives apr\u00e8s un diff\u00e9rend routier"},"content":{"rendered":"<p>D\u2019ordinaire, ce genre d\u2019affaire, initi\u00e9 par un coup de klaxon malencontreux se solde <a href=\"https:\/\/www.laprovence.com\/article\/faits-divers-justice\/24727011857399\/marseille-un-differend-entre-automobilistes-finit-a-coups-de-couteau\" target=\"_blank\" rel=\"noopener\">par des coups et blessures<\/a> entre m\u00e2les dominants intol\u00e9rants \u00e0 la frustration. Mais ce dimanche apr\u00e8s-midi du 21\u00a0septembre\u00a02025, peu avant que la pluie ne douche les trop-pleins de testost\u00e9rone, vers 17h30, c\u2019est une curieuse sc\u00e8ne qu\u2019ont d\u00e9couvert les policiers en d\u00e9boulant sur le lieu d\u2019une agression \u00e0 <a href=\"https:\/\/www.laprovence.com\/article\/region\/4524565826979614\/la-ville-de-marseille-veut-faire-classer-l-eglise-de-pont-de-vivaux-vendue-par-le-diocese\" target=\"_blank\" rel=\"noopener\">Pont-de-Vivaux<\/a>, dans le 10e arrondissement de Marseille.<\/p>\n<p>Une altercation, au d\u00e9part banale, avait \u00e9clat\u00e9 un peu plus t\u00f4t entre deux automobilistes sur l\u2019avenue Lily-Pastr\u00e9. Assez pour que les jeunes femmes au volant, toutes deux accompagn\u00e9es de leurs conjoints en place passager, stoppent leurs v\u00e9hicules et sortent s\u2019expliquer.<\/p>\n<p>Les deux jeunes femmes l\u00e9g\u00e8rement bless\u00e9es par les deux hommes<\/p>\n<p>L\u2019un des hommes serait soudain sorti \u00e0 son tour, exhibant un couteau avant d\u2019en porter un coup \u00e0 l\u2019autre jeune femme, la blessant l\u00e9g\u00e8rement au niveau de la cuisse.<\/p>\n<p>C\u2019est alors que le compagnon de la victime a, lui aussi, rejoint la m\u00eal\u00e9e\u2026 mais pour frapper l\u2019autre jeune femme, qui a re\u00e7u un coup de poing au visage. \u00c2g\u00e9 de 21\u00a0ans, l\u2019homme soup\u00e7onn\u00e9 d\u2019avoir port\u00e9 le coup de couteau a \u00e9t\u00e9 interpell\u00e9 et plac\u00e9 en garde \u00e0 vue.<\/p>\n","protected":false},"excerpt":{"rendered":"D\u2019ordinaire, ce genre d\u2019affaire, initi\u00e9 par un coup de klaxon malencontreux se solde par des coups et blessures&hellip;\n","protected":false},"author":2,"featured_media":409571,"comment_status":"","ping_status":"","sticky":false,"template":"","format":"standard","meta":{"footnotes":""},"categories":[2814],"tags":[17,1111,11,13376,4070,1777,674,274,1011,27,1101,3591,884,12,32966,882,25,54085,24236],"class_list":{"0":"post-409570","1":"post","2":"type-post","3":"status-publish","4":"format-standard","5":"has-post-thumbnail","7":"category-marseille","8":"tag-17","9":"tag-actu","10":"tag-actualites","11":"tag-compagnes","12":"tag-deux","13":"tag-eu","14":"tag-europe","15":"tag-faits-divers-justice","16":"tag-fr","17":"tag-france","18":"tag-hommes","19":"tag-leurs","20":"tag-marseille","21":"tag-news","22":"tag-prennent","23":"tag-provence-alpes-cote-dazur","24":"tag-republique-francaise","25":"tag-respectives","26":"tag-sen"},"share_on_mastodon":{"url":"https:\/\/pubeurope.com\/@fr\/115248252001443165","error":""},"_links":{"self":[{"href":"https:\/\/www.europesays.com\/fr\/wp-json\/wp\/v2\/posts\/409570","targetHints":{"allow":["GET"]}}],"collection":[{"href":"https:\/\/www.europesays.com\/fr\/wp-json\/wp\/v2\/posts"}],"about":[{"href":"https:\/\/www.europesays.com\/fr\/wp-json\/wp\/v2\/types\/post"}],"author":[{"embeddable":true,"href":"https:\/\/www.europesays.com\/fr\/wp-json\/wp\/v2\/users\/2"}],"replies":[{"embeddable":true,"href":"https:\/\/www.europesays.com\/fr\/wp-json\/wp\/v2\/comments?post=409570"}],"version-history":[{"count":0,"href":"https:\/\/www.europesays.com\/fr\/wp-json\/wp\/v2\/posts\/409570\/revisions"}],"wp:featuredmedia":[{"embeddable":true,"href":"https:\/\/www.europesays.com\/fr\/wp-json\/wp\/v2\/media\/409571"}],"wp:attachment":[{"href":"https:\/\/www.europesays.com\/fr\/wp-json\/wp\/v2\/media?parent=409570"}],"wp:term":[{"taxonomy":"category","embeddable":true,"href":"https:\/\/www.europesays.com\/fr\/wp-json\/wp\/v2\/categories?post=409570"},{"taxonomy":"post_tag","embeddable":true,"href":"https:\/\/www.europesays.com\/fr\/wp-json\/wp\/v2\/tags?post=409570"}],"curies":[{"name":"wp","href":"https:\/\/api.w.org\/{rel}","templated":true}]}}