{"id":409572,"date":"2025-09-22T13:45:13","date_gmt":"2025-09-22T13:45:13","guid":{"rendered":"https:\/\/www.europesays.com\/fr\/409572\/"},"modified":"2025-09-22T13:45:13","modified_gmt":"2025-09-22T13:45:13","slug":"la-metropole-et-le-conseil-departemental-presides-par-martine-vassal-perquisitionnes","status":"publish","type":"post","link":"https:\/\/www.europesays.com\/fr\/409572\/","title":{"rendered":"La m\u00e9tropole et le Conseil d\u00e9partemental, pr\u00e9sid\u00e9s par Martine Vassal, perquisitionn\u00e9s"},"content":{"rendered":"<p>Un mauvais pr\u00e9sage \u00e0 quelques mois des <a href=\"https:\/\/www.20minutes.fr\/municipales\/\" class=\"c-link c-link--is-underlined\" target=\"_blank\" rel=\"noopener\">municipales\u00a02026<\/a>\u00a0? Les si\u00e8ges du Conseil d\u00e9partemental des <a href=\"https:\/\/www.20minutes.fr\/dossier\/bouches-rhone\" class=\"c-link c-link--is-underlined\" target=\"_blank\" rel=\"noopener\">Bouches-du-Rh\u00f4ne<\/a> et de la <a href=\"https:\/\/www.20minutes.fr\/dossier\/metropoles\" class=\"c-link c-link--is-underlined\" target=\"_blank\" rel=\"noopener\">m\u00e9tropole<\/a> Aix-Marseille, deux institutions pr\u00e9sid\u00e9es par <a href=\"https:\/\/www.20minutes.fr\/politique\/martine-vassal\/\" class=\"c-link c-link--is-underlined\" target=\"_blank\" rel=\"noopener\">Martine Vassal<\/a>, ont \u00e9t\u00e9 perquisitionn\u00e9s ce lundi matin. Dans un communiqu\u00e9, les deux collectivit\u00e9s ont confirm\u00e9 ces \u00ab\u00a0actes d\u2019enqu\u00eates n\u00e9cessaires \u00e0 l\u2019\u00e9laboration\u00a0\u00bb, qui avaient \u00e9t\u00e9 r\u00e9v\u00e9l\u00e9s par <a href=\"https:\/\/www.laprovence.com\/article\/politique\/6330739292399814\/perquisitions-au-conseil-departemental-des-bouches-du-rhone-ce-lundi-matin\" rel=\"nofollow noopener\" target=\"_blank\" class=\"c-link c-link--is-underlined\">La Provence<\/a>.<\/p>\n<\/p>\n<p>Ces perquisitions ont \u00e9t\u00e9 men\u00e9es dans le cadre de deux enqu\u00eates pr\u00e9liminaires distinctes men\u00e9es par le parquet de <a href=\"https:\/\/www.20minutes.fr\/magazine\/tendances-marseille-mag\/\" class=\"c-link c-link--is-underlined\" target=\"_blank\" rel=\"noopener\">Marseille<\/a> \u00e0 la suite du signalement d\u2019un haut fonctionnaire, Erwan Davoux, au titre de l\u2019article\u00a040 du code de proc\u00e9dure p\u00e9nale. La premi\u00e8re pour des soup\u00e7ons de <a href=\"https:\/\/www.20minutes.fr\/politique\/4169185-20250823-marseille-accusee-detournement-fonds-publics-martine-vassal-denonce-infractions-imaginaires\" class=\"c-link c-link--is-underlined\" target=\"_blank\" rel=\"noopener\">\u00ab\u00a0d\u00e9tournement de fonds publics, trafic d\u2019influence et corruption\u00a0\u00bb<\/a> et la seconde pour des soup\u00e7ons de \u00ab\u00a0chantage et incitation \u00e0 la haine\u00a0\u00bb, \u00e0 la suite d\u2019un signalement cette fois du d\u00e9partement des Bouches-du-Rh\u00f4ne.<\/p>\n<p>Client\u00e9lisme et voyages dispendieux<\/p>\n<p>Ce dernier est l\u2019ancien directeur des relations internationales du d\u00e9partement des Bouches-du-Rh\u00f4ne dont le contrat n\u2019a pas \u00e9t\u00e9 renouvel\u00e9. Ancien charg\u00e9 de mission \u00e0 l\u2019\u00c9lys\u00e9e, pass\u00e9 par la DGSE, et la r\u00e9gion Ile-de-France, il a soulev\u00e9 cet article\u00a040 en d\u00e9non\u00e7ant des voyages officiels \u00ab\u00a0dispendieux\u00a0\u00bb \u00e0 l\u2019\u00e9tranger ou des subventions \u00ab\u00a0client\u00e9listes\u00a0\u00bb \u00e0 des associations des communaut\u00e9s juive et arm\u00e9nienne de Marseille, accusations r\u00e9v\u00e9l\u00e9es dans une enqu\u00eate du <a href=\"https:\/\/www.nouvelobs.com\/justice\/20250821.OBS106902\/marseille-enquete-sur-le-tres-cher-systeme-vassal.html\" rel=\"nofollow noopener\" target=\"_blank\" class=\"c-link c-link--is-underlined\">Nouvel Obs.<\/a> Il d\u00e9nonce \u00e9galement la relation entre Martine Vassal et son directeur de cabinet au motif que \u00ab\u00a0la loi pour la confiance de la vie politique interdit de compter parmi les membres de son cabinet son mari, son concubin ou partenaire\u00a0\u00bb.<\/p>\n<p><a href=\"https:\/\/www.20minutes.fr\/marseille\/\" class=\"c-link c-btn c-btn--primary\" target=\"_blank\" rel=\"noopener\">Retrouvez tous nos articles sur l&rsquo;actualit\u00e9 \u00e0 Marseille<\/a><\/p>\n<p>La <a href=\"https:\/\/www.20minutes.fr\/politique\/4172936-20250913-marseille-martine-vassal-candidate-droite-centre-mairie\" class=\"c-link c-link--is-underlined\" target=\"_blank\" rel=\"noopener\">candidate de la droite et du centre pour conqu\u00e9rir la mairie de Marseille,<\/a> Martine Vassal, a d\u00e9nonc\u00e9 cette affaire comme une man\u0153uvre politique. Il s\u2019agit pour elle d&rsquo;\u00ab\u00a0infractions imaginaires\u00a0\u00bb, pr\u00e9cisant avoir refus\u00e9 de \u00ab\u00a0verser pr\u00e8s de 300.000 euros\u00a0\u00bb d\u2019indemnit\u00e9s \u00e0 Erwan Davoux, qualifi\u00e9 dans le communiqu\u00e9 des deux collectivit\u00e9s de \u00ab\u00a0ma\u00eetre chanteur\u00a0\u00bb.<\/p>\n","protected":false},"excerpt":{"rendered":"Un mauvais pr\u00e9sage \u00e0 quelques mois des municipales\u00a02026\u00a0? Les si\u00e8ges du Conseil d\u00e9partemental des Bouches-du-Rh\u00f4ne et de la&hellip;\n","protected":false},"author":2,"featured_media":409573,"comment_status":"","ping_status":"","sticky":false,"template":"","format":"standard","meta":{"footnotes":""},"categories":[2814],"tags":[1111,47,11,885,30456,1770,2761,1067,1777,674,1011,27,5415,884,21363,12,883,316,882,25],"class_list":{"0":"post-409572","1":"post","2":"type-post","3":"status-publish","4":"format-standard","5":"has-post-thumbnail","7":"category-marseille","8":"tag-actu","9":"tag-actualite","10":"tag-actualites","11":"tag-bouches-du-rhone","12":"tag-conseil-departemental","13":"tag-corruption","14":"tag-elections-municipales-2026","15":"tag-enquete","16":"tag-eu","17":"tag-europe","18":"tag-fr","19":"tag-france","20":"tag-mairie","21":"tag-marseille","22":"tag-martine-vassal","23":"tag-news","24":"tag-paca","25":"tag-politique","26":"tag-provence-alpes-cote-dazur","27":"tag-republique-francaise"},"share_on_mastodon":{"url":"https:\/\/pubeurope.com\/@fr\/115248255791344098","error":""},"_links":{"self":[{"href":"https:\/\/www.europesays.com\/fr\/wp-json\/wp\/v2\/posts\/409572","targetHints":{"allow":["GET"]}}],"collection":[{"href":"https:\/\/www.europesays.com\/fr\/wp-json\/wp\/v2\/posts"}],"about":[{"href":"https:\/\/www.europesays.com\/fr\/wp-json\/wp\/v2\/types\/post"}],"author":[{"embeddable":true,"href":"https:\/\/www.europesays.com\/fr\/wp-json\/wp\/v2\/users\/2"}],"replies":[{"embeddable":true,"href":"https:\/\/www.europesays.com\/fr\/wp-json\/wp\/v2\/comments?post=409572"}],"version-history":[{"count":0,"href":"https:\/\/www.europesays.com\/fr\/wp-json\/wp\/v2\/posts\/409572\/revisions"}],"wp:featuredmedia":[{"embeddable":true,"href":"https:\/\/www.europesays.com\/fr\/wp-json\/wp\/v2\/media\/409573"}],"wp:attachment":[{"href":"https:\/\/www.europesays.com\/fr\/wp-json\/wp\/v2\/media?parent=409572"}],"wp:term":[{"taxonomy":"category","embeddable":true,"href":"https:\/\/www.europesays.com\/fr\/wp-json\/wp\/v2\/categories?post=409572"},{"taxonomy":"post_tag","embeddable":true,"href":"https:\/\/www.europesays.com\/fr\/wp-json\/wp\/v2\/tags?post=409572"}],"curies":[{"name":"wp","href":"https:\/\/api.w.org\/{rel}","templated":true}]}}