{"id":409578,"date":"2025-09-22T13:49:13","date_gmt":"2025-09-22T13:49:13","guid":{"rendered":"https:\/\/www.europesays.com\/fr\/409578\/"},"modified":"2025-09-22T13:49:13","modified_gmt":"2025-09-22T13:49:13","slug":"epinay-sur-seine-a-sa-micro-folie-lecho-ile-de-france","status":"publish","type":"post","link":"https:\/\/www.europesays.com\/fr\/409578\/","title":{"rendered":"\u00c9pinay-sur-Seine a sa Micro-Folie &#8211; L&rsquo;\u00c9cho \u00cele-de-France"},"content":{"rendered":"<p>D\u00e9mocratiser l\u2019acc\u00e8s \u00e0 la culture. Telle est la vocation des Micro-Folies. Port\u00e9 par le minist\u00e8re de la Culture et coordonn\u00e9 par La Villette, ce dispositif a pris ses quartiers \u00e0 \u00c9pinay-sur-Seine avec l\u2019ouverture d\u2019un nouveau lieu de culture accessible gratuitement \u00e0 tous inaugur\u00e9 samedi,<b> <\/b>\u00e0 l\u2019occasion des Journ\u00e9es europ\u00e9ennes du Patrimoine.<\/p>\n<p>Cette Micro-Folie a \u00e9t\u00e9 am\u00e9nag\u00e9e au premier \u00e9tage de la MC2 (35 rue de Paris). \u00ab La MC\u00b2, notre Maison de la \u00ab Culture et de la Citoyennet\u00e9 \u00bb, avait le profil parfait pour accueillir ce petit bijou. Elle est centrale, conviviale, vivante. Bref, elle coche toutes les cases pour que cette aventure soit un succ\u00e8s \u00bb, estime Nadia Ka\u00efs,<b>\u00a0<\/b>conseill\u00e8re municipale d\u00e9l\u00e9gu\u00e9e aux activit\u00e9s socioculturelles. Comme toutes les Micro-Folies, celle d\u2019\u00c9pinay dispose d\u2019un mus\u00e9e num\u00e9rique o\u00f9 il est possible d\u2019admirer sur \u00e9cran plus de 5 000 chefs-d\u2019\u0153uvre num\u00e9ris\u00e9s expos\u00e9s dans les plus grandes institutions et mus\u00e9es du monde entier comme La Joconde, Le Penseur de Rodin ou les fresques de la chapelle Sixtine du Vatican.<\/p>\n<p>Les usagers du site y trouvent \u00e9galement un fab lab (dot\u00e9 de deux imprimantes 3D, d\u2019une d\u00e9coupeuse laser et d\u2019une d\u00e9coupeuse vinyle) pour donner corps \u00e0 leurs id\u00e9es et projets<b\/>, une salle multi-activit\u00e9s, un espace de convivialit\u00e9 avec un salon de lecture et enfin un espace exposition, jeux et r\u00e9alit\u00e9 virtuelle o\u00f9 trois casques de r\u00e9alit\u00e9 virtuelle (en libre acc\u00e8s pour les plus de 12 ans) permettent \u00e0 leurs porteurs de d\u00e9ambuler sur les plages de Tahiti avec Paul Gauguin, de discuter avec Mona Lisa ou encore de d\u00e9couvrir Pompei d\u2019avant l\u2019\u00e9ruption du V\u00e9suve. \u00ab L\u2019id\u00e9e, c\u2019est de rendre la culture agr\u00e9able, vivante, et surtout, sans complexe. On entre pour voir une \u0153uvre, et on revient parce qu\u2019on s\u2019y sent bien \u00bb, r\u00e9sume Nadia Ka\u00efs.<\/p>\n","protected":false},"excerpt":{"rendered":"D\u00e9mocratiser l\u2019acc\u00e8s \u00e0 la culture. Telle est la vocation des Micro-Folies. Port\u00e9 par le minist\u00e8re de la Culture&hellip;\n","protected":false},"author":2,"featured_media":409579,"comment_status":"","ping_status":"","sticky":false,"template":"","format":"standard","meta":{"footnotes":""},"categories":[1592],"tags":[1111,11,251,54086,30205,1777,674,1349,54087,1011,27,662,54088,5281,54089,54090,54091,54092,12,626,25,32555,54093,1945],"class_list":{"0":"post-409578","1":"post","2":"type-post","3":"status-publish","4":"format-standard","5":"has-post-thumbnail","7":"category-ile-de-france","8":"tag-actu","9":"tag-actualites","10":"tag-culture","11":"tag-du00e9coupeuse-laser","12":"tag-epinay-sur-seine","13":"tag-eu","14":"tag-europe","15":"tag-expositions","16":"tag-fablab","17":"tag-fr","18":"tag-france","19":"tag-ile-de-france","20":"tag-imprimantes-3d","21":"tag-la-villette","22":"tag-maison-de-la-u00ab-culture-et-de-la-citoyennetu00e9-u00bb","23":"tag-mcu00b2","24":"tag-micro-folie","25":"tag-musu00e9e-numu00e9rique","26":"tag-news","27":"tag-paris","28":"tag-republique-francaise","29":"tag-ru00e9alitu00e9-virtuelle","30":"tag-salon-de-lecture","31":"tag-seine-saint-denis"},"share_on_mastodon":{"url":"https:\/\/pubeurope.com\/@fr\/115248271516415389","error":""},"_links":{"self":[{"href":"https:\/\/www.europesays.com\/fr\/wp-json\/wp\/v2\/posts\/409578","targetHints":{"allow":["GET"]}}],"collection":[{"href":"https:\/\/www.europesays.com\/fr\/wp-json\/wp\/v2\/posts"}],"about":[{"href":"https:\/\/www.europesays.com\/fr\/wp-json\/wp\/v2\/types\/post"}],"author":[{"embeddable":true,"href":"https:\/\/www.europesays.com\/fr\/wp-json\/wp\/v2\/users\/2"}],"replies":[{"embeddable":true,"href":"https:\/\/www.europesays.com\/fr\/wp-json\/wp\/v2\/comments?post=409578"}],"version-history":[{"count":0,"href":"https:\/\/www.europesays.com\/fr\/wp-json\/wp\/v2\/posts\/409578\/revisions"}],"wp:featuredmedia":[{"embeddable":true,"href":"https:\/\/www.europesays.com\/fr\/wp-json\/wp\/v2\/media\/409579"}],"wp:attachment":[{"href":"https:\/\/www.europesays.com\/fr\/wp-json\/wp\/v2\/media?parent=409578"}],"wp:term":[{"taxonomy":"category","embeddable":true,"href":"https:\/\/www.europesays.com\/fr\/wp-json\/wp\/v2\/categories?post=409578"},{"taxonomy":"post_tag","embeddable":true,"href":"https:\/\/www.europesays.com\/fr\/wp-json\/wp\/v2\/tags?post=409578"}],"curies":[{"name":"wp","href":"https:\/\/api.w.org\/{rel}","templated":true}]}}