{"id":409605,"date":"2025-09-22T14:03:13","date_gmt":"2025-09-22T14:03:13","guid":{"rendered":"https:\/\/www.europesays.com\/fr\/409605\/"},"modified":"2025-09-22T14:03:13","modified_gmt":"2025-09-22T14:03:13","slug":"coupe-du-monde-petite-finale-pour-lequipe-de-france-actualites-union-bordeaux-begles-ubb-rugby","status":"publish","type":"post","link":"https:\/\/www.europesays.com\/fr\/409605\/","title":{"rendered":"Coupe du Monde : petite finale pour l&rsquo;\u00e9quipe de France &#8211; Actualit\u00e9s &#8211; Union Bordeaux B\u00e8gles (UBB Rugby)"},"content":{"rendered":"<p>Au terme d\u2019un match de haute intensit\u00e9 face aux Anglaises, les Fran\u00e7aises manquent de peu la finale et joueront la Nouvelle-Z\u00e9lande pour la 3\u1d49 place. De son c\u00f4t\u00e9, Justine Pelletier disputera la grande finale samedi prochain, face aux locales.<\/p>\n<p>Justine Pelletier et le Canada en finale<\/p>\n<p>Fortes de leurs bonnes performances depuis le d\u00e9but de la Coupe du monde, les Canadiennes ne se sont pas laiss\u00e9es impressionner par les tenantes du titre, d\u00e9roulant une partition presque parfaite pendant <strong>80 minutes<\/strong> de beau jeu.<br \/>Intraitable face aux Blacks, <strong>Justine Pelletier<\/strong> a magnifiquement conduit son \u00e9quipe, s\u2019offrant au passage le premier essai du match d\u00e8s la <strong>8e minute.<\/strong><br \/>Elle sera finalement \u00e9lue joueuse du match <strong>(19-34)<\/strong>.<\/p>\n<p>Un crunch haut en couleurs<\/p>\n<p><img loading=\"lazy\" decoding=\"async\" style=\"undefined\" src=\"https:\/\/www.europesays.com\/fr\/wp-content\/uploads\/2025\/09\/ICONSPORT_271292_0017.jpg\" alt=\"\" width=\"1200\" height=\"1200\"\/><br \/>Nassira Kond\u00e9 aura inscrit un doubl\u00e9 lors de cette demie !<\/p>\n<p>Elles auront tout donn\u00e9 pour rejoindre leur co\u00e9quipi\u00e8re de club en finale. Mais les locales, port\u00e9es par leur public, ont su aller au bout de leurs ambitions.<br \/>Apr\u00e8s leur lourde d\u00e9faite face aux Anglaises en phase de poule, les Fran\u00e7aises du duo Mignot-Ortiz savaient parfaitement \u00e0 quoi s\u2019attendre.<br \/>Avec un score de <strong>5-7<\/strong> \u00e0 la mi-temps (un essai de Kildunne et un essai de <strong>Nassira Kond\u00e9<\/strong>), les Bleues n\u2019avaient pas \u00e0 rougir de leur prestation face aux grandes favorites de cette Coupe du Monde. Elles tenaient t\u00eate jusqu\u2019\u00e0 l\u2019heure de jeu, n\u2019\u00e9tant distanc\u00e9es que de deux petits points par le XV de la Rose <strong>(12-14)<\/strong>.<br \/>Alors que les anglaises avaient repris de l&rsquo;avance <strong>(12-28),<\/strong> l\u2019espoir restait intact, et les Bleues revenaient dans la course gr\u00e2ce \u00e0 un doubl\u00e9 exceptionnel de<strong> Nassira Kond\u00e9,<\/strong> qui entretenait les r\u00eaves tricolores \u00e0 la 73e minute<strong> (17-28)<\/strong>. Mais les Anglaises, solides de bout en bout, enfon\u00e7aient le clou \u00e0 la 80e avec un dernier essai scellant le sort du match<strong> (17-35)<\/strong>.<\/p>\n<p><strong>On retrouvera nos Bleues pour la petite finale face aux Black Ferns ce samedi \u00e0 13h30, avant la grande finale o\u00f9 l\u2019on encouragera Justine Pelletier \u00e0 17h contre les Anglaises !<\/strong><\/p>\n","protected":false},"excerpt":{"rendered":"Au terme d\u2019un match de haute intensit\u00e9 face aux Anglaises, les Fran\u00e7aises manquent de peu la finale et&hellip;\n","protected":false},"author":2,"featured_media":409606,"comment_status":"","ping_status":"","sticky":false,"template":"","format":"standard","meta":{"footnotes":""},"categories":[4],"tags":[1111,47,11,4402,1997,4404,4401,4356,4400,4357,1983,1011,27,1987,1114,2947,955,12,4048,25,479,517,2858,478,4364,4403,1264],"class_list":{"0":"post-409605","1":"post","2":"type-post","3":"status-publish","4":"format-standard","5":"has-post-thumbnail","7":"category-france","8":"tag-actu","9":"tag-actualite","10":"tag-actualites","11":"tag-begles","12":"tag-bordeaux","13":"tag-chaban","14":"tag-challenge-cup","15":"tag-coronavirus","16":"tag-covid","17":"tag-covid-19","18":"tag-essai","19":"tag-fr","20":"tag-france","21":"tag-girondins","22":"tag-infos","23":"tag-lnr","24":"tag-match","25":"tag-news","26":"tag-presse","27":"tag-republique-francaise","28":"tag-rugby","29":"tag-sport","30":"tag-stade","31":"tag-top-14","32":"tag-ubb","33":"tag-union","34":"tag-victoire"},"share_on_mastodon":{"url":"https:\/\/pubeurope.com\/@fr\/115248326585561660","error":""},"_links":{"self":[{"href":"https:\/\/www.europesays.com\/fr\/wp-json\/wp\/v2\/posts\/409605","targetHints":{"allow":["GET"]}}],"collection":[{"href":"https:\/\/www.europesays.com\/fr\/wp-json\/wp\/v2\/posts"}],"about":[{"href":"https:\/\/www.europesays.com\/fr\/wp-json\/wp\/v2\/types\/post"}],"author":[{"embeddable":true,"href":"https:\/\/www.europesays.com\/fr\/wp-json\/wp\/v2\/users\/2"}],"replies":[{"embeddable":true,"href":"https:\/\/www.europesays.com\/fr\/wp-json\/wp\/v2\/comments?post=409605"}],"version-history":[{"count":0,"href":"https:\/\/www.europesays.com\/fr\/wp-json\/wp\/v2\/posts\/409605\/revisions"}],"wp:featuredmedia":[{"embeddable":true,"href":"https:\/\/www.europesays.com\/fr\/wp-json\/wp\/v2\/media\/409606"}],"wp:attachment":[{"href":"https:\/\/www.europesays.com\/fr\/wp-json\/wp\/v2\/media?parent=409605"}],"wp:term":[{"taxonomy":"category","embeddable":true,"href":"https:\/\/www.europesays.com\/fr\/wp-json\/wp\/v2\/categories?post=409605"},{"taxonomy":"post_tag","embeddable":true,"href":"https:\/\/www.europesays.com\/fr\/wp-json\/wp\/v2\/tags?post=409605"}],"curies":[{"name":"wp","href":"https:\/\/api.w.org\/{rel}","templated":true}]}}