{"id":409610,"date":"2025-09-22T14:10:14","date_gmt":"2025-09-22T14:10:14","guid":{"rendered":"https:\/\/www.europesays.com\/fr\/409610\/"},"modified":"2025-09-22T14:10:14","modified_gmt":"2025-09-22T14:10:14","slug":"kylian-portal-medaille-dor-sur-100m-papillon-aux-mondiaux-de-para-natation-lequipe","status":"publish","type":"post","link":"https:\/\/www.europesays.com\/fr\/409610\/","title":{"rendered":"Kylian Portal m\u00e9daill\u00e9 d&#039;or sur 100m papillon aux Mondiaux de para-natation &#8211; L&#039;\u00c9quipe"},"content":{"rendered":"<ol>\n<li><a href=\"https:\/\/news.google.com\/rss\/articles\/CBMixgFBVV95cUxOZ0FKQ3pwR1dER1ZxQ25HOUc2eVJFdl9XZFdJR01CRGxvR2VIeEIzOHFVSnV2eWNoUGlyWlB6OUFwSk1zMnR2c0JueUFpeGkyd1dpR1E1ODB0dld3WmVjaE8wOHBBMTNaMGZ1STJ1V1BlZ1MxdU1OeGlXeXFST3ZaT2xZQ1ljYkFFZ0REcUhublRCa0dvbUJ1aEFwb0k2elBjUC02WURUSXZ4dkdIMTNNZ1FkeS1aQ1JDQXpIczYxMXVDSndfbEE?oc=5\" target=\"_blank\" rel=\"noopener\">Kylian Portal m\u00e9daill\u00e9 d&rsquo;or sur 100m papillon aux Mondiaux de para-natation<\/a>&nbsp;&nbsp;L&rsquo;\u00c9quipe<\/li>\n<li><a href=\"https:\/\/news.google.com\/rss\/articles\/CBMilAFBVV95cUxNeEV4eldmMUh4bGlPYkJvcy1CZWhON1U3THg4OVRuRmMzanBQSVZhMDBFZXpoR2FLZjdCU1lZVC12cGZPYU83aEUtT2VsdEx4SWhqZGFKVjhSMkp2ZmZDU2xXalBINENSa0RhbXJ3eVRxckpIcmIzVGhIQ3VFWVd2VXpxeEJCNG5MTzdLU1pQWXdKOWRp?oc=5\" target=\"_blank\" rel=\"noopener\">Paranatation. Le S\u00e9lestadien Hector Denayer vice-champion du monde sur 200m 4 nages<\/a>&nbsp;&nbsp;DNA<\/li>\n<li><a href=\"https:\/\/news.google.com\/rss\/articles\/CBMinAFBVV95cUxQRXM0TkE1MkpENnB4aVNCTGl2MjFQQnc4Z3hfNVFPMTBNNUdtZm9FXzd0ZVlYTzdwYXhXSEVsNUw5SGNZUXNiZjlYODY3cXFyajVlMlB5MDVFRDNaZjhWdUl2eWZZanBnMnRyUGpPbktGeDFwaTJnSl9KV052MnpFeTlqLXpWOXN2UjZrMkgxamx6aE9JZ2NlVFU2ZFk?oc=5\" target=\"_blank\" rel=\"noopener\">Natation. Apr\u00e8s l&rsquo;or, l&rsquo;argent pour le Dijonnais Hector Denayer<\/a>&nbsp;&nbsp;Le Bien Public<\/li>\n<li><a href=\"https:\/\/news.google.com\/rss\/articles\/CBMid0FVX3lxTFBLTGNPbE16OUsxMDhEZ3hndTcwcmdiOXpYUVlIeG0xU0FsSGlHVjJmUmoxSUZuUDREUmpvclI3UXlQNG5JTnZfcFB6OE1Najlqcnc0VkN3a3VhSWhOcHBuWTBOM1VZbFFhTXFRbDgzN1RQRnlua20w?oc=5\" target=\"_blank\" rel=\"noopener\">Paranatation. Championnats du monde : Hector Denayer sur le toit du monde<\/a>&nbsp;&nbsp;L&rsquo;Alsace<\/li>\n<li><a href=\"https:\/\/news.google.com\/rss\/articles\/CBMi2AFBVV95cUxNX0xraV9SSWtKWmhkVzl5WlFQOG1OMnlkSDgxRmI3a0pNSjQyMmY1MlFJVWk0TDZHX3oxSWFNOFRNd244bWtFREl4cTJzekoxb0ZPc2xJOHdrbElhYlFFYXE5end2ZV9zT3NxTFBkeUJGbjd5eW1oeTNNWG13RTJUaHpYSHA4ZmJDbE1PclhCQk84R3lOLU8zTVpRVG4wOGMwVXo0S1NVWUlnSE41Rld2V0Jrb3d5V24yRTlDM3FJQXI2LUc2ZnY1blhzM21zd251MXZqcGlOZWI?oc=5\" target=\"_blank\" rel=\"noopener\">Para natation : Hector Denayer d\u00e9croche son premier titre de champion du monde<\/a>&nbsp;&nbsp;francebleu.fr<\/li>\n<\/ol>\n","protected":false},"excerpt":{"rendered":"Kylian Portal m\u00e9daill\u00e9 d&rsquo;or sur 100m papillon aux Mondiaux de para-natation&nbsp;&nbsp;L&rsquo;\u00c9quipe Paranatation. Le S\u00e9lestadien Hector Denayer vice-champion du&hellip;\n","protected":false},"author":2,"featured_media":409611,"comment_status":"","ping_status":"","sticky":false,"template":"","format":"standard","meta":{"footnotes":""},"categories":[1412],"tags":[1451,1452,1453,1454,1455,1011,27,60],"class_list":{"0":"post-409610","1":"post","2":"type-post","3":"status-publish","4":"format-standard","5":"has-post-thumbnail","7":"category-f1","8":"tag-f1","9":"tag-formula-1","10":"tag-formula1","11":"tag-formule-1","12":"tag-formule1","13":"tag-fr","14":"tag-france","15":"tag-sports"},"share_on_mastodon":{"url":"https:\/\/pubeurope.com\/@fr\/115248354025130897","error":""},"_links":{"self":[{"href":"https:\/\/www.europesays.com\/fr\/wp-json\/wp\/v2\/posts\/409610","targetHints":{"allow":["GET"]}}],"collection":[{"href":"https:\/\/www.europesays.com\/fr\/wp-json\/wp\/v2\/posts"}],"about":[{"href":"https:\/\/www.europesays.com\/fr\/wp-json\/wp\/v2\/types\/post"}],"author":[{"embeddable":true,"href":"https:\/\/www.europesays.com\/fr\/wp-json\/wp\/v2\/users\/2"}],"replies":[{"embeddable":true,"href":"https:\/\/www.europesays.com\/fr\/wp-json\/wp\/v2\/comments?post=409610"}],"version-history":[{"count":0,"href":"https:\/\/www.europesays.com\/fr\/wp-json\/wp\/v2\/posts\/409610\/revisions"}],"wp:featuredmedia":[{"embeddable":true,"href":"https:\/\/www.europesays.com\/fr\/wp-json\/wp\/v2\/media\/409611"}],"wp:attachment":[{"href":"https:\/\/www.europesays.com\/fr\/wp-json\/wp\/v2\/media?parent=409610"}],"wp:term":[{"taxonomy":"category","embeddable":true,"href":"https:\/\/www.europesays.com\/fr\/wp-json\/wp\/v2\/categories?post=409610"},{"taxonomy":"post_tag","embeddable":true,"href":"https:\/\/www.europesays.com\/fr\/wp-json\/wp\/v2\/tags?post=409610"}],"curies":[{"name":"wp","href":"https:\/\/api.w.org\/{rel}","templated":true}]}}