{"id":409616,"date":"2025-09-22T14:13:11","date_gmt":"2025-09-22T14:13:11","guid":{"rendered":"https:\/\/www.europesays.com\/fr\/409616\/"},"modified":"2025-09-22T14:13:11","modified_gmt":"2025-09-22T14:13:11","slug":"marlene-duval-lancienne-candidate-de-loft-story-cambriolee-pour-un-prejudice-avoisinant-les-100-000-euros","status":"publish","type":"post","link":"https:\/\/www.europesays.com\/fr\/409616\/","title":{"rendered":"Marl\u00e8ne Duval : l\u2019ancienne candidate de \u00ab\u00a0Loft Story\u00a0\u00bb cambriol\u00e9e pour un pr\u00e9judice avoisinant les 100.000 euros"},"content":{"rendered":"<p>Un mois de septembre compliqu\u00e9 pour Marl\u00e8ne Duval. <a href=\"https:\/\/www.public.fr\/marlene-loft-story-millionnaire-son-impressionnant-patrimoine-immobilier-revele\" target=\"_blank\" rel=\"noopener\">La c\u00e9l\u00e8bre candidate<\/a> de la deuxi\u00e8me saison de <strong>Loft Story<\/strong>, malgr\u00e9 son s\u00e9jour d\u2019une semaine dans la maison, vient d\u2019\u00eatre <strong>victime d\u2019un cambriolage<\/strong> comme le rapporte <a href=\"https:\/\/www.leparisien.fr\/faits-divers\/paris-une-ancienne-candidate-de-loft-story-victime-dun-cambriolage-a-100-000-euros-22-09-2025-G5HDT2LCTZGXRPGJCCAGXLIO2M.php?at_variant=link&amp;at_creation=Le%20Parisien&amp;at_campaign=Partage%20Twitter%20CM&amp;at_medium=Social%20media\" target=\"_blank\" rel=\"noopener\">le Parisien<\/a>.<\/p>\n<p>Nos confr\u00e8res indiquent que des bijoux et accessoires de luxe auraient \u00e9t\u00e9 d\u00e9rob\u00e9s, faisant grimper le <strong>montant du pr\u00e9judice \u00e0 environ 100.000 euros<\/strong>. Une enqu\u00eate a \u00e9t\u00e9 ouverte et les enqu\u00eateurs du premier district de police judiciaire sont charg\u00e9s de mener les investigations.<\/p>\n<p>Un cambriolage \u00e0 100.000 euros pour Marl\u00e8ne Duval<\/p>\n<p>Selon le quotidien, le cambriolage aurait eu lieu au d\u00e9but du mois de septembre. Marl\u00e8ne Duval, qui r\u00e9side dans le XVIe arrondissement de Paris, aurait pu prendre connaissance du cambriolage le 9 septembre dernier, en rentrant d\u2019un week-end prolong\u00e9.\u00a0<\/p>\n<p>\u00ab\u00a0Elle revenait d\u2019un court s\u00e9jour \u00e0 l\u2019\u00e9tranger et a <strong>constat\u00e9 que sa porte d\u2019entr\u00e9e avait \u00e9t\u00e9 fractur\u00e9e<\/strong>\u00ab\u00a0, indique une source proche du dossier au Parisien. Toujours selon leurs informations l\u2019ensemble des pi\u00e8ces de l\u2019appartement a \u00e9t\u00e9 fouill\u00e9.\u00a0<\/p>\n<p>C\u2019est en faisant l\u2019inventaire de ses objets de valeur que Marl\u00e8ne Duval a pu estimer quels objets avaient disparu et quel \u00e9tait le montant du pr\u00e9judice. <strong>Plusieurs sacs \u00e0 main de luxe et de bijoux Chanel, Cartier et Rolex<\/strong> auraient disparu, portant le pr\u00e9judice \u00e0 une somme avoisinant les 100.000 euros.<\/p>\n<p>Pour rappel, c\u2019est en 2002 que Marl\u00e8ne Duval se fait conna\u00eetre du grand public. La jeune femme reste seulement une semaine dans <strong>Loft Story<\/strong> mais cette apparition \u00e0 la t\u00e9l\u00e9vision lui permet de signer un \u00e9norme projet.\u00a0<\/p>\n<p>L&rsquo;\u00e9norme succ\u00e8s de la jeune femme \u00e0 sa sortie de \u00ab\u00a0Loft Story\u00a0\u00bb<\/p>\n<p>En effet, Phil Barney, sous le charme de la voix de la candidate de t\u00e9l\u00e9r\u00e9alit\u00e9, lui propose une collaboration et de poser sa voix sur son c\u00e9l\u00e8bre titre sorti en 1987 : Un enfant de toi. Une reprise qui cartonne et qui ne cesse d\u2019\u00eatre diffus\u00e9 en radio \u00e0 l\u2019\u00e9poque.\u00a0<\/p>\n<p>Plusieurs ann\u00e9es apr\u00e8s ce succ\u00e8s, celle qui vient d\u2019\u00eatre victime d\u2019un cambriolage a accept\u00e9 de se confier sur le succ\u00e8s de la chanson et la somme qu\u2019elle lui a permis d\u2019empocher. Le 1er\u00a0d\u00e9cembre 2023, Marl\u00e8ne Duval <a href=\"https:\/\/www.public.fr\/marlene-duval-loft-story-cette-somme-a-sept-chiffres-que-lui-a-rapporte-son-titre-un-enfant-de-toi\" target=\"_blank\" rel=\"noopener\">revenait en effet sur ce succ\u00e8s<\/a> au micro de\u00a0Jordan de Luxe\u00a0.\u00a0<\/p>\n<p>\u00ab\u00a0<strong>En deux semaines, on \u00e9tait disque d\u2019or.<\/strong> En quatre semaines, on \u00e9tait num\u00e9ro\u00a01 top des ventes, apr\u00e8s disque de platine. C\u2019\u00e9tait fou parce qu\u2019\u00e0 l\u2019\u00e9poque il n\u2019y avait pas de t\u00e9l\u00e9chargements donc c\u2019est que de la vente en disques\u00a0\u00bb, s\u2019est-elle souvenue.<\/p>\n<p>Le journaliste lui a, par la suite, demand\u00e9 si ses gains atteignaient <strong>1 ou 2\u00a0millions d\u2019euros<\/strong>. L\u2019artiste a confirm\u00e9 en partie les dires du chroniqueur de <a href=\"https:\/\/www.public.fr\/tag\/cyril-hanouna\" target=\"_blank\" rel=\"noopener\">Cyril Hanouna<\/a> et a pr\u00e9cis\u00e9 que les revenus de la chanson repr\u00e9sentent\u00a0<strong>\u00ab\u00a0beaucoup d\u2019imp\u00f4ts\u00a0\u00bb.<\/strong><\/p>\n<p><strong>\u00ab\u00a0<\/strong>On n\u2019est pas b\u00eate, on ne s\u2019ach\u00e8te pas des sacs \u00e0 main. On est dans un monde o\u00f9 \u00e7a peut aller tr\u00e8s haut et tr\u00e8s bas donc il faut penser responsable\u00a0\u00bb, a-t-elle expliqu\u00e9 lorsque Jordan de Luxe lui a demand\u00e9 ce qu\u2019elle a fait avec l\u2019argent gagn\u00e9.\u00a0\u00ab\u00a0Quand on a de l\u2019argent, c\u2019est vrai que \u00e7a donne envie d\u2019acheter de belles choses, mais c\u2019est \u00e9ph\u00e9m\u00e8re tout \u00e7a\u00a0\u00bb, a-t-elle ajout\u00e9. Aujourd\u2019hui, gr\u00e2ce \u00e0 ce titre,\u00a0Marl\u00e8ne Duval\u00a0est <strong>propri\u00e9taire de douze studios<\/strong> qu\u2019elle met en location et qui sont, aujourd\u2019hui\u00a0\u00ab\u00a0rentabilis\u00e9s\u00a0\u00bb.<\/p>\n<p>      Mentionn\u00e9s dans cet article<\/p>\n<p>      Sur le m\u00eame sujet<\/p>\n","protected":false},"excerpt":{"rendered":"Un mois de septembre compliqu\u00e9 pour Marl\u00e8ne Duval. La c\u00e9l\u00e8bre candidate de la deuxi\u00e8me saison de Loft Story,&hellip;\n","protected":false},"author":2,"featured_media":409617,"comment_status":"","ping_status":"","sticky":false,"template":"","format":"standard","meta":{"footnotes":""},"categories":[1359],"tags":[1174,58,59,1011,27,588,973],"class_list":{"0":"post-409616","1":"post","2":"type-post","3":"status-publish","4":"format-standard","5":"has-post-thumbnail","7":"category-people","8":"tag-cambriolage","9":"tag-divertissement","10":"tag-entertainment","11":"tag-fr","12":"tag-france","13":"tag-loft-story","14":"tag-people"},"share_on_mastodon":{"url":"https:\/\/pubeurope.com\/@fr\/115248365888263733","error":""},"_links":{"self":[{"href":"https:\/\/www.europesays.com\/fr\/wp-json\/wp\/v2\/posts\/409616","targetHints":{"allow":["GET"]}}],"collection":[{"href":"https:\/\/www.europesays.com\/fr\/wp-json\/wp\/v2\/posts"}],"about":[{"href":"https:\/\/www.europesays.com\/fr\/wp-json\/wp\/v2\/types\/post"}],"author":[{"embeddable":true,"href":"https:\/\/www.europesays.com\/fr\/wp-json\/wp\/v2\/users\/2"}],"replies":[{"embeddable":true,"href":"https:\/\/www.europesays.com\/fr\/wp-json\/wp\/v2\/comments?post=409616"}],"version-history":[{"count":0,"href":"https:\/\/www.europesays.com\/fr\/wp-json\/wp\/v2\/posts\/409616\/revisions"}],"wp:featuredmedia":[{"embeddable":true,"href":"https:\/\/www.europesays.com\/fr\/wp-json\/wp\/v2\/media\/409617"}],"wp:attachment":[{"href":"https:\/\/www.europesays.com\/fr\/wp-json\/wp\/v2\/media?parent=409616"}],"wp:term":[{"taxonomy":"category","embeddable":true,"href":"https:\/\/www.europesays.com\/fr\/wp-json\/wp\/v2\/categories?post=409616"},{"taxonomy":"post_tag","embeddable":true,"href":"https:\/\/www.europesays.com\/fr\/wp-json\/wp\/v2\/tags?post=409616"}],"curies":[{"name":"wp","href":"https:\/\/api.w.org\/{rel}","templated":true}]}}