{"id":409618,"date":"2025-09-22T14:14:15","date_gmt":"2025-09-22T14:14:15","guid":{"rendered":"https:\/\/www.europesays.com\/fr\/409618\/"},"modified":"2025-09-22T14:14:15","modified_gmt":"2025-09-22T14:14:15","slug":"la-fresque-dediee-au-heros-pertuisien-elion-senoni-a-ete-inauguree-avenue-de-verdun","status":"publish","type":"post","link":"https:\/\/www.europesays.com\/fr\/409618\/","title":{"rendered":"La fresque d\u00e9di\u00e9e au h\u00e9ros pertuisien Elion Senoni a \u00e9t\u00e9 inaugur\u00e9e avenue de Verdun"},"content":{"rendered":"<p>Elion Senoni est, depuis le XVe si\u00e8cle, \u00e9lev\u00e9 au rang de h\u00e9ros \u00e0 <a href=\"https:\/\/www.laprovence.com\/vaucluse\/pertuis-84089\" target=\"_blank\" rel=\"noopener\">Pertuis<\/a>. C\u2019est gr\u00e2ce \u00e0 lui que la commune a \u00e9t\u00e9 int\u00e9gr\u00e9e \u00e0 la couronne de France et donc, mais aussi qu\u2019elle a obtenu ses armes encore appos\u00e9es sur le blason\u00a0aujourd\u2019hui.<\/p>\n<p>En m\u00e9moire de cet acte, la Ville a inaugur\u00e9, ce samedi 20\u00a0septembre, Journ\u00e9e europ\u00e9enne du patrimoine, une fresque en l\u2019honneur d\u2019Elion Senoni.\u00a0Situ\u00e9e avenue Verdun l\u2019\u0153uvre a \u00e9t\u00e9 r\u00e9alis\u00e9e par l\u2019artiste Graff Matt.<\/p>\n<p>De nombreuses personnes ont assist\u00e9 \u00e0 la c\u00e9r\u00e9monie durant laquelle l\u2019\u00e9lu au patrimoine Jacques Barone a racont\u00e9 l\u2019histoire de ce h\u00e9ros.<\/p>\n<p>Elion Senoni doit sortir Pertuis de la seigneurie<\/p>\n<p>En ce matin de septembre, l\u2019hiver semble d\u00e9j\u00e0 \u00eatre arriv\u00e9 dans cette vall\u00e9e de la Loire, dont le grand fleuve n\u2019est pas encore connu par les Pertuisiens en ce XVIe\u00a0si\u00e8cle finissant.\u00a0L\u2019homme qui p\u00e9n\u00e8tre dans la cour-basse du ch\u00e2teau de Tours se souvient que l\u2019air \u00e9tait aussi piquant o\u00f9, le 13\u00a0f\u00e9vrier\u00a01492, les consuls de notre ville l\u2019avaient \u00e9lu pour aller rencontrer le roi de France, Charles VIII.<\/p>\n<p>Il faut dire qu\u2019Elion Senoni est bilingue, il parle correctement le fran\u00e7ais et en use lorsqu\u2019il part assister aux s\u00e9ances du Parlement de Provence \u00e0 Aix. Dans Pertuis, il parle le proven\u00e7al.<\/p>\n<p>Les consuls pertuisiens (les syndics), ses fr\u00e8res, lui ont donn\u00e9 comme feuille de route d\u2019incorporer Pertuis \u00e0 la couronne de France, puis de confirmer de nombreux privil\u00e8ges, dont celui de s\u2019administrer librement, de ne plus d\u00e9pendre des deux seigneurs (la\u00efc et religieux).<\/p>\n<p>Elion Senoni est enterr\u00e9 dans l\u2019\u00e9glise Saint-Nicolas<\/p>\n<p>Elion Senoni a le sourire en regagnant sa Provence natale, le roi dessiner lui-m\u00eame les armes de Pertuis en incrustant pour toujours les armes de sa propre lign\u00e9e, la fleur de lys, un privil\u00e8ge rare que seule <a href=\"https:\/\/www.laprovence.com\/bouches-du-rhone\/aix-en-provence-13001\" target=\"_blank\" rel=\"noopener\">Aix-en-Provence<\/a> poss\u00e9dait du fait d\u2019\u00eatre la capitale proven\u00e7ale.<\/p>\n<p>Charles VIII fit envoyer un parchemin au Parlement aixois, dat\u00e9 d\u2019octobre\u00a01493. Deux semaines plus tard, les \u00e9chevins Pertuisiens d\u00e9couvraient leur blason, celui que nous arborons encore aujourd\u2019hui.<\/p>\n<p>Elion Senoni fut enterr\u00e9 dans l\u2019\u00e9glise Saint-Nicolas comme tous les syndics pertuisiens et il est pour Pertuis un h\u00e9ros<\/p>\n","protected":false},"excerpt":{"rendered":"Elion Senoni est, depuis le XVe si\u00e8cle, \u00e9lev\u00e9 au rang de h\u00e9ros \u00e0 Pertuis. C\u2019est gr\u00e2ce \u00e0 lui&hellip;\n","protected":false},"author":2,"featured_media":409619,"comment_status":"","ping_status":"","sticky":false,"template":"","format":"standard","meta":{"footnotes":""},"categories":[1358],"tags":[17,1348,1384,1385,14916,1386,58,54094,59,2883,1011,27,23001,34730,2831,19891,54095],"class_list":{"0":"post-409618","1":"post","2":"type-post","3":"status-publish","4":"format-standard","5":"has-post-thumbnail","7":"category-arts-et-design","8":"tag-17","9":"tag-arts","10":"tag-arts-and-design","11":"tag-arts-et-design","12":"tag-dediee","13":"tag-design","14":"tag-divertissement","15":"tag-elion","16":"tag-entertainment","17":"tag-ete","18":"tag-fr","19":"tag-france","20":"tag-fresque","21":"tag-heros","22":"tag-loisirs-traditions","23":"tag-pertuisien","24":"tag-senoni"},"share_on_mastodon":{"url":"https:\/\/pubeurope.com\/@fr\/115248369863068704","error":""},"_links":{"self":[{"href":"https:\/\/www.europesays.com\/fr\/wp-json\/wp\/v2\/posts\/409618","targetHints":{"allow":["GET"]}}],"collection":[{"href":"https:\/\/www.europesays.com\/fr\/wp-json\/wp\/v2\/posts"}],"about":[{"href":"https:\/\/www.europesays.com\/fr\/wp-json\/wp\/v2\/types\/post"}],"author":[{"embeddable":true,"href":"https:\/\/www.europesays.com\/fr\/wp-json\/wp\/v2\/users\/2"}],"replies":[{"embeddable":true,"href":"https:\/\/www.europesays.com\/fr\/wp-json\/wp\/v2\/comments?post=409618"}],"version-history":[{"count":0,"href":"https:\/\/www.europesays.com\/fr\/wp-json\/wp\/v2\/posts\/409618\/revisions"}],"wp:featuredmedia":[{"embeddable":true,"href":"https:\/\/www.europesays.com\/fr\/wp-json\/wp\/v2\/media\/409619"}],"wp:attachment":[{"href":"https:\/\/www.europesays.com\/fr\/wp-json\/wp\/v2\/media?parent=409618"}],"wp:term":[{"taxonomy":"category","embeddable":true,"href":"https:\/\/www.europesays.com\/fr\/wp-json\/wp\/v2\/categories?post=409618"},{"taxonomy":"post_tag","embeddable":true,"href":"https:\/\/www.europesays.com\/fr\/wp-json\/wp\/v2\/tags?post=409618"}],"curies":[{"name":"wp","href":"https:\/\/api.w.org\/{rel}","templated":true}]}}