{"id":409628,"date":"2025-09-22T14:19:26","date_gmt":"2025-09-22T14:19:26","guid":{"rendered":"https:\/\/www.europesays.com\/fr\/409628\/"},"modified":"2025-09-22T14:19:26","modified_gmt":"2025-09-22T14:19:26","slug":"comment-rester-en-bonne-sante-pendant-tout-lautomne-et-lhiver-conseils-scientifiquement-prouves","status":"publish","type":"post","link":"https:\/\/www.europesays.com\/fr\/409628\/","title":{"rendered":"Comment rester en bonne sant\u00e9 pendant tout l&rsquo;automne et l&rsquo;hiver ? Conseils scientifiquement prouv\u00e9s"},"content":{"rendered":"<p> <img decoding=\"async\" fetchpriority=\"high\" src=\"https:\/\/www.europesays.com\/fr\/wp-content\/uploads\/2025\/09\/comment-rester-en-bonne-sante-pendant-tout-l-automne-et-l-hiver-sante-et-bien-etre-1758449792753_102.png\"  width=\"768\" height=\"432\" alt=\"Le froid n\u2019est pas responsable de nos rhumes.\" title=\"Le froid n\u2019est pas responsable de nos rhumes.\" data-image=\"2qqgpsihr7cy\"\/>Le froid n\u2019est pas responsable de nos rhumes.   <img decoding=\"async\" fetchpriority=\"high\" src=\"https:\/\/www.europesays.com\/fr\/wp-content\/uploads\/2025\/08\/mamy-nirina-rolland.jpg\" alt=\"Mamy Nirina Rolland Randrianarivelo\" width=\"40\" height=\"40\"\/>    <a class=\"nombre text-hv\" href=\"https:\/\/www.tameteo.com\/auteur\/mamy-nirina-rolland\/\" title=\"Mamy Nirina Rolland Randrianarivelo\" rel=\"nofollow noopener\" target=\"_blank\">Mamy Nirina Rolland Randrianarivelo<\/a>       21\/09\/2025 17:03   7 min   <\/p>\n<p><strong>Automne et hiver <\/strong>arrivent avec leur<strong> lot de virus saisonniers <\/strong>qui circulent plus facilement, de la grippe aux rhumes classiques. Pour profiter de ces saisons sans tomber malade, il est<strong> important de comprendre <\/strong>ce qui favorise r\u00e9ellement les infections.<\/p>\n<p><strong>\u00ab Mets ton manteau ou tu vas attraper froid ! \u00bb<\/strong> Combien de fois avons-nous entendu cette phrase en grandissant ? Pourtant, la science a montr\u00e9 que cette croyance est <strong>fausse<\/strong>. En <strong>1968<\/strong>, une<strong> \u00e9tude<\/strong> publi\u00e9e dans le<strong> New England Journal of Medicine<\/strong> a compar\u00e9 deux groupes de volontaires infect\u00e9s exp\u00e9rimentalement avec un virus du rhume.<\/p>\n<p>Le premier groupe \u00e9tait maintenu \u00e0 une<strong> temp\u00e9rature<\/strong><strong> confortable<\/strong>, tandis que le second \u00e9tait expos\u00e9 \u00e0 <strong>4 \u00b0C<\/strong>, parfois avec des v\u00eatements mouill\u00e9s et des courants d\u2019air. <strong>Aucun \u00e9cart n\u2019a \u00e9t\u00e9 <\/strong><strong>observ\u00e9<\/strong> entre les groupes, autrement dit, <strong>le froid en lui-m\u00eame ne provoque pas de maladie<\/strong> : c\u2019est <strong>uniquement la pr\u00e9sence du virus <\/strong>qui compte.<\/p>\n<p>Les espaces clos, v\u00e9ritables foyers de transmissions<\/p>\n<p>Si l\u2019hiver est la saison des rhumes et de la grippe, c\u2019est surtout parce que nous passons plus de temps <strong>\u00e0 l\u2019int\u00e9rieur, dans des espaces mal ventil\u00e9s<\/strong>. Ces lieux favorisent la stagnation de l\u2019air et donc l\u2019accumulation des particules virales. Une \u00e9tude r\u00e9cente men\u00e9e dans des salles de classe sans ventilation m\u00e9canique a montr\u00e9 qu\u2019<strong>ouvrir une fen\u00eatre ou une porte r\u00e9duisait fortement le risque d\u2019exposition<\/strong>, tandis qu\u2019un climatiseur qui recycle l\u2019air l\u2019augmentait.<\/p>\n<p><a class=\"imagen \" href=\"https:\/\/www.tameteo.com\/actualites\/science\/canicule-2025-paris-rome-athenes-quel-est-le-vrai-cout-humain-impacts-changement-climatique.html\" title=\"Canicule 2025 : Paris, Rome, Ath\u00e8nes, ...quel est le vrai co\u00fbt humain ?\" rel=\"nofollow noopener\" target=\"_blank\"><img loading=\"lazy\" decoding=\"async\" fetchpriority=\"low\" class=\"lazy img-body non-editable\" src=\"https:\/\/www.europesays.com\/fr\/wp-content\/uploads\/2025\/09\/canicule-2025-paris-rome-athenes-quel-est-le-vrai-cout-humain-impacts-changement-climatique-17582888.jpeg\"  width=\"320\" height=\"225\" alt=\"Canicule 2025 : Paris, Rome, Ath\u00e8nes, ...quel est le vrai co\u00fbt humain ?\"\/><\/a><\/p>\n<p>Le <strong>CDC pour \u00ab Centers for Disease Control and Prevention \u00bb, parmi les r\u00e9f\u00e9rences mondiales <\/strong>en mati\u00e8re de sant\u00e9 publique, pr\u00e9vention des \u00e9pid\u00e9mies, surveillance des maladies infectieuses et recommandations sanitaires, rappelle que les<strong> virus respiratoires se transmettent bien plus facilement en int\u00e9rieur<\/strong> qu\u2019en ext\u00e9rieur, o\u00f9 le renouvellement de l\u2019air dilue rapidement les agents infectieux. <strong>Rester <\/strong><strong>confin\u00e9 <\/strong>pour \u00ab \u00e9viter le froid \u00bb peut donc s\u2019av\u00e9rer<strong> contre-productif<\/strong><strong> <\/strong>: mieux vaut sortir s\u2019a\u00e9rer que rester enferm\u00e9s.<\/p>\n<p>L&rsquo;humidit\u00e9, un facteur souvent n\u00e9glig\u00e9<\/p>\n<p>Un autre param\u00e8tre essentiel est l\u2019<strong>humidit\u00e9 de l\u2019air<\/strong>. Pendant l&rsquo;hiver,<strong> le chauffage <\/strong><strong>ass\u00e8che <\/strong>nos logements. Or, un <strong>air trop sec fragilise les muqueuses nasales<\/strong> qui constituent notre premi\u00e8re barri\u00e8re contre les virus. Une \u00e9tude a confirm\u00e9 que l\u2019<strong>air sec augmente les irritations <\/strong><strong>respiratoires <\/strong>et facilite l\u2019entr\u00e9e des agents infectieux. <\/p>\n<p>Ce n\u2019est donc pas parce qu\u2019on a<strong> \u00ab froid aux pieds \u00bb <\/strong>que l\u2019on tombe malade, mais bien parce que <strong>nos d\u00e9fenses naturelles se trouvent affaiblies<\/strong> dans des environnements int\u00e9rieurs trop secs et confin\u00e9s.<\/p>\n<p><a class=\"imagen \" href=\"https:\/\/www.tameteo.com\/actualites\/actualite\/climat-concilier-adaptation-et-reduction-des-emissions-la-france-concernee-changement-climatique.html\" title=\"Climat : concilier adaptation et r\u00e9duction des \u00e9missions, la France concern\u00e9e ?\" rel=\"nofollow noopener\" target=\"_blank\"><img loading=\"lazy\" decoding=\"async\" fetchpriority=\"low\" class=\"lazy img-body non-editable\" src=\"https:\/\/www.europesays.com\/fr\/wp-content\/uploads\/2025\/09\/climat-concilier-adaptation-et-reduction-des-emissions-la-france-concernee-changement-climatique-175.jpeg\"  width=\"320\" height=\"225\" alt=\"Climat : concilier adaptation et r\u00e9duction des \u00e9missions, la France concern\u00e9e ?\"\/><\/a><\/p>\n<p>Contrairement aux id\u00e9es re\u00e7ues, <strong>passer du temps dehors en hiver est b\u00e9n\u00e9fique<\/strong>. L\u2019air ext\u00e9rieur, m\u00eame froid, r\u00e9duit consid\u00e9rablement le risque d\u2019exposition aux virus gr\u00e2ce \u00e0 sa dilution naturelle. Que l\u2019on porte un manteau \u00e9pais ou simplement un pull, les <strong>muqueuses respiratoires<\/strong> restent expos\u00e9es de la m\u00eame fa\u00e7on. <\/p>\n<p>L&rsquo;alimentation, un pilier pour notre immunit\u00e9<\/p>\n<p>La science confirme aussi que notre <strong>alimentation joue un r\u00f4le crucial<\/strong> dans le maintien de nos d\u00e9fenses immunitaires. Les apports r\u00e9guliers en vitamines et min\u00e9raux r\u00e9duisent la vuln\u00e9rabilit\u00e9 face aux infections. La <strong>vitamine C<\/strong>, que l\u2019on retrouve dans les agrumes, le kiwi ou le chou, stimule l\u2019activit\u00e9 des globules blancs.<\/p>\n<p><a class=\"imagen \" href=\"https:\/\/www.tameteo.com\/actualites\/actualite\/voici-ce-qu-il-faut-faire-au-jardin-avant-l-arrivee-de-la-pluie-et-du-froid-truc-et-astuce.html\" title=\"Voici ce qu&#039;il faut faire au jardin avant l&#039;arriv\u00e9e de la pluie et du froid !\" rel=\"nofollow noopener\" target=\"_blank\"><img loading=\"lazy\" decoding=\"async\" fetchpriority=\"low\" class=\"lazy img-body non-editable\" src=\"https:\/\/www.europesays.com\/fr\/wp-content\/uploads\/2025\/09\/voici-ce-qu-il-faut-faire-au-jardin-avant-l-arrivee-de-la-pluie-et-du-froid-truc-et-astuce-175829557.jpeg\"  width=\"320\" height=\"225\" alt=\"Voici ce qu'il faut faire au jardin avant l'arriv\u00e9e de la pluie et du froid !\"\/><\/a><\/p>\n<p>La synth\u00e8se de la <strong>vitamine D<\/strong> par l&rsquo;organisme au niveau de la peau sous l&rsquo;action des rayons du soleil devient rare en hiver, mais elle peut \u00eatre apport\u00e9e par les poissons gras, les \u0153ufs ou des produits enrichis. Le <strong>zinc et le fer<\/strong>, pr\u00e9sents dans les l\u00e9gumineuses, la viande maigre ou les graines, contribuent au bon fonctionnement de nos d\u00e9fenses. Enfin, les <strong>fibres et probiotiques<\/strong> issus du yaourt, du k\u00e9fir ou des l\u00e9gumes ferment\u00e9s nourrissent le microbiote intestinal, acteur essentiel de l\u2019immunit\u00e9.<\/p>\n<blockquote class=\"twitter-tweet\">\n<p lang=\"fr\" dir=\"ltr\">Les secrets dune alimentation \u00e9quilibr\u00e9e pour lhiver : nos conseils sant\u00e9<a href=\"https:\/\/t.co\/VbGOzHGXbR\" rel=\"nofollow\">https:\/\/t.co\/VbGOzHGXbR<\/a> <a href=\"https:\/\/t.co\/BjiZH9Q1Lq\" rel=\"nofollow\">pic.twitter.com\/BjiZH9Q1Lq<\/a><\/p>\n<p>\u2014 Chic Chronicles (@chic_chronicle) <a href=\"https:\/\/twitter.com\/chic_chronicle\/status\/1874422775815012684?ref_src=twsrc%5Etfw\" rel=\"nofollow noopener\" target=\"_blank\">January 1, 2025<\/a><\/p><\/blockquote>\n<p>Une revue scientifique insiste sur la synergie entre ces nutriments : <strong>c\u2019est une alimentation vari\u00e9e et color\u00e9e, et non une suppl\u00e9mentation isol\u00e9e, qui prot\u00e8ge le mieux en hiver<\/strong>.<\/p>\n<p><a class=\"imagen \" href=\"https:\/\/www.tameteo.com\/actualites\/science\/les-effets-d-un-chat-sur-votre-cerveau-le-pouvoir-surprenant-de-l-hormone-de-l-amour-animal-bien-etre.html\" title=\"Les effets d&#039;un chat sur votre cerveau : le pouvoir surprenant de l&#039;hormone de l&#039;amour\" rel=\"nofollow noopener\" target=\"_blank\"><img loading=\"lazy\" decoding=\"async\" fetchpriority=\"low\" class=\"lazy img-body non-editable\" src=\"https:\/\/www.europesays.com\/fr\/wp-content\/uploads\/2025\/09\/o-que-ter-um-gato-faz-ao-teu-cerebro-o-surpreendente-poder-da-hormona-do-amor-1758009004801_320.jpg\"  width=\"320\" height=\"225\" alt=\"Les effets d'un chat sur votre cerveau : le pouvoir surprenant de l'hormone de l'amour\"\/><\/a><\/p>\n<p>Soyons clairs : ce ne sont ni le froid ni le vent qui nous rendent malades, mais <strong>le manque de ventilation, l\u2019air sec et la proximit\u00e9 prolong\u00e9e en int\u00e9rieur<\/strong>. En sortant r\u00e9guli\u00e8rement, en a\u00e9rant nos espaces de vie, en maintenant une humidit\u00e9 \u00e9quilibr\u00e9e et en adoptant une alimentation riche et diversifi\u00e9e, nous pouvons traverser l\u2019automne et l\u2019hiver en pleine forme.<\/p>\n<p>R\u00e9f\u00e9rences de l&rsquo;article <\/p>\n<p>Qing Z, Zhang W, Zhang W, et al. Influence of airflow and the location of infected individuals on occupant exposure in classrooms without mechanical ventilation during the winter. Building Simulation, 2025, 18(4): 829-846. <a href=\"https:\/\/doi.org\/10.1007\/s12273-025-1239-5\" rel=\"nofollow noopener\" target=\"_blank\">https:\/\/doi.org\/10.1007\/s12273-025-1239-5<\/a><\/p>\n<p>Wolkoff, P. (2024). Indoor air humidity revisited: Impact on acute symptoms, work productivity, and risk of influenza and COVID-19 infection. International Journal of Hygiene and Environmental Health, 256, 114313. <a href=\"https:\/\/doi.org\/10.1016\/j.ijheh.2023.114313\" rel=\"nofollow noopener\" target=\"_blank\">https:\/\/doi.org\/10.1016\/j.ijheh.2023.114313<\/a><\/p>\n<p>Centers for Disease Control and Prevention. (2024). <a href=\"https:\/\/www.cdc.gov\/niosh\/ventilation\/about\/index.html\" rel=\"nofollow noopener\" target=\"_blank\">About ventilation and respiratory viruses<\/a>. CDC. <\/p>\n<p>Institute of Medicine (US) Committee on Military Nutrition Research. Military Strategies for Sustainment of Nutrition and Immune Function in the Field. Washington (DC): National Academies Press (US); 1999. 1, <a href=\"https:\/\/www.ncbi.nlm.nih.gov\/books\/NBK230969\/\" rel=\"nofollow noopener\" target=\"_blank\">A Review of the Role of Nutrition in Immune Function<\/a>.<\/p>\n<p>Tyrrell, D. A. J., &amp; Parsons, R. (1968). <a href=\"https:\/\/www.nejm.org\/doi\/abs\/10.1056\/NEJM196810032791404\" rel=\"nofollow noopener\" target=\"_blank\">Exposure to cold environment and rhinovirus common cold: Failure to demonstrate effect<\/a>. The New England Journal of Medicine, 279(15), 742\u2013747<\/p>\n<p> <script async src=\"https:\/\/platform.twitter.com\/widgets.js\" charset=\"utf-8\"><\/script><\/p>\n","protected":false},"excerpt":{"rendered":"Le froid n\u2019est pas responsable de nos rhumes. Mamy Nirina Rolland Randrianarivelo 21\/09\/2025 17:03 7 min Automne et&hellip;\n","protected":false},"author":2,"featured_media":409629,"comment_status":"","ping_status":"","sticky":false,"template":"","format":"standard","meta":{"footnotes":""},"categories":[10],"tags":[13632,1011,27,72,6736,53702,71,54096],"class_list":{"0":"post-409628","1":"post","2":"type-post","3":"status-publish","4":"format-standard","5":"has-post-thumbnail","7":"category-sante","8":"tag-automne","9":"tag-fr","10":"tag-france","11":"tag-health","12":"tag-hiver","13":"tag-immunite","14":"tag-sante","15":"tag-temperatures-hivernales"},"share_on_mastodon":{"url":"https:\/\/pubeurope.com\/@fr\/115248389770650032","error":""},"_links":{"self":[{"href":"https:\/\/www.europesays.com\/fr\/wp-json\/wp\/v2\/posts\/409628","targetHints":{"allow":["GET"]}}],"collection":[{"href":"https:\/\/www.europesays.com\/fr\/wp-json\/wp\/v2\/posts"}],"about":[{"href":"https:\/\/www.europesays.com\/fr\/wp-json\/wp\/v2\/types\/post"}],"author":[{"embeddable":true,"href":"https:\/\/www.europesays.com\/fr\/wp-json\/wp\/v2\/users\/2"}],"replies":[{"embeddable":true,"href":"https:\/\/www.europesays.com\/fr\/wp-json\/wp\/v2\/comments?post=409628"}],"version-history":[{"count":0,"href":"https:\/\/www.europesays.com\/fr\/wp-json\/wp\/v2\/posts\/409628\/revisions"}],"wp:featuredmedia":[{"embeddable":true,"href":"https:\/\/www.europesays.com\/fr\/wp-json\/wp\/v2\/media\/409629"}],"wp:attachment":[{"href":"https:\/\/www.europesays.com\/fr\/wp-json\/wp\/v2\/media?parent=409628"}],"wp:term":[{"taxonomy":"category","embeddable":true,"href":"https:\/\/www.europesays.com\/fr\/wp-json\/wp\/v2\/categories?post=409628"},{"taxonomy":"post_tag","embeddable":true,"href":"https:\/\/www.europesays.com\/fr\/wp-json\/wp\/v2\/tags?post=409628"}],"curies":[{"name":"wp","href":"https:\/\/api.w.org\/{rel}","templated":true}]}}