{"id":409634,"date":"2025-09-22T14:22:13","date_gmt":"2025-09-22T14:22:13","guid":{"rendered":"https:\/\/www.europesays.com\/fr\/409634\/"},"modified":"2025-09-22T14:22:13","modified_gmt":"2025-09-22T14:22:13","slug":"il-se-fait-arreter-pour-exces-de-vitesse-avec-sa-ferrari-812-superfast-la-reaction-de-la-police-est-inattendue","status":"publish","type":"post","link":"https:\/\/www.europesays.com\/fr\/409634\/","title":{"rendered":"Il se fait arr\u00eater pour exc\u00e8s de vitesse avec sa Ferrari 812 Superfast : la r\u00e9action de la police est inattendue !"},"content":{"rendered":"<p><img loading=\"lazy\" decoding=\"async\" width=\"1200\" height=\"800\" alt=\"\" class=\"wp-image-41449 perfmatters-lazy\" src=\"https:\/\/www.europesays.com\/fr\/wp-content\/uploads\/2025\/09\/812-polce-1.jpg\"  data-\/><\/p>\n<p>\u00c0 Milan, une sc\u00e8ne insolite fait actuellement le tour des r\u00e9seaux sociaux. Jonathan, membre de la communaut\u00e9 SIX2SIX, connue pour ses road trips exclusifs de propri\u00e9taires de supercars \u00e0 travers l\u2019Europe, a partag\u00e9 une exp\u00e9rience pour le moins surprenante v\u00e9cue au volant de sa Ferrari 812 Superfast.<\/p>\n<p>Alors qu\u2019il traversait la ville lombarde, le rugissement du V12 atmosph\u00e9rique de 6,5 litres et 800 ch de sa <a href=\"https:\/\/www.italpassion.fr\/ferrari\/\" rel=\"nofollow noopener\" target=\"_blank\">Ferrari<\/a> ne laissait aucun doute : la vitesse \u00e9tait bien sup\u00e9rieure aux limitations urbaines. Sur la vid\u00e9o publi\u00e9e, l\u2019aiguille d\u00e9passe les 70 km\/h, une allure qui, en pleine ville, est consid\u00e9r\u00e9e comme un exc\u00e8s de vitesse.<\/p>\n<p>Tr\u00e8s vite, deux agents de la police locale de Milan interceptent la Ferrari. On pourrait s\u2019attendre \u00e0 une sanction s\u00e9v\u00e8re, mais la suite r\u00e9serve une tout autre tournure.<\/p>\n<p><img loading=\"lazy\" decoding=\"async\" width=\"1200\" height=\"800\" alt=\"\" class=\"wp-image-41450 perfmatters-lazy\" src=\"https:\/\/www.europesays.com\/fr\/wp-content\/uploads\/2025\/09\/8112-superfast-police-1.jpg\"  data-\/><\/p>\n<p>Car au lieu de sermonner le conducteur, l\u2019un des policiers se montre litt\u00e9ralement conquis par la voiture. Grand passionn\u00e9 de la marque, il ne cache pas son admiration : il explique m\u00eame que la Ferrari 812 Superfast est selon lui \u00ab l\u2019une des meilleures voitures au monde, \u00e9quip\u00e9e du meilleur moteur Ferrari avec le son le plus incroyable \u00bb. Mieux encore, il encourage Jonathan \u00e0 faire rugir une nouvelle fois le V12, au grand \u00e9tonnement des passants !<\/p>\n<p>La sc\u00e8ne devient presque irr\u00e9elle lorsque le policier serre plusieurs fois la main du conducteur, visiblement honor\u00e9 de pouvoir \u00e9changer avec lui. Sur les r\u00e9seaux sociaux, la s\u00e9quence a rapidement enflamm\u00e9 les d\u00e9bats. Certains internautes reprochent aux policiers d\u2019oublier leur r\u00f4le et de se montrer trop complaisants, l\u00e0 o\u00f9 d\u2019autres estiment au contraire que l\u2019\u00e9motion du policier est compr\u00e9hensible face \u00e0 ce qui est per\u00e7u comme un patrimoine national roulant : le dernier grand V12 atmosph\u00e9rique de Maranello.<\/p>\n<p>Jonathan a-t-il finalement re\u00e7u une contravention ou un simple avertissement ? Impossible \u00e0 dire \u00e0 partir des images, mais une chose est s\u00fbre : ce moment restera grav\u00e9 dans sa m\u00e9moire\u2026 et dans celle de millions de personnes qui ont d\u00e9j\u00e0 vu la vid\u00e9o.<\/p>\n<blockquote class=\"instagram-media\" data-instgrm-permalink=\"https:\/\/www.instagram.com\/reel\/DOeOOgPjGRi\/?utm_source=ig_embed&amp;utm_campaign=loading\" data-instgrm-version=\"14\" style=\" background:#FFF; border:0; border-radius:3px; box-shadow:0 0 1px 0 rgba(0,0,0,0.5),0 1px 10px 0 rgba(0,0,0,0.15); margin: 1px; max-width:540px; min-width:326px; padding:0; width:99.375%; width:-webkit-calc(100% - 2px); width:calc(100% - 2px);\"\/>\n<p>\t\t<script async src=\"\/\/www.instagram.com\/embed.js\"><\/script><\/p>\n","protected":false},"excerpt":{"rendered":"\u00c0 Milan, une sc\u00e8ne insolite fait actuellement le tour des r\u00e9seaux sociaux. Jonathan, membre de la communaut\u00e9 SIX2SIX,&hellip;\n","protected":false},"author":2,"featured_media":409635,"comment_status":"","ping_status":"","sticky":false,"template":"","format":"standard","meta":{"footnotes":""},"categories":[7],"tags":[54097,1011,27,43,40,41,39,42,44],"class_list":{"0":"post-409634","1":"post","2":"type-post","3":"status-publish","4":"format-standard","5":"has-post-thumbnail","7":"category-sciences-et-technologies","8":"tag-ferrari-812-superfast","9":"tag-fr","10":"tag-france","11":"tag-science","12":"tag-science-and-technology","13":"tag-sciences","14":"tag-sciences-et-technologies","15":"tag-technologies","16":"tag-technology"},"share_on_mastodon":{"url":"https:\/\/pubeurope.com\/@fr\/115248401820832703","error":""},"_links":{"self":[{"href":"https:\/\/www.europesays.com\/fr\/wp-json\/wp\/v2\/posts\/409634","targetHints":{"allow":["GET"]}}],"collection":[{"href":"https:\/\/www.europesays.com\/fr\/wp-json\/wp\/v2\/posts"}],"about":[{"href":"https:\/\/www.europesays.com\/fr\/wp-json\/wp\/v2\/types\/post"}],"author":[{"embeddable":true,"href":"https:\/\/www.europesays.com\/fr\/wp-json\/wp\/v2\/users\/2"}],"replies":[{"embeddable":true,"href":"https:\/\/www.europesays.com\/fr\/wp-json\/wp\/v2\/comments?post=409634"}],"version-history":[{"count":0,"href":"https:\/\/www.europesays.com\/fr\/wp-json\/wp\/v2\/posts\/409634\/revisions"}],"wp:featuredmedia":[{"embeddable":true,"href":"https:\/\/www.europesays.com\/fr\/wp-json\/wp\/v2\/media\/409635"}],"wp:attachment":[{"href":"https:\/\/www.europesays.com\/fr\/wp-json\/wp\/v2\/media?parent=409634"}],"wp:term":[{"taxonomy":"category","embeddable":true,"href":"https:\/\/www.europesays.com\/fr\/wp-json\/wp\/v2\/categories?post=409634"},{"taxonomy":"post_tag","embeddable":true,"href":"https:\/\/www.europesays.com\/fr\/wp-json\/wp\/v2\/tags?post=409634"}],"curies":[{"name":"wp","href":"https:\/\/api.w.org\/{rel}","templated":true}]}}