{"id":409650,"date":"2025-09-22T14:30:14","date_gmt":"2025-09-22T14:30:14","guid":{"rendered":"https:\/\/www.europesays.com\/fr\/409650\/"},"modified":"2025-09-22T14:30:14","modified_gmt":"2025-09-22T14:30:14","slug":"cette-celebre-marque-de-pates-va-installer-un-bar-gratuit-a-nancy-voici-ou-et-quand","status":"publish","type":"post","link":"https:\/\/www.europesays.com\/fr\/409650\/","title":{"rendered":"Cette c\u00e9l\u00e8bre marque de p\u00e2tes va installer un bar gratuit \u00e0 Nancy : voici o\u00f9 et quand"},"content":{"rendered":"<p>            Par<br \/>\n        <strong><br \/>\n            <a href=\"https:\/\/actu.fr\/auteur\/pierre-emile-bouchy-actu-fr\" title=\"Consulter tous les articles de Paul-Emile Bouchy\" target=\"_blank\" rel=\"noopener\">Paul-Emile Bouchy<\/a><br \/>\n        <\/strong><\/p>\n<p>        Publi\u00e9 le<\/p>\n<p>            22 sept. 2025 \u00e0 15h08        <\/p>\n<p>Si vous aimez la nourriture italienne, ne ratez pas cet \u00e9v\u00e8nement. Durant quatre jours,<strong> la marque de p\u00e2tes Barilla<\/strong> va installer <strong>un bar \u00e9ph\u00e9m\u00e8re gratuit<\/strong> en plein centre-ville de <a href=\"https:\/\/actu.fr\/grand-est\/nancy_54395\" target=\"_blank\" rel=\"noopener\">Nancy<\/a> (Meurthe-et-Moselle).<\/p>\n<p class=\" wall-content\">On vous dit quand, o\u00f9 et ce qu\u2019il va proposer.<\/p>\n<p>Des recettes de la r\u00e9gion revisit\u00e9es par un chef<\/p>\n<p class=\" wall-content\">Le<strong> Barilla Basilic Bar <\/strong>sera install\u00e9 <strong>place Maginot<\/strong>. Il sera ouvert <strong>du mercredi\u00a024 au samedi 27\u00a0septembre de 11h \u00e0 20h<\/strong>.<\/p>\n<p class=\" wall-content\">L\u2019\u00e9v\u00e8nement a comme objectif de faire <strong>d\u00e9couvrir la gamme de pesti<\/strong> Barilla avec des recettes exclusives revisitant les grands classiques de la r\u00e9gion.<\/p>\n<p class=\" wall-content\">Au programme\u2009: des shows culinaires anim\u00e9s par le chef Julien Sebbag, des d\u00e9gustations et des surprises.<\/p>\n<p class=\" wall-content\">Personnalisez votre actualit\u00e9 en ajoutant vos villes et m\u00e9dias en favori avec <a href=\"https:\/\/moncompte.actu.fr\" title=\"D\u00e9couvez Mon Actu\" rel=\"nofollow noopener\" data-trk=\"{&quot;cta&quot;:{&quot;action&quot;:&quot;https:\\\/\\\/moncompte.actu.fr&quot;,&quot;category&quot;:&quot;mon compte&quot;,&quot;from&quot;:&quot;article footer&quot;,&quot;name&quot;:&quot;Mon actu&quot;,&quot;type&quot;:&quot;cta&quot;}}\" target=\"_blank\">Mon Actu<\/a>.<\/p>\n","protected":false},"excerpt":{"rendered":"Par Paul-Emile Bouchy Publi\u00e9 le 22 sept. 2025 \u00e0 15h08 Si vous aimez la nourriture italienne, ne ratez&hellip;\n","protected":false},"author":2,"featured_media":409651,"comment_status":"","ping_status":"","sticky":false,"template":"","format":"standard","meta":{"footnotes":""},"categories":[9635],"tags":[1111,11,11226,1777,674,1011,27,1661,775,1702,12,25,104],"class_list":{"0":"post-409650","1":"post","2":"type-post","3":"status-publish","4":"format-standard","5":"has-post-thumbnail","7":"category-nancy","8":"tag-actu","9":"tag-actualites","10":"tag-bons-plans-a-nancy","11":"tag-eu","12":"tag-europe","13":"tag-fr","14":"tag-france","15":"tag-gastronomie","16":"tag-grand-est","17":"tag-nancy","18":"tag-news","19":"tag-republique-francaise","20":"tag-societe"},"share_on_mastodon":{"url":"https:\/\/pubeurope.com\/@fr\/115248432684106921","error":""},"_links":{"self":[{"href":"https:\/\/www.europesays.com\/fr\/wp-json\/wp\/v2\/posts\/409650","targetHints":{"allow":["GET"]}}],"collection":[{"href":"https:\/\/www.europesays.com\/fr\/wp-json\/wp\/v2\/posts"}],"about":[{"href":"https:\/\/www.europesays.com\/fr\/wp-json\/wp\/v2\/types\/post"}],"author":[{"embeddable":true,"href":"https:\/\/www.europesays.com\/fr\/wp-json\/wp\/v2\/users\/2"}],"replies":[{"embeddable":true,"href":"https:\/\/www.europesays.com\/fr\/wp-json\/wp\/v2\/comments?post=409650"}],"version-history":[{"count":0,"href":"https:\/\/www.europesays.com\/fr\/wp-json\/wp\/v2\/posts\/409650\/revisions"}],"wp:featuredmedia":[{"embeddable":true,"href":"https:\/\/www.europesays.com\/fr\/wp-json\/wp\/v2\/media\/409651"}],"wp:attachment":[{"href":"https:\/\/www.europesays.com\/fr\/wp-json\/wp\/v2\/media?parent=409650"}],"wp:term":[{"taxonomy":"category","embeddable":true,"href":"https:\/\/www.europesays.com\/fr\/wp-json\/wp\/v2\/categories?post=409650"},{"taxonomy":"post_tag","embeddable":true,"href":"https:\/\/www.europesays.com\/fr\/wp-json\/wp\/v2\/tags?post=409650"}],"curies":[{"name":"wp","href":"https:\/\/api.w.org\/{rel}","templated":true}]}}