{"id":409670,"date":"2025-09-22T14:41:12","date_gmt":"2025-09-22T14:41:12","guid":{"rendered":"https:\/\/www.europesays.com\/fr\/409670\/"},"modified":"2025-09-22T14:41:12","modified_gmt":"2025-09-22T14:41:12","slug":"tours-nantes-rennes-lyon-plus-dune-cinquantaine-de-mairies-hissent-le-drapeau-palestinien","status":"publish","type":"post","link":"https:\/\/www.europesays.com\/fr\/409670\/","title":{"rendered":"Tours, Nantes, Rennes, Lyon\u2026 Plus d\u2019une cinquantaine de mairies hissent le drapeau palestinien"},"content":{"rendered":"<p>Plus d\u2019une cinquantaine de mairies dirig\u00e9es par la gauche ont hiss\u00e9 le drapeau palestinien sur le fronton de leur mairie lundi 22\u00a0septembre, <a target=\"_self\" href=\"https:\/\/www.lanouvellerepublique.fr\/a-la-une\/la-france-et-d-autres-pays-s-appretent-a-reconnaitre-l-etat-de-palestine-lundi-a-l-onu-1758538417\" rel=\"nofollow noopener\">jour choisi par Emmanuel Macron pour reconna\u00eetre officiellement l\u2019\u00c9tat de Palestine<\/a>, un pavoisement auquel est oppos\u00e9 le ministre d\u00e9missionnaire de l\u2019Int\u00e9rieur, Bruno Retailleau. Ce dernier avait donn\u00e9 instruction aux pr\u00e9fets de l\u2019interdire, en vertu du principe de neutralit\u00e9 du service public, de non-ing\u00e9rence dans la politique internationale de la France et du risque de \u00ab\u00a0troubles graves\u00a0\u00bb \u00e0 l\u2019ordre public.<\/p>\n<p>\u00c0 Saint-Denis, le maire PS Mathieu Hanotin a ainsi hiss\u00e9 d\u00e8s 9\u00a0h\u00a040 la banni\u00e8re rouge, noire, blanche et verte aux c\u00f4t\u00e9s des drapeaux fran\u00e7ais et europ\u00e9en.\u00a0\u00c0 ses c\u00f4t\u00e9s, le premier secr\u00e9taire du Parti socialiste Olivier Faure, <a target=\"_self\" href=\"https:\/\/www.lanouvellerepublique.fr\/a-la-une\/faisons-flotter-le-drapeau-palestinien-sur-nos-mairies-olivier-faure-appelle-a-une-action-symbolique-le-22-septembre-1757915395\" rel=\"nofollow noopener\">\u00e0 l\u2019origine de l\u2019id\u00e9e de pavoiser les mairies<\/a>, a dit \u00ab\u00a0regretter que le ministre de l&rsquo;Int\u00e9rieur n\u2019ait rien trouv\u00e9 de mieux que de chercher \u00e0 condamner des maires qui font leur devoir de solidarit\u00e9 [\u2026] Ce drapeau-l\u00e0 n\u2019est pas le drapeau du Hamas, il est le drapeau de femmes et d\u2019hommes qui ont le droit, eux aussi, \u00e0 la libert\u00e9 et \u00e0 l\u2019autod\u00e9termination\u00a0\u00bb, a-t-il jug\u00e9.<\/p>\n<p>Injonction du tribunal administratif<\/p>\n<p>Lyon, Rennes, Nantes <a target=\"_self\" href=\"https:\/\/www.lanouvellerepublique.fr\/tours\/le-drapeau-palestinien-va-etre-hisse-sur-l-hotel-de-ville-de-tours-1758544629\" rel=\"nofollow noopener\">ou encore Tours<\/a> l\u2019ont \u00e9galement imit\u00e9 ou s\u2019appr\u00eatent \u00e0 le faire. \u00ab\u00a0Reconna\u00eetre l\u2019\u00c9tat de Palestine, c\u2019est affirmer le principe fondamental du droit des peuples \u00e0 l\u2019autod\u00e9termination\u00a0\u00bb et \u00ab\u00a0rappeler que nulle conqu\u00eate territoriale par la force ne peut \u00eatre l\u00e9gitim\u00e9e et qu\u2019aucune paix durable ne saurait na\u00eetre sans justice et r\u00e9ciprocit\u00e9\u00a0\u00bb, a relev\u00e9 la mairie tourangelle.<\/p>\n<p>\u00c0 Malakoff, la maire communiste Jacqueline Belhomme avait appos\u00e9 un drapeau palestinien d\u00e8s vendredi. Celui-ci est rest\u00e9 sur le fronton de l\u2019h\u00f4tel de ville, malgr\u00e9 une injonction du tribunal administratif de Cergy Pontoise. Lundi, le juge des r\u00e9f\u00e9r\u00e9s a ordonn\u00e9 son retrait sous peine d\u2019une astreinte de 150\u00a0\u20ac par jour de retard.<\/p>\n<p>Certaines villes ont \u00e9rig\u00e9 le drapeau palestinien et isra\u00e9lien, comme Saint-Ouen. Paris a \u00e9galement projet\u00e9 dimanche soir les deux drapeaux sur la tour Eiffel avec le drapeau de la Paix. De plus petites villes, comme Chen\u00f4ves et Qu\u00e9tigny, en banlieue de Dijon, ont embo\u00eet\u00e9 le pas aux grandes. \u00c0 Corbeil-Essonnes, ville jumel\u00e9e avec J\u00e9rusalem Est, le maire DVG Bruno Piriou fera distribuer 1.000 drapeaux palestiniens.<\/p>\n<p>D\u00e9bat juridique<\/p>\n<p>Ce n\u2019est pas la premi\u00e8re fois que le pavoisement des mairies fait pol\u00e9mique. Au d\u00e9c\u00e8s du pape Fran\u00e7ois, la demande du gouvernement de mettre en berne le drapeau fran\u00e7ais avait \u00e9t\u00e9 jug\u00e9e <a target=\"_self\" href=\"https:\/\/www.lanouvellerepublique.fr\/deux-sevres\/dans-les-deux-sevres-les-defenseurs-de-la-laicite-s-insurgent-contre-la-mise-en-berne-des-drapeaux-pour-la-mort-du-pape-1745588278\" rel=\"nofollow noopener\">contraire au principe de la\u00efcit\u00e9 par certains maires.<\/a><\/p>\n<p>Jean-Paul Markus, professeur de droit public \u00e0 l\u2019Universit\u00e9 Paris-Saclay estime qu&rsquo;\u00ab\u00a0il n\u2019y a pas aujourd\u2019hui de mot d\u2019ordre du gouvernement pour pavoiser\u00a0\u00bb. \u00ab\u00a0\u00c0 chaque fois que les tribunaux ont valid\u00e9 les drapeaux, c\u2019\u00e9tait parce qu\u2019il y avait un mouvement national de solidarit\u00e9. C\u2019\u00e9tait le cas pour le drapeau isra\u00e9lien au moment du massacre du 7\u00a0octobre et pour le drapeau ukrainien\u00a0\u00bb, observe-t-il.<\/p>\n<p>Mais selon Serge Slama, professeur de droit public \u00e0 l\u2019Universit\u00e9 de Grenoble-Alpes, \u00ab\u00a0il n\u2019est pas prohib\u00e9 d\u2019\u00e9riger des drapeaux en soi\u00a0\u00bb. \u00ab\u00a0Un maire ne peut pas, \u00e0 travers un drapeau, exprimer une opinion politique, religieuse ou philosophique. Mais \u00e9riger un drapeau parce que le chef de l\u2019\u00c9tat reconna\u00eet la Palestine comme \u00c9tat ne me semble pas manquer au devoir de neutralit\u00e9 parce que c\u2019est la position officielle de la France ce jour-l\u00e0\u00a0\u00bb, argumente-t-il.<\/p>\n","protected":false},"excerpt":{"rendered":"Plus d\u2019une cinquantaine de mairies dirig\u00e9es par la gauche ont hiss\u00e9 le drapeau palestinien sur le fronton de&hellip;\n","protected":false},"author":2,"featured_media":409671,"comment_status":"","ping_status":"","sticky":false,"template":"","format":"standard","meta":{"footnotes":""},"categories":[2821],"tags":[328,1111,11,829,1777,674,1011,27,329,665,664,12,316,584,25],"class_list":{"0":"post-409670","1":"post","2":"type-post","3":"status-publish","4":"format-standard","5":"has-post-thumbnail","7":"category-rennes","8":"tag-a-la-une","9":"tag-actu","10":"tag-actualites","11":"tag-bretagne","12":"tag-eu","13":"tag-europe","14":"tag-fr","15":"tag-france","16":"tag-france-monde","17":"tag-gaza","18":"tag-israel","19":"tag-news","20":"tag-politique","21":"tag-rennes","22":"tag-republique-francaise"},"share_on_mastodon":{"url":"https:\/\/pubeurope.com\/@fr\/115248475946065546","error":""},"_links":{"self":[{"href":"https:\/\/www.europesays.com\/fr\/wp-json\/wp\/v2\/posts\/409670","targetHints":{"allow":["GET"]}}],"collection":[{"href":"https:\/\/www.europesays.com\/fr\/wp-json\/wp\/v2\/posts"}],"about":[{"href":"https:\/\/www.europesays.com\/fr\/wp-json\/wp\/v2\/types\/post"}],"author":[{"embeddable":true,"href":"https:\/\/www.europesays.com\/fr\/wp-json\/wp\/v2\/users\/2"}],"replies":[{"embeddable":true,"href":"https:\/\/www.europesays.com\/fr\/wp-json\/wp\/v2\/comments?post=409670"}],"version-history":[{"count":0,"href":"https:\/\/www.europesays.com\/fr\/wp-json\/wp\/v2\/posts\/409670\/revisions"}],"wp:featuredmedia":[{"embeddable":true,"href":"https:\/\/www.europesays.com\/fr\/wp-json\/wp\/v2\/media\/409671"}],"wp:attachment":[{"href":"https:\/\/www.europesays.com\/fr\/wp-json\/wp\/v2\/media?parent=409670"}],"wp:term":[{"taxonomy":"category","embeddable":true,"href":"https:\/\/www.europesays.com\/fr\/wp-json\/wp\/v2\/categories?post=409670"},{"taxonomy":"post_tag","embeddable":true,"href":"https:\/\/www.europesays.com\/fr\/wp-json\/wp\/v2\/tags?post=409670"}],"curies":[{"name":"wp","href":"https:\/\/api.w.org\/{rel}","templated":true}]}}