{"id":409672,"date":"2025-09-22T14:42:11","date_gmt":"2025-09-22T14:42:11","guid":{"rendered":"https:\/\/www.europesays.com\/fr\/409672\/"},"modified":"2025-09-22T14:42:11","modified_gmt":"2025-09-22T14:42:11","slug":"strasbourg-un-joueur-empoche-un-million-deuros-avec-un-ticket-a-gratter","status":"publish","type":"post","link":"https:\/\/www.europesays.com\/fr\/409672\/","title":{"rendered":"Strasbourg. Un joueur empoche un million d\u2019euros avec un ticket \u00e0 gratter"},"content":{"rendered":"<p>L\u2019Alsace compte un millionnaire de plus depuis le 9\u00a0septembre. Un client du tabac-presse Le Pr\u00e9fet, au 8 avenue de la Marseillaise \u00e0 Strasbourg, a connu une brusque mont\u00e9e d\u2019adr\u00e9naline en grattant un ticket de Millionnaire.<\/p>\n<p>\u00ab\u00a0Fid\u00e8le aux jeux illiko\u00a0\u00bb, ce myst\u00e9rieux gagnant avait d\u2019ordinaire une pr\u00e9f\u00e9rence pour les jeux \u00e0 5\u00a0\u20ac, indique la Fran\u00e7aise des Jeux dans un e-mail au nouveau g\u00e9rant du tabac-presse, Ronald Seiler. Ce dernier venait de racheter le commerce \u00e0 Christian Beckendorf &#8211; qui a vendu le ticket gagnant la veille de son d\u00e9part \u00e0 la retraite.<\/p>\n<p>Quant au gagnant, il avait d\u00e9cid\u00e9 cette fois de tenter sa chance au Millionnaire. Au grattage, il d\u00e9couvre \u00ab\u00a0deux symboles avions identiques\u00a0\u00bb et la somme \u00ab\u00a0avec les z\u00e9ros qui n\u2019en finissaient pas jusqu\u2019\u00e0 lire le montant d\u2019un million d\u2019euros\u00a0!\u00a0\u00bb Il pourra r\u00e9aliser son \u00ab\u00a0r\u00eave de vacances en famille\u00a0\u00bb.<\/p>\n","protected":false},"excerpt":{"rendered":"L\u2019Alsace compte un millionnaire de plus depuis le 9\u00a0septembre. Un client du tabac-presse Le Pr\u00e9fet, au 8 avenue&hellip;\n","protected":false},"author":2,"featured_media":409673,"comment_status":"","ping_status":"","sticky":false,"template":"","format":"standard","meta":{"footnotes":""},"categories":[2820],"tags":[1111,11,2389,1687,2880,1777,674,107,1011,27,775,330,10265,12,25,640,2879],"class_list":{"0":"post-409672","1":"post","2":"type-post","3":"status-publish","4":"format-standard","5":"has-post-thumbnail","7":"category-strasbourg","8":"tag-actu","9":"tag-actualites","10":"tag-alsace","11":"tag-culture-loisirs","12":"tag-edition-strasbourg","13":"tag-eu","14":"tag-europe","15":"tag-fil-info","16":"tag-fr","17":"tag-france","18":"tag-grand-est","19":"tag-jeux","20":"tag-loto","21":"tag-news","22":"tag-republique-francaise","23":"tag-strasbourg","24":"tag-strasbourg-ville"},"share_on_mastodon":{"url":"https:\/\/pubeurope.com\/@fr\/115248479968388047","error":""},"_links":{"self":[{"href":"https:\/\/www.europesays.com\/fr\/wp-json\/wp\/v2\/posts\/409672","targetHints":{"allow":["GET"]}}],"collection":[{"href":"https:\/\/www.europesays.com\/fr\/wp-json\/wp\/v2\/posts"}],"about":[{"href":"https:\/\/www.europesays.com\/fr\/wp-json\/wp\/v2\/types\/post"}],"author":[{"embeddable":true,"href":"https:\/\/www.europesays.com\/fr\/wp-json\/wp\/v2\/users\/2"}],"replies":[{"embeddable":true,"href":"https:\/\/www.europesays.com\/fr\/wp-json\/wp\/v2\/comments?post=409672"}],"version-history":[{"count":0,"href":"https:\/\/www.europesays.com\/fr\/wp-json\/wp\/v2\/posts\/409672\/revisions"}],"wp:featuredmedia":[{"embeddable":true,"href":"https:\/\/www.europesays.com\/fr\/wp-json\/wp\/v2\/media\/409673"}],"wp:attachment":[{"href":"https:\/\/www.europesays.com\/fr\/wp-json\/wp\/v2\/media?parent=409672"}],"wp:term":[{"taxonomy":"category","embeddable":true,"href":"https:\/\/www.europesays.com\/fr\/wp-json\/wp\/v2\/categories?post=409672"},{"taxonomy":"post_tag","embeddable":true,"href":"https:\/\/www.europesays.com\/fr\/wp-json\/wp\/v2\/tags?post=409672"}],"curies":[{"name":"wp","href":"https:\/\/api.w.org\/{rel}","templated":true}]}}