{"id":409676,"date":"2025-09-22T14:44:14","date_gmt":"2025-09-22T14:44:14","guid":{"rendered":"https:\/\/www.europesays.com\/fr\/409676\/"},"modified":"2025-09-22T14:44:14","modified_gmt":"2025-09-22T14:44:14","slug":"le-barreau-de-nice-soutient-lintelligence-authentique-ia-de-ses-avocats","status":"publish","type":"post","link":"https:\/\/www.europesays.com\/fr\/409676\/","title":{"rendered":"Le barreau de Nice soutient l\u2019intelligence authentique (IA) de ses avocats"},"content":{"rendered":"<p>                    <img loading=\"lazy\" decoding=\"async\" src=\"https:\/\/www.europesays.com\/fr\/wp-content\/uploads\/2025\/09\/6ebf47117745fc7825974a58f0d801.jpg\" class=\"img-responsive post-image\" width=\"680\" height=\"510\" alt=\"Le barreau de Nice soutie\" title=\"Le barreau de Nice soutient l'intelligence authentique (IA) de ses avocats\"\/><\/p>\n<p class=\"chapo\">Une grande premi\u00e8re. Le barreau de Nice a lanc\u00e9 depuis quelques jours une vaste campagne de communication pour mettre en avant l\u2019expertise des quelque 1 200 \u00ab\u00a0vrais\u00a0\u00bb avocats qui le compose. Une campagne qui a pour slogan \u00ab\u00a0Cet(te) avocat(e) a \u00e9t\u00e9 g\u00e9n\u00e9r\u00e9(e) par une IA, les n\u00f4tres par la vie\u00a0\u00bb, compl\u00e9t\u00e9 par\u00a0: \u00ab\u00a0\u00c0 Nice, 1 200 vrais avocats \u00e0 votre service\u00a0\u00a0\u00bb, avec le hashtag \u00ab\u00a0Authentique intelligence\u00a0\u00bb.<\/p>\n<p>La campagne, r\u00e9fl\u00e9chie par la commission communication du barreau et r\u00e9alis\u00e9e par l\u2019agence ni\u00e7oise <strong>Comback<\/strong>, se d\u00e9cline par un affichage sur les rames des trois lignes du tramway de Nice et par un affichage dans d\u2019autres villes du ressort du barreau (Beausoleil, Cap d\u2019Ail, Menton, Villefranche-sur-Mer\u2026), ainsi que sur les r\u00e9seaux sociaux.<\/p>\n<p>\u00ab\u00a0Un avocat en chair et en os\u00a0\u00bb<\/p>\n<p>\u00ab\u00a0Les IA g\u00e9n\u00e9ratives bouleversent les pratiques de quasiment toutes les professions et la profession d\u2019avocat n\u2019\u00e9chappe pas \u00e0 ce bouleversement, avec les consultations automatis\u00e9es et l\u2019assistance \u00e0 la d\u00e9cision\u00a0\u00bb, explique le b\u00e2tonnier du barreau de Nice, <strong>Emmanuel Brancaleoni.<\/strong> \u00ab\u00a0Mais cette tendance lourde entretient un certain nombre d\u2019id\u00e9es re\u00e7ues sur le co\u00fbt et l\u2019accessibilit\u00e9 des avocats, qui seraient un peu \u00e9loign\u00e9s du quotidien des justiciables. L\u2019id\u00e9e de cette campagne est de r\u00e9tablir la proximit\u00e9 qui est inh\u00e9rente \u00e0 la relation entre avocat et justiciable.\u00a0La justice est incarn\u00e9e par ses acteurs et notamment par les avocats, qui seuls sont capables de la rendre compr\u00e9hensible, de la traduire. L\u2019IA a des vertus mais elle ne remplacera jamais l\u2019expertise et le regard humain.\u00a0Nous ne redoutons pas l\u2019IA, elle accompagne d\u00e9j\u00e0 beaucoup de nos confr\u00e8res mais nous attirons l\u2019attention des justiciables sur le fait qu\u2019un outil ne pourra jamais remplacer un avocat en chair et en os\u00a0\u00bb, poursuit Me Brancaleoni.<\/p>\n<p> <a href=\"https:\/\/www.europesays.com\/fr\/wp-content\/uploads\/2025\/09\/img_4042.jpg\" class=\"spip_doc_lien mediabox\" type=\"image\/jpeg\"><br \/>\n\t\t<img loading=\"lazy\" decoding=\"async\" src=\"https:\/\/www.europesays.com\/fr\/wp-content\/uploads\/2025\/09\/img_4042.jpg\" width=\"1024\" height=\"768\" alt=\"\"\/><\/a><\/p>\n<p>\u00a9SG\n<\/p>\n<p>Sensibilit\u00e9, qualit\u00e9 d\u2019\u00e9coute&#8230;<\/p>\n<p>\u00ab\u00a0\u00a0Dans certains dossiers p\u00e9naux ou familiaux, il y a toute une communication \u00e0 avoir pour mettre les gens en confiance. Il y  a des choses qui se jouent dans nos cabinets\u00a0\u00bb, confie la vice-b\u00e2tonni\u00e8re <strong>Val\u00e9rie Serra<\/strong>. \u00ab\u00a0Il est impossible de remplacer la sensibilit\u00e9, la qualit\u00e9 d\u2019\u00e9coute d\u2019un confr\u00e8re ou d\u2019une cons\u0153ur par une machine, aussi sophistiqu\u00e9e soit-elle. On a tendance \u00e0 penser que l\u2019avocat c\u2019est celui qui parle mais c\u2019est aussi celui qui \u00e9coute, qui recueille la confidence\u00a0\u00a0\u00bb, souligne-t-elle. Et Me Brancaleoni d\u2019enfoncer le clou\u00a0: \u00ab\u00a0\u00a0Il y a une chose dont l\u2019IA ne fera jamais rien alors que nous sommes capables de l\u2019exploiter \u00e0 100\u00a0%, c\u2019est le silence\u00a0\u00a0\u00bb.<\/p>\n","protected":false},"excerpt":{"rendered":"Une grande premi\u00e8re. Le barreau de Nice a lanc\u00e9 depuis quelques jours une vaste campagne de communication pour&hellip;\n","protected":false},"author":2,"featured_media":409677,"comment_status":"","ping_status":"","sticky":false,"template":"","format":"standard","meta":{"footnotes":""},"categories":[2819],"tags":[1111,11,2408,1777,674,1011,27,12,2401,882,25],"class_list":{"0":"post-409676","1":"post","2":"type-post","3":"status-publish","4":"format-standard","5":"has-post-thumbnail","7":"category-nice","8":"tag-actu","9":"tag-actualites","10":"tag-appels-d","11":"tag-eu","12":"tag-europe","13":"tag-fr","14":"tag-france","15":"tag-news","16":"tag-nice","17":"tag-provence-alpes-cote-dazur","18":"tag-republique-francaise"},"share_on_mastodon":{"url":"https:\/\/pubeurope.com\/@fr\/115248488051207730","error":""},"_links":{"self":[{"href":"https:\/\/www.europesays.com\/fr\/wp-json\/wp\/v2\/posts\/409676","targetHints":{"allow":["GET"]}}],"collection":[{"href":"https:\/\/www.europesays.com\/fr\/wp-json\/wp\/v2\/posts"}],"about":[{"href":"https:\/\/www.europesays.com\/fr\/wp-json\/wp\/v2\/types\/post"}],"author":[{"embeddable":true,"href":"https:\/\/www.europesays.com\/fr\/wp-json\/wp\/v2\/users\/2"}],"replies":[{"embeddable":true,"href":"https:\/\/www.europesays.com\/fr\/wp-json\/wp\/v2\/comments?post=409676"}],"version-history":[{"count":0,"href":"https:\/\/www.europesays.com\/fr\/wp-json\/wp\/v2\/posts\/409676\/revisions"}],"wp:featuredmedia":[{"embeddable":true,"href":"https:\/\/www.europesays.com\/fr\/wp-json\/wp\/v2\/media\/409677"}],"wp:attachment":[{"href":"https:\/\/www.europesays.com\/fr\/wp-json\/wp\/v2\/media?parent=409676"}],"wp:term":[{"taxonomy":"category","embeddable":true,"href":"https:\/\/www.europesays.com\/fr\/wp-json\/wp\/v2\/categories?post=409676"},{"taxonomy":"post_tag","embeddable":true,"href":"https:\/\/www.europesays.com\/fr\/wp-json\/wp\/v2\/tags?post=409676"}],"curies":[{"name":"wp","href":"https:\/\/api.w.org\/{rel}","templated":true}]}}