{"id":409689,"date":"2025-09-22T14:51:15","date_gmt":"2025-09-22T14:51:15","guid":{"rendered":"https:\/\/www.europesays.com\/fr\/409689\/"},"modified":"2025-09-22T14:51:15","modified_gmt":"2025-09-22T14:51:15","slug":"son-ex-compagnon-avoue-les-faits","status":"publish","type":"post","link":"https:\/\/www.europesays.com\/fr\/409689\/","title":{"rendered":"son ex-compagnon avoue les faits"},"content":{"rendered":"<p>            Par<br \/>\n        <strong><br \/>\n            <a href=\"https:\/\/actu.fr\/auteur\/anaelle-montagne\" title=\"Consulter tous les articles de Anaelle Montagne\" target=\"_blank\" rel=\"noopener\">Anaelle Montagne<\/a><br \/>\n        <\/strong><\/p>\n<p>        Publi\u00e9 le<\/p>\n<p>            22 sept. 2025 \u00e0 16h42        <\/p>\n<p>L\u2019homme de 58 ans a appel\u00e9 la gendarmerie de lui-m\u00eame pour se d\u00e9noncer. Dans son appartement gisait le corps sans vie de son ex-compagne.<\/p>\n<p class=\" wall-content\">Ce qui se dessine comme le 114\u00e8me f\u00e9minicide de 2025 a eu lieu entre le samedi 20 et le dimanche 21 septembre \u00e0 <a href=\"https:\/\/actu.fr\/occitanie\/montrabe_31389\" target=\"_blank\" rel=\"noopener\">Montrab\u00e9<\/a>, pr\u00e8s de Toulouse \u2013 comme l\u2019ont r\u00e9v\u00e9l\u00e9 nos confr\u00e8res de <a href=\"https:\/\/www.ladepeche.fr\/2025\/09\/22\/info-la-depeche-feminicide-au-nord-de-toulouse-un-homme-de-57-ans-denonce-son-crime-il-est-interpelle-12945377.php\" target=\"_blank\" rel=\"noopener\">La D\u00e9p\u00eache<\/a> avant confirmation de la gendarmerie aupr\u00e8s d\u2019<a href=\"https:\/\/actu.fr\/toulouse\/\" target=\"_blank\" rel=\"noopener\">Actu Toulouse<\/a>.<\/p>\n<p>Le lieu du drame<\/p>\n<p class=\" wall-content\">Une r\u00e9sidence tranquille de la rue des Lauriers, qui jouxte la zone commerciale communale, a \u00e9t\u00e9 le th\u00e9\u00e2tre de cet homicide.<\/p>\n<p>    <a href=\"https:\/\/www.google.com\/maps\/embed?pb=!1m18!1m12!1m3!1d6866.835511197281!2d1.5233105171774954!3d43.645074844429274!2m3!1f0!2f0!3f0!3m2!1i1024!2i768!4f13.1!3m3!1m2!1s0x12ae980d976cf6dd%3A0xad8e17556f999ca2!2s1%20Rue%20des%20Lauriers%2C%2031850%20Montrab%C3%A9!5e0!3m2!1sen!2sfr!4v1758546853619!5m2!1sen!2sfr\" title=\"Ouvrie le lien\" target=\"_blank\" rel=\"noopener\">Cliquez ici pour visualiser le contenu<\/a><\/p>\n<p>Que s\u2019est-il pass\u00e9 ?\u00a0<\/p>\n<p class=\" wall-content\">Ce dimanche 21 septembre, la matin\u00e9e est d\u00e9j\u00e0 bien entam\u00e9e quand les gendarmes re\u00e7oivent l\u2019appel qui va tout faire basculer.<\/p>\n<p class=\" wall-content\">Au bout du fil, un homme<strong> d\u00e9clare avoir tu\u00e9 la victime de 46 ans<\/strong>, d\u2019origine Sud-Cor\u00e9enne. Il s\u2019agit de son ex-compagnon, de douze ans son a\u00een\u00e9.<\/p>\n<p>Vid\u00e9os : en ce moment sur ActuInterpell\u00e9 sur les lieux du crime<\/p>\n<p class=\" wall-content\">Imm\u00e9diatement, sept militaires se rendent sur les lieux, bient\u00f4t rejoints par cinq autres : sur place, <strong>ils d\u00e9couvrent le corps de la quadrag\u00e9naire<\/strong>.\u00a0<\/p>\n<p class=\" wall-content\">Son meurtrier pr\u00e9sum\u00e9, si l\u2019on en croit ses aveux, est <strong>interpell\u00e9 sur place<\/strong> sans heurt, indique la gendarmerie. Il sera ensuite conduit au poste et plac\u00e9 en garde \u00e0 vue.\u00a0<\/p>\n<p>Votre r\u00e9gion, votre actu !<\/p>\n<p>Recevez chaque jour les infos qui comptent pour vous.<\/p>\n<p>\t<a href=\"https:\/\/actu.fr\/newsletter\" class=\"ac-btn ac-btn--corner ac-btn--medium ac-btn--blue800\" target=\"_blank\" rel=\"noopener\">S&rsquo;incrire<\/a><\/p>\n<p>    <img   decoding=\"async\" loading=\"lazy\" src=\"https:\/\/www.europesays.com\/fr\/wp-content\/uploads\/2025\/09\/whatsapp-image-2025-09-22-at-163852-960x640.jpeg\" alt=\"Le f\u00e9minicide a eu lieu dans cette r\u00e9sidence de la rue des Lauriers.\" width=\"960\" height=\"640\"\/><br \/>\n    Le meurtrier pr\u00e9sum\u00e9 de la victime a \u00e9t\u00e9 interpell\u00e9 sur les lieux de l\u2019homicide. (\u00a9G.L. \/ Actu Toulouse)Entendu par les gendarmes<\/p>\n<p class=\" wall-content\">Une enqu\u00eate a \u00e9t\u00e9 ouverte par le parquet de Toulouse pour d\u00e9terminer les circonstances exactes du drame.<\/p>\n<p class=\" wall-content\">Dans l\u2019appartement de la rue des Lauriers, les techniciens en identification criminelle ont proc\u00e9d\u00e9 aux constatations de mise. L\u2019autopsie de la victime devrait avoir lieu rapidement.<\/p>\n<p class=\" wall-content\">Personnalisez votre actualit\u00e9 en ajoutant vos villes et m\u00e9dias en favori avec <a href=\"https:\/\/moncompte.actu.fr\" title=\"D\u00e9couvez Mon Actu\" rel=\"nofollow noopener\" data-trk=\"{&quot;cta&quot;:{&quot;action&quot;:&quot;https:\\\/\\\/moncompte.actu.fr&quot;,&quot;category&quot;:&quot;mon compte&quot;,&quot;from&quot;:&quot;article footer&quot;,&quot;name&quot;:&quot;Mon actu&quot;,&quot;type&quot;:&quot;cta&quot;}}\" target=\"_blank\">Mon Actu<\/a>.<\/p>\n","protected":false},"excerpt":{"rendered":"Par Anaelle Montagne Publi\u00e9 le 22 sept. 2025 \u00e0 16h42 L\u2019homme de 58 ans a appel\u00e9 la gendarmerie&hellip;\n","protected":false},"author":2,"featured_media":409690,"comment_status":"","ping_status":"","sticky":false,"template":"","format":"standard","meta":{"footnotes":""},"categories":[2816],"tags":[1111,11,1777,674,118,3555,1011,27,12,2680,25,2312],"class_list":{"0":"post-409689","1":"post","2":"type-post","3":"status-publish","4":"format-standard","5":"has-post-thumbnail","7":"category-toulouse","8":"tag-actu","9":"tag-actualites","10":"tag-eu","11":"tag-europe","12":"tag-faits-divers","13":"tag-feminicide","14":"tag-fr","15":"tag-france","16":"tag-news","17":"tag-occitanie","18":"tag-republique-francaise","19":"tag-toulouse"},"share_on_mastodon":{"url":"https:\/\/pubeurope.com\/@fr\/115248515856536189","error":""},"_links":{"self":[{"href":"https:\/\/www.europesays.com\/fr\/wp-json\/wp\/v2\/posts\/409689","targetHints":{"allow":["GET"]}}],"collection":[{"href":"https:\/\/www.europesays.com\/fr\/wp-json\/wp\/v2\/posts"}],"about":[{"href":"https:\/\/www.europesays.com\/fr\/wp-json\/wp\/v2\/types\/post"}],"author":[{"embeddable":true,"href":"https:\/\/www.europesays.com\/fr\/wp-json\/wp\/v2\/users\/2"}],"replies":[{"embeddable":true,"href":"https:\/\/www.europesays.com\/fr\/wp-json\/wp\/v2\/comments?post=409689"}],"version-history":[{"count":0,"href":"https:\/\/www.europesays.com\/fr\/wp-json\/wp\/v2\/posts\/409689\/revisions"}],"wp:featuredmedia":[{"embeddable":true,"href":"https:\/\/www.europesays.com\/fr\/wp-json\/wp\/v2\/media\/409690"}],"wp:attachment":[{"href":"https:\/\/www.europesays.com\/fr\/wp-json\/wp\/v2\/media?parent=409689"}],"wp:term":[{"taxonomy":"category","embeddable":true,"href":"https:\/\/www.europesays.com\/fr\/wp-json\/wp\/v2\/categories?post=409689"},{"taxonomy":"post_tag","embeddable":true,"href":"https:\/\/www.europesays.com\/fr\/wp-json\/wp\/v2\/tags?post=409689"}],"curies":[{"name":"wp","href":"https:\/\/api.w.org\/{rel}","templated":true}]}}