{"id":409718,"date":"2025-09-22T15:07:51","date_gmt":"2025-09-22T15:07:51","guid":{"rendered":"https:\/\/www.europesays.com\/fr\/409718\/"},"modified":"2025-09-22T15:07:51","modified_gmt":"2025-09-22T15:07:51","slug":"cette-video-montre-une-marche-en-pologne-pas-un-rassemblement-dextreme-droite-au-royaume-uni","status":"publish","type":"post","link":"https:\/\/www.europesays.com\/fr\/409718\/","title":{"rendered":"Cette vid\u00e9o montre une marche en Pologne, pas un rassemblement d&rsquo;extr\u00eame droite au Royaume-Uni"},"content":{"rendered":"<p class=\"mb-4 text-lg md:leading-8 break-words\">Entre 110.000 et 150.000 personnes ont particip\u00e9 le 13 septembre 2025 \u00e0 un rassemblement d&rsquo;extr\u00eame droite \u00e0 Londres, selon des estimations de la police. \u00c0 cette occasion, des images a\u00e9riennes de rues remplies de drapeaux anglais et britanniques ont \u00e9t\u00e9 diffus\u00e9es par les m\u00e9dias. Sur les r\u00e9seaux sociaux, une vid\u00e9o film\u00e9e par drone, montrant une foule compacte brandissant des drapeaux sur un pont, a largement circul\u00e9. Mais attention : cette vid\u00e9o a \u00e9t\u00e9 d\u00e9contextualis\u00e9e. Elle ne montre pas les manifestations \u00e0 Londres, mais une marche organis\u00e9e \u00e0 Varsovie, en Pologne, le 11 novembre 2023, \u00e0 l&rsquo;occasion de la f\u00eate de l&rsquo;ind\u00e9pendance.<\/p>\n<p class=\"mb-4 text-lg md:leading-8 break-words\">\u00ab\u00a0EN DIRECT DE LONDRES 3 millions de Britanniques venus exprimer leur col\u00e8re contre l&rsquo;invasion et l&rsquo;islamisation du pays, la foule se met \u00e0 scander sans h\u00e9sitation : &lsquo;Nous voulons r\u00e9cup\u00e9rer notre pays ! Remigration ! Remigration !'\u00a0\u00bb, affirme une publication sur <a href=\"https:\/\/perma.cc\/C973-ATE9?type=standard\" rel=\"nofollow noopener\" target=\"_blank\" data-ylk=\"slk:X;elm:context_link;itc:0;sec:content-canvas\" class=\"link \">X<\/a> dat\u00e9e du 14 septembre 2025. Ce message accompagne une vid\u00e9o a\u00e9rienne montrant une foule de manifestants brandissant des drapeaux et des fumig\u00e8nes le long d&rsquo;un pont et d&rsquo;une avenue.<\/p>\n<p class=\"mb-4 text-lg md:leading-8 break-words\">Sur <a href=\"https:\/\/perma.cc\/W9GF-B5UN\" rel=\"nofollow noopener\" target=\"_blank\" data-ylk=\"slk:Instagram;elm:context_link;itc:0;sec:content-canvas\" class=\"link \">Instagram<\/a>, un autre internaute partage la m\u00eame vid\u00e9o en commentant : \u00ab\u00a0Quelle \u00e9motion intense ! Quelle foule immense et fervente, venue d\u00e9montrer son m\u00e9contentement et son sentiment d&rsquo;urgence\u00a0\u00bb.<\/p>\n<p class=\"mb-4 text-lg md:leading-8 break-words\">Des publications similaires circulent \u00e9galement sur\u00a0<a href=\"https:\/\/web.archive.org\/web\/20250919135822\/https:\/\/www.facebook.com\/reel\/1231692952000700\" rel=\"nofollow noopener\" target=\"_blank\" data-ylk=\"slk:Facebook;elm:context_link;itc:0;sec:content-canvas\" class=\"link \">Facebook<\/a>, <a href=\"https:\/\/perma.cc\/L6PG-9DW5\" rel=\"nofollow noopener\" target=\"_blank\" data-ylk=\"slk:Instagram;elm:context_link;itc:0;sec:content-canvas\" class=\"link \">Instagram<\/a> et <a href=\"https:\/\/perma.cc\/LSY8-MCPK\" rel=\"nofollow noopener\" target=\"_blank\" data-ylk=\"slk:TikTok;elm:context_link;itc:0;sec:content-canvas\" class=\"link \">TikTok<\/a>, et dans plusieurs langues, notamment en\u00a0<a href=\"https:\/\/perma.cc\/CJR6-N373\" rel=\"nofollow noopener\" target=\"_blank\" data-ylk=\"slk:anglais;elm:context_link;itc:0;sec:content-canvas\" class=\"link \">anglais<\/a>, <a href=\"https:\/\/perma.cc\/X5Z2-4Q54\" rel=\"nofollow noopener\" target=\"_blank\" data-ylk=\"slk:arabe;elm:context_link;itc:0;sec:content-canvas\" class=\"link \">arabe<\/a>, <a href=\"https:\/\/perma.cc\/Y5ET-RH3G\" rel=\"nofollow noopener\" target=\"_blank\" data-ylk=\"slk:bengali;elm:context_link;itc:0;sec:content-canvas\" class=\"link \">bengali<\/a>,\u00a0<a href=\"https:\/\/web.archive.org\/web\/20250916085825\/https:\/\/mbd.baidu.com\/newspage\/data\/videolanding?nid=sv_10896946077655227636&amp;sourceFrom=qmj\" rel=\"nofollow noopener\" target=\"_blank\" data-ylk=\"slk:chinois;elm:context_link;itc:0;sec:content-canvas\" class=\"link \">chinois<\/a>, <a href=\"https:\/\/perma.cc\/L75Q-6WRV\" rel=\"nofollow noopener\" target=\"_blank\" data-ylk=\"slk:italien;elm:context_link;itc:0;sec:content-canvas\" class=\"link \">italien<\/a> et <a href=\"https:\/\/perma.cc\/EWW8-SMYQ\" rel=\"nofollow noopener\" target=\"_blank\" data-ylk=\"slk:portugais;elm:context_link;itc:0;sec:content-canvas\" class=\"link \">portugais<\/a>.<\/p>\n<p><img alt=\"&lt;span&gt;Captures d'\u00e9cran prises le 19\/09\/2025 sur X (\u00e0 gauche) et Instagram (\u00e0 droite). Croix rouge et orange ajout\u00e9es par l'AFP.&lt;\/span&gt;\" loading=\"lazy\" width=\"960\" height=\"515\" decoding=\"async\" data-nimg=\"1\" class=\"rounded-lg\" style=\"color:transparent\" src=\"https:\/\/www.europesays.com\/fr\/wp-content\/uploads\/2025\/09\/5a6a5f690c6cc3a3a6a514b81a1b818f.jpeg\"\/><\/p>\n<p>Captures d&rsquo;\u00e9cran prises le 19\/09\/2025 sur X (\u00e0 gauche) et Instagram (\u00e0 droite). Croix rouge et orange ajout\u00e9es par l&rsquo;AFP.<\/p>\n<p class=\"mb-4 text-lg md:leading-8 break-words\">La vid\u00e9o en question a refait surface sur les r\u00e9seaux sociaux \u00e0 la suite de la <a href=\"https:\/\/perma.cc\/HYL8-32FX\" rel=\"nofollow noopener\" target=\"_blank\" data-ylk=\"slk:manifestation du 13 septembre 2025;elm:context_link;itc:0;sec:content-canvas\" class=\"link \">manifestation du 13 septembre 2025<\/a>, organis\u00e9e par le militant d&rsquo;extr\u00eame droite britannique <a href=\"https:\/\/www.youtube.com\/watch?time_continue=112&amp;v=-dX6aX9sRy0&amp;embeds_referring_euri=https%3A%2F%2Ffactcheck.afp.com%2F&amp;source_ve_path=Mjg2NjY\" rel=\"nofollow noopener\" target=\"_blank\" data-ylk=\"slk:Tommy Robinson;elm:context_link;itc:0;sec:content-canvas\" class=\"link \">Tommy Robinson<\/a>. Pr\u00e9sent\u00e9e comme une initiative pour la d\u00e9fense de \u00ab\u00a0la libert\u00e9 d&rsquo;expression\u00a0\u00bb, cette manifestation a rassembl\u00e9 jusqu&rsquo;\u00e0 150.000 personnes selon la police londonienne.<\/p>\n<p class=\"mb-4 text-lg md:leading-8 break-words\">Sur place, les revendications portaient prioritairement sur l&rsquo;immigration, avec de nombreuses pancartes r\u00e9clamant \u00ab\u00a0la fin des small boats\u00a0\u00bb, ces embarcations de fortune sur lesquelles les migrants traversent la Manche.<\/p>\n<p class=\"mb-4 text-lg md:leading-8 break-words\">Mais attention :<strong>\u00a0la vid\u00e9o qui circule en ligne ne montre pas cette manifestation du 13 septembre \u00e0 Londres<\/strong>. En plus de relayer une affirmation infond\u00e9e selon laquelle le rassemblement avait r\u00e9uni 3 millions de personnes, les publications virales utilisent une s\u00e9quence <a href=\"https:\/\/factuel.afp.com\/doc.afp.com.36PC8B3\" rel=\"nofollow noopener\" target=\"_blank\" data-ylk=\"slk:d\u00e9j\u00e0 v\u00e9rifi\u00e9e;elm:context_link;itc:0;sec:content-canvas\" class=\"link \">d\u00e9j\u00e0 v\u00e9rifi\u00e9e<\/a> et signal\u00e9e comme d\u00e9contextualis\u00e9e par l&rsquo;AFP.<\/p>\n<p>Une vid\u00e9o de la f\u00eate de l&rsquo;ind\u00e9pendance polonaise<\/p>\n<p class=\"mb-4 text-lg md:leading-8 break-words\">Une <a href=\"https:\/\/www.youtube.com\/watch?v=WLEvLB5KYNI&amp;t=2s\" rel=\"nofollow noopener\" target=\"_blank\" data-ylk=\"slk:recherche d&#039;image invers\u00e9e;elm:context_link;itc:0;sec:content-canvas\" class=\"link \">recherche d&rsquo;image invers\u00e9e<\/a> nous a permis d&rsquo;identifier l&rsquo;origine de la vid\u00e9o. Elle avait \u00e9t\u00e9 publi\u00e9e le 11 novembre 2023 sur\u00a0<a href=\"https:\/\/x.com\/HektikHektor\/status\/1723426436713725960\" rel=\"nofollow noopener\" target=\"_blank\" data-ylk=\"slk:X;elm:context_link;itc:0;sec:content-canvas\" class=\"link \">X<\/a><strong>\u00a0<\/strong>par un utilisateur bas\u00e9 en Pologne. Le filigrane mentionnant son nom, visible en haut \u00e0 droite de la s\u00e9quence diffus\u00e9e \u00e0 tort, confirme son origine (lien archiv\u00e9\u00a0<a href=\"https:\/\/perma.cc\/XQS3-Q5ZR\" rel=\"nofollow noopener\" target=\"_blank\" data-ylk=\"slk:ici;elm:context_link;itc:0;sec:content-canvas\" class=\"link \">ici<\/a>).<\/p>\n<p class=\"mb-4 text-lg md:leading-8 break-words\">La l\u00e9gende originale de la vid\u00e9o, \u00e9crite en anglais, pr\u00e9cise qu&rsquo;il s&rsquo;agit d&rsquo;images film\u00e9es par drone lors de la marche annuelle de l&rsquo;ind\u00e9pendance en Pologne : \u00ab\u00a0Des sc\u00e8nes incroyables alors que des CENTAINES de MILLIERS de personnes sont descendues dans la rue pour c\u00e9l\u00e9brer la Pologne !\u00a0\u00bb<\/p>\n<p class=\"mb-4 text-lg md:leading-8 break-words\">Le m\u00eame utilisateur a \u00e9galement mis en ligne <a href=\"https:\/\/www.youtube.com\/watch?v=aPBgQpmwFfs\" rel=\"nofollow noopener\" target=\"_blank\" data-ylk=\"slk:une version non recadr\u00e9e de la vid\u00e9o;elm:context_link;itc:0;sec:content-canvas\" class=\"link \">une version non recadr\u00e9e de la vid\u00e9o<\/a> sur YouTube (lien archiv\u00e9 <a href=\"https:\/\/perma.cc\/R4SK-9PUP\" rel=\"nofollow noopener\" target=\"_blank\" data-ylk=\"slk:ici;elm:context_link;itc:0;sec:content-canvas\" class=\"link \">ici<\/a>).<\/p>\n<p><img alt=\"&lt;span&gt;Captures d'\u00e9cran prises le 19\/09\/2025 sur X (\u00e0 gauche) et sur YouTube (\u00e0 droite). Encadr\u00e9s jaunes et verts ajout\u00e9s par l'AFP.&lt;\/span&gt;\" loading=\"lazy\" width=\"960\" height=\"448\" decoding=\"async\" data-nimg=\"1\" class=\"rounded-lg\" style=\"color:transparent\" src=\"https:\/\/www.europesays.com\/fr\/wp-content\/uploads\/2025\/09\/fe962bfb0865e65883300138ee73d354.jpeg\"\/><\/p>\n<p>Captures d&rsquo;\u00e9cran prises le 19\/09\/2025 sur X (\u00e0 gauche) et sur YouTube (\u00e0 droite). Encadr\u00e9s jaunes et verts ajout\u00e9s par l&rsquo;AFP.<\/p>\n<p class=\"mb-4 text-lg md:leading-8 break-words\">L&rsquo;AFP a rapport\u00e9 que le <strong>rassemblement du 11 novembre 2023<\/strong> pour\u00a0<a href=\"https:\/\/www.laliberte.ch\/articles\/defile-de-sympathisants-dextreme-droite-764447\" rel=\"nofollow noopener\" target=\"_blank\" data-ylk=\"slk:la f\u00eate de l&#039;ind\u00e9pendance \u00e0 Varsovie;elm:context_link;itc:0;sec:content-canvas\" class=\"link \">la f\u00eate de l&rsquo;ind\u00e9pendance \u00e0 Varsovie<\/a>, capitale de la Pologne, avait \u00e9t\u00e9 suivi par des dizaines de milliers de sympathisants d&rsquo;extr\u00eame droite qui brandissaient des milliers de drapeaux polonais aux couleurs nationales, le blanc et le rouge, mais \u00e9galement des drapeaux avec des croix celtiques, symbole d&rsquo;extr\u00eame droite, ou des banderoles affichant des slogans anti-europ\u00e9ens, dont \u00ab\u00a0Polexit\u00a0\u00bb (lien archiv\u00e9 <a href=\"https:\/\/perma.cc\/3UBB-6ZAN\" rel=\"nofollow noopener\" target=\"_blank\" data-ylk=\"slk:ici;elm:context_link;itc:0;sec:content-canvas\" class=\"link \">ici<\/a>).<\/p>\n<p class=\"mb-4 text-lg md:leading-8 break-words\">Des <a href=\"https:\/\/www.afpforum.com\/AFPForum\/Search\/ViewMedia.aspx?mui=3&amp;hid=6873B1CC63286A2E8AA18A576BDC244A6090B85EC80CC837F949AED6E23E9D3B&amp;cck=a1aff2\" rel=\"nofollow noopener\" target=\"_blank\" data-ylk=\"slk:photographies;elm:context_link;itc:0;sec:content-canvas\" class=\"link \">photographies<\/a> prises par l&rsquo;AFP lors du rassemblement de 2023 montrent des sc\u00e8nes similaires \u00e0 celles de la vid\u00e9o : des\u00a0<a href=\"https:\/\/www.afpforum.com\/AFPForum\/Search\/ViewMedia.aspx?mui=1&amp;hid=FDC617FF5C917E78A60E72FAF726FD803E6B8BE0107AEB11E4E13CE3B1E4D0E3\" rel=\"nofollow noopener\" target=\"_blank\" data-ylk=\"slk:drapeaux agit\u00e9s;elm:context_link;itc:0;sec:content-canvas\" class=\"link \">drapeaux agit\u00e9s<\/a>, des p\u00e9tards et des torches fumig\u00e8nes allum\u00e9es (liens archiv\u00e9s\u00a0<a href=\"https:\/\/perma.cc\/8XDE-HCZS\" rel=\"nofollow noopener\" target=\"_blank\" data-ylk=\"slk:ici;elm:context_link;itc:0;sec:content-canvas\" class=\"link \">ici<\/a> et <a href=\"https:\/\/web.archive.org\/web\/20250918085833\/https:\/\/www.afpforum.com\/AFPForum\/Search\/ViewMedia.aspx?mui=1&amp;hid=FDC617FF5C917E78A60E72FAF726FD803E6B8BE0107AEB11E4E13CE3B1E4D0E3\" rel=\"nofollow noopener\" target=\"_blank\" data-ylk=\"slk:ici;elm:context_link;itc:0;sec:content-canvas\" class=\"link \">ici<\/a>).<\/p>\n<p class=\"mb-4 text-lg md:leading-8 break-words\">Par ailleurs, la cha\u00eene de t\u00e9l\u00e9vision irlandaise RTE a <a href=\"https:\/\/www.rte.ie\/news\/world\/2023\/1111\/1416001-poland-independence\/\" rel=\"nofollow noopener\" target=\"_blank\" data-ylk=\"slk:affirm\u00e9;elm:context_link;itc:0;sec:content-canvas\" class=\"link \">affirm\u00e9<\/a> que l&rsquo;itin\u00e9raire de la marche, emprunt\u00e9 chaque 11 novembre depuis une d\u00e9cennie, passait par le <a href=\"https:\/\/www.google.com\/maps\/@52.2330235,21.027209,3a,75y,246.14h,97.4t\/data=!3m7!1e1!3m5!1s4mOla7tq02RjGmx93Vp2Yg!2e0!6shttps:%2F%2Fstreetviewpixels-pa.googleapis.com%2Fv1%2Fthumbnail%3Fcb_client%3Dmaps_sv.tactile%26w%3D900%26h%3D600%26pitch%3D-7.400000000000006%26panoid%3D4mOla7tq02RjGmx93Vp2Yg%26yaw%3D246.14!7i16384!8i8192?entry=ttu&amp;g_ep=EgoyMDI1MDkxNi4wIKXMDSoASAFQAw%3D%3D\" rel=\"nofollow noopener\" target=\"_blank\" data-ylk=\"slk:pont Poniatowski;elm:context_link;itc:0;sec:content-canvas\" class=\"link \">pont Poniatowski<\/a> avant de se terminer au Stade national de Pologne, o\u00f9 se tenaient des discours de dirigeants d&rsquo;extr\u00eame droite (lien archiv\u00e9 <a href=\"https:\/\/perma.cc\/K7ST-3CEY\" rel=\"nofollow noopener\" target=\"_blank\" data-ylk=\"slk:ici;elm:context_link;itc:0;sec:content-canvas\" class=\"link \">ici<\/a>). Plusieurs \u00e9l\u00e9ments visibles dans la vid\u00e9o &#8211; dont l&rsquo;architecture du pont Poniatowski &#8211; correspondent \u00e0 ceux observables sur Google Street View.<\/p>\n<p><img alt=\"&lt;span&gt;Capture d'\u00e9cran comparant la vid\u00e9o d\u00e9contextualis\u00e9e (\u00e0 gauche) avec le pont Poniatowski sur Google Street View (\u00e0 droite). Encadr\u00e9s color\u00e9s ajout\u00e9s par l'AFP.&lt;\/span&gt;\" loading=\"lazy\" width=\"960\" height=\"456\" decoding=\"async\" data-nimg=\"1\" class=\"rounded-lg\" style=\"color:transparent\" src=\"https:\/\/www.europesays.com\/fr\/wp-content\/uploads\/2025\/09\/5f06c9c30f4566f4a86e92d2762f2da0.jpeg\"\/><\/p>\n<p>Capture d&rsquo;\u00e9cran comparant la vid\u00e9o d\u00e9contextualis\u00e9e (\u00e0 gauche) avec le pont Poniatowski sur Google Street View (\u00e0 droite). Encadr\u00e9s color\u00e9s ajout\u00e9s par l&rsquo;AFP.<\/p>\n<p class=\"mb-4 text-lg md:leading-8 break-words\">Les manifestations et rassemblements sont souvent la cible de campagnes de d\u00e9sinformation. Ce n&rsquo;est d&rsquo;ailleurs pas la premi\u00e8re fois que le rassemblement d&rsquo;extr\u00eame droite du 13 septembre 2025 \u00e0 Londres donne lieu \u00e0 la diffusion de contenus infond\u00e9s ou sortis de leur contexte, comme l&rsquo;a <a href=\"https:\/\/factuel.afp.com\/doc.afp.com.74TV6KE\" rel=\"nofollow noopener\" target=\"_blank\" data-ylk=\"slk:d\u00e9j\u00e0;elm:context_link;itc:0;sec:content-canvas\" class=\"link \">d\u00e9j\u00e0<\/a> d\u00e9montr\u00e9 l&rsquo;AFP.<\/p>\n","protected":false},"excerpt":{"rendered":"Entre 110.000 et 150.000 personnes ont particip\u00e9 le 13 septembre 2025 \u00e0 un rassemblement d&rsquo;extr\u00eame droite \u00e0 Londres,&hellip;\n","protected":false},"author":2,"featured_media":409719,"comment_status":"","ping_status":"","sticky":false,"template":"","format":"standard","meta":{"footnotes":""},"categories":[1588],"tags":[11,54101,1777,674,54102,4534,12,2437,3919,473,1853,1851,1850,1852,133],"class_list":{"0":"post-409718","1":"post","2":"type-post","3":"status-publish","4":"format-standard","5":"has-post-thumbnail","7":"category-royaume-uni","8":"tag-actualites","9":"tag-capitale-de-la-pologne","10":"tag-eu","11":"tag-europe","12":"tag-le-11-novembre","13":"tag-londres","14":"tag-news","15":"tag-pologne","16":"tag-rassemblement","17":"tag-royaume-uni","18":"tag-royaume-uni-de-grande-bretagne-et-dirlande-du-nord","19":"tag-uk","20":"tag-united-kingdom","21":"tag-united-kingdom-of-great-britain-and-northern-ireland","22":"tag-video"},"share_on_mastodon":{"url":"https:\/\/pubeurope.com\/@fr\/115248582863523564","error":""},"_links":{"self":[{"href":"https:\/\/www.europesays.com\/fr\/wp-json\/wp\/v2\/posts\/409718","targetHints":{"allow":["GET"]}}],"collection":[{"href":"https:\/\/www.europesays.com\/fr\/wp-json\/wp\/v2\/posts"}],"about":[{"href":"https:\/\/www.europesays.com\/fr\/wp-json\/wp\/v2\/types\/post"}],"author":[{"embeddable":true,"href":"https:\/\/www.europesays.com\/fr\/wp-json\/wp\/v2\/users\/2"}],"replies":[{"embeddable":true,"href":"https:\/\/www.europesays.com\/fr\/wp-json\/wp\/v2\/comments?post=409718"}],"version-history":[{"count":0,"href":"https:\/\/www.europesays.com\/fr\/wp-json\/wp\/v2\/posts\/409718\/revisions"}],"wp:featuredmedia":[{"embeddable":true,"href":"https:\/\/www.europesays.com\/fr\/wp-json\/wp\/v2\/media\/409719"}],"wp:attachment":[{"href":"https:\/\/www.europesays.com\/fr\/wp-json\/wp\/v2\/media?parent=409718"}],"wp:term":[{"taxonomy":"category","embeddable":true,"href":"https:\/\/www.europesays.com\/fr\/wp-json\/wp\/v2\/categories?post=409718"},{"taxonomy":"post_tag","embeddable":true,"href":"https:\/\/www.europesays.com\/fr\/wp-json\/wp\/v2\/tags?post=409718"}],"curies":[{"name":"wp","href":"https:\/\/api.w.org\/{rel}","templated":true}]}}