{"id":409720,"date":"2025-09-22T15:09:16","date_gmt":"2025-09-22T15:09:16","guid":{"rendered":"https:\/\/www.europesays.com\/fr\/409720\/"},"modified":"2025-09-22T15:09:16","modified_gmt":"2025-09-22T15:09:16","slug":"allemagne-friedrich-merz-charge-un-banquier-chevronne-dattirer-les-investissements-etrangers-22-09-2025-a-1642","status":"publish","type":"post","link":"https:\/\/www.europesays.com\/fr\/409720\/","title":{"rendered":"Allemagne : Friedrich Merz charge un banquier chevronn\u00e9 d&rsquo;attirer les investissements \u00e9trangers &#8211; 22\/09\/2025 \u00e0 16:42"},"content":{"rendered":"<p> L&rsquo;Allemagne est en qu\u00eate d&rsquo;investissements priv\u00e9s pour moderniser ses infrastructures et soutenir son industrie et l&rsquo;innovation.<\/p>\n<p>        <img fetchpriority=\"high\" decoding=\"async\" src=\"https:\/\/www.europesays.com\/fr\/wp-content\/uploads\/2025\/09\/c94a922985625b54499f6cd2e3e5e220-760x519.jpg\" alt=\"Martin Blessing \u00e0 Berlin, le 22 septembre 2025. ( AFP \/ JOHN MACDOUGALL )\" loading=\"eager\" width=\"760\" height=\"519\" style=\"max-width: 100%!important; height: auto;\"\/><\/p>\n<p class=\"c-image-news__legend\">Martin Blessing \u00e0 Berlin, le 22 septembre 2025. ( AFP \/ JOHN MACDOUGALL )<\/p>\n<p>\n Il aura pour objectif de d\u00e9finir l&rsquo;argumentaire de l&rsquo;Allemagne pour se vendre aupr\u00e8s des investisseurs. Le chancelier allemand, Friedrich Merz, a nomm\u00e9 lundi 22 septembre Martin Blessing, un banquier exp\u00e9riment\u00e9, et l&rsquo;a charg\u00e9 de promouvoir aupr\u00e8s d&rsquo;investisseurs \u00e9trangers l&rsquo;\u00e9conomie allemande en perte de comp\u00e9titivit\u00e9.\n<\/p>\n<p>\n Martin Blessing, 62 ans, est ainsi nomm\u00e9 \u00ab\u00a0mandataire personnel pour les investissements\u00a0\u00bb, rattach\u00e9 au chancelier. Il est l&rsquo;ancien pr\u00e9sident du directoire de la banque allemande Commerzbank entre 2008, ann\u00e9e de la grande crise financi\u00e8re, et 2016, puis cadre dirigeant jusqu&rsquo;en 2019 au sein de la banque suisse UBS. Son exp\u00e9rience va l&rsquo;aider \u00e0 faire jouer \u00ab\u00a0ses excellents contacts dans le monde \u00e9conomique et financier international\u00a0\u00bb, a d\u00e9clar\u00e9 le chancelier devant la presse.\n<\/p>\n<p>\n Il a pr\u00e9cis\u00e9 que Martin Blessing, depuis 2022 pr\u00e9sident du conseil d&rsquo;administration de la banque danoise Danske Bank et r\u00e9mun\u00e9r\u00e9 en tant que tel,<br \/>\n <strong><br \/>\n  ne touchera qu&rsquo;un euro symbolique pour cette nouvelle mission.<br \/>\n <\/strong>\n<\/p>\n<p>\n \u00ab\u00a0Je souhaite d\u00e9velopper un programme appel\u00e9 l\u00a0\u00bbEquity Story&rsquo; pour l&rsquo;Allemagne\u00a0\u00bb, a d\u00e9clar\u00e9 le banquier devant la presse. Une \u00ab\u00a0Equity Story\u00a0\u00bb sur les march\u00e9s financiers d\u00e9signe<br \/>\n <strong><br \/>\n  l&rsquo;argumentaire qu&rsquo;une entreprise utilise pour se pr\u00e9senter et se vendre aupr\u00e8s des investisseurs<br \/>\n <\/strong><br \/>\n , par exemple lors d&rsquo;une introduction en Bourse.\n<\/p>\n<p>\n Martin Blessing devra attirer des capitaux dans une Allemagne en qu\u00eate d&rsquo;investissements priv\u00e9s pour moderniser ses infrastructures ainsi que soutenir son industrie et l&rsquo;innovation.\n<\/p>\n<p> Vaste programme pour attirer les capitaux<\/p>\n<p>\n Une grande conf\u00e9rence pour investisseurs est pr\u00e9vue, a ajout\u00e9 le banquier, qui a reconnu qu&rsquo;il lui faudra plus de trois mois pour l&rsquo;organiser.\n<\/p>\n<p>\n Berlin a d\u00e9j\u00e0 mis en place plusieurs mesures pour attirer les capitaux, notamment un \u00ab\u00a0programme d&rsquo;investissement imm\u00e9diat, le fonds sp\u00e9cial pour les infrastructures et une r\u00e9forme compl\u00e8te de l&rsquo;imp\u00f4t sur les soci\u00e9t\u00e9s\u00a0\u00bb, a ajout\u00e9 Friedrich Merz. L&rsquo;initiative \u00ab\u00a0\u202fMade for Germany\u00a0\u00bb, lanc\u00e9e en juillet 2025, a par ailleurs permis \u00e0 plus de 60 entreprises de s&rsquo;engager \u00e0 investir plus de 630 milliards d&rsquo;euros sur trois ans.\n<\/p>\n<p>\n Martin Blessing supervisera \u00e9galement Germany Trade and Invest (GTAI), l&rsquo;agence f\u00e9d\u00e9rale charg\u00e9e du marketing du site \u00e9conomique allemand et de l&rsquo;accompagnement des entreprises \u00e0 l&rsquo;international.\n<\/p>\n<p>\n Plus de 1.700 entreprises \u00e9trang\u00e8res ont annonc\u00e9 en 2024 des projets d&rsquo;implantation ou d&rsquo;expansion en Allemagne, pour un volume total de 23,2 milliards d&rsquo;euros \u2013le troisi\u00e8me plus \u00e9lev\u00e9 jamais enregistr\u00e9, malgr\u00e9 un l\u00e9ger recul de 2% par rapport \u00e0 2023, a indiqu\u00e9 en mai cette agence.\n<\/p>\n<p>\n Mais l&rsquo;abandon par le groupe am\u00e9ricain Intel d&rsquo;une usine de semi-conducteurs et la faillite du su\u00e9dois Northvolt, qui a enterr\u00e9 son projet d&rsquo;usine de batteries en Allemagne, illustrent les difficult\u00e9s du pays \u00e0 s\u00e9duire les capitaux \u00e9trangers malgr\u00e9 de fortes subventions.<\/p>\n","protected":false},"excerpt":{"rendered":"L&rsquo;Allemagne est en qu\u00eate d&rsquo;investissements priv\u00e9s pour moderniser ses infrastructures et soutenir son industrie et l&rsquo;innovation. Martin Blessing&hellip;\n","protected":false},"author":2,"featured_media":409721,"comment_status":"","ping_status":"","sticky":false,"template":"","format":"standard","meta":{"footnotes":""},"categories":[1587],"tags":[400,11,672,398,408,1804,405,1805,1803,1777,674,1801,403,402,399,404,12,1802,401,406,407],"class_list":{"0":"post-409720","1":"post","2":"type-post","3":"status-publish","4":"format-standard","5":"has-post-thumbnail","7":"category-allemagne","8":"tag-action-cac-40","9":"tag-actualites","10":"tag-allemagne","11":"tag-bourse-de-paris","12":"tag-boursorama","13":"tag-bundesrepublik-deutschland","14":"tag-cotations","15":"tag-de","16":"tag-deutschland","17":"tag-eu","18":"tag-europe","19":"tag-germany","20":"tag-indices-devises","21":"tag-investir","22":"tag-investissement","23":"tag-marche-boursier","24":"tag-news","25":"tag-republique-federale-dallemagne","26":"tag-sicav","27":"tag-trackers","28":"tag-warrants"},"share_on_mastodon":{"url":"https:\/\/pubeurope.com\/@fr\/115248586072779096","error":""},"_links":{"self":[{"href":"https:\/\/www.europesays.com\/fr\/wp-json\/wp\/v2\/posts\/409720","targetHints":{"allow":["GET"]}}],"collection":[{"href":"https:\/\/www.europesays.com\/fr\/wp-json\/wp\/v2\/posts"}],"about":[{"href":"https:\/\/www.europesays.com\/fr\/wp-json\/wp\/v2\/types\/post"}],"author":[{"embeddable":true,"href":"https:\/\/www.europesays.com\/fr\/wp-json\/wp\/v2\/users\/2"}],"replies":[{"embeddable":true,"href":"https:\/\/www.europesays.com\/fr\/wp-json\/wp\/v2\/comments?post=409720"}],"version-history":[{"count":0,"href":"https:\/\/www.europesays.com\/fr\/wp-json\/wp\/v2\/posts\/409720\/revisions"}],"wp:featuredmedia":[{"embeddable":true,"href":"https:\/\/www.europesays.com\/fr\/wp-json\/wp\/v2\/media\/409721"}],"wp:attachment":[{"href":"https:\/\/www.europesays.com\/fr\/wp-json\/wp\/v2\/media?parent=409720"}],"wp:term":[{"taxonomy":"category","embeddable":true,"href":"https:\/\/www.europesays.com\/fr\/wp-json\/wp\/v2\/categories?post=409720"},{"taxonomy":"post_tag","embeddable":true,"href":"https:\/\/www.europesays.com\/fr\/wp-json\/wp\/v2\/tags?post=409720"}],"curies":[{"name":"wp","href":"https:\/\/api.w.org\/{rel}","templated":true}]}}