{"id":409742,"date":"2025-09-22T15:24:16","date_gmt":"2025-09-22T15:24:16","guid":{"rendered":"https:\/\/www.europesays.com\/fr\/409742\/"},"modified":"2025-09-22T15:24:16","modified_gmt":"2025-09-22T15:24:16","slug":"giulia-sarkozy-pas-moi-elle-tape-du-poing-apres-une-decouverte-honteuse","status":"publish","type":"post","link":"https:\/\/www.europesays.com\/fr\/409742\/","title":{"rendered":"Giulia Sarkozy : \u201cPas moi\u201d, elle tape du poing apr\u00e8s une d\u00e9couverte honteuse"},"content":{"rendered":"<p data-start=\"276\" data-end=\"653\">C\u2019est une nouvelle douche froide<br \/>\npour Giulia Sarkozy. <a href=\"https:\/\/www.closermag.fr\/people\/giulia-sarkozy-son-absence-inquiete-la-raison-devoilee-et-ca-a-a-voir-avec-sa-prestigieuse-ecole-3580216\" target=\"_blank\" rel=\"noopener\"><br \/>\nTr\u00e8s pr\u00e9sente sur les r\u00e9seaux sociaux<\/a> malgr\u00e9 son jeune \u00e2ge,<br \/>\n<a href=\"https:\/\/www.closermag.fr\/people\/giulia-sarkozy-sa-rentree-en-troisieme-dans-une-prestigieuse-ecole-3574848\" target=\"_blank\" rel=\"noopener\"><br \/>\nl\u2019adolescente de treize ans<\/a> vient de faire une mauvaise<br \/>\nd\u00e9couverte. N\u00e9e le 19 octobre 2011, elle est <a href=\"https:\/\/www.closermag.fr\/people\/giulia-sarkozy-est-ce-que-quelquun-pourrait-me-prendre-son-appel-a-laide-en-plein-week-end-3579536\" target=\"_blank\" rel=\"noopener\"><br \/>\nla fille de Nicolas Sarkozy<\/a>, ancien pr\u00e9sident de la R\u00e9publique,<br \/>\net de Carla Bruni, mannequin et chanteuse. Elle a donc toujours \u00e9t\u00e9<br \/>\nsous le feu des projecteurs.<\/p>\n<p data-start=\"655\" data-end=\"829\">Lundi 22 septembre, la jeune<br \/>\nfille a fait une d\u00e9couverte dont elle se serait bien pass\u00e9e. Mais<br \/>\nelle a choisi de ne pas rester silencieuse et de taper du poing sur<br \/>\nla table.<\/p>\n<p>\u201cCe n\u2019est pas moi\u201d : Giulia<br \/>\nSarkozy se d\u00e9fend face \u00e0 sa d\u00e9couverte<\/p>\n<p data-start=\"909\" data-end=\"1416\">Alors qu\u2019elle s\u2019appr\u00eate \u00e0 f\u00eater<br \/>\nses quatorze ans, Giulia Sarkozy partage r\u00e9guli\u00e8rement <a href=\"https:\/\/www.closermag.fr\/people\/giulia-sarkozy-fait-encore-le-buzz-sur-instagram-et-on-a-de-quoi-sinquieter-pour-ladolescente-3564404\" target=\"_blank\" rel=\"noopener\"><br \/>\nson quotidien sur les r\u00e9seaux sociaux,<\/a> notamment sur TikTok et<br \/>\nInstagram. La plupart du temps, elle publie des photos en lien avec<br \/>\nl\u2019\u00e9quitation, un sport qui la passionne depuis son plus jeune \u00e2ge.<br \/>\nElle est <a href=\"https:\/\/www.closermag.fr\/people\/giulia-sarkozy-en-balade-avec-sa-meilleure-amie-la-fille-de-carla-bruni-prend-du-bon-temps-3568774\" target=\"_blank\" rel=\"noopener\"><br \/>\ntr\u00e8s proche de sa ponette Valentine<\/a>, avec qui elle a d\u00e9j\u00e0<br \/>\nparticip\u00e9 \u00e0 de nombreux concours \u00e9questres. Sur Instagram, elle<br \/>\ncomptabilise plus de <strong>51 000 abonn\u00e9s,<\/strong> et plus d\u00a0\u00bbun<br \/>\nmilier sur\u00a0 Tik-Tok, d&rsquo;o\u00f9 elle a \u00e9t\u00e9 bannie il y a quelques<br \/>\nmois.<\/p>\n<p data-start=\"1418\" data-end=\"1908\">Mais le 22 septembre, Giulia<br \/>\nSarkozy a partag\u00e9 une \u00e9trange photo en story Instagram. Il s\u2019agit<br \/>\nde la capture d\u2019\u00e9cran d\u2019un compte TikTok avec son nom et ses<br \/>\nvid\u00e9os. Le probl\u00e8me ? <strong>Il s\u2019agit d\u2019un faux compte !<\/strong><br \/>\n\u201cCE N\u2019EST PAS MOI !\u201d fait-elle savoir. Malheureusement,<br \/>\nles faux comptes sur les r\u00e9seaux sociaux sont monnaie courante,<br \/>\nsurtout chez les c\u00e9l\u00e9brit\u00e9s. Giulia Sarkozy tient donc \u00e0 mettre en<br \/>\ngarde ses abonn\u00e9s, puisque des personnes tentent <strong>d\u2019utiliser<br \/>\nson nom pour se faire de l\u2019argent.<\/strong><\/p>\n<p>Giulia Sarkozy se bat contre les faux comptes TikTok<\/p>\n<p data-start=\"1974\" data-end=\"2373\">Ce n\u2019est pas la premi\u00e8re fois<br \/>\nque <a href=\"https:\/\/www.closermag.fr\/people\/quoi-quelle-fasse-dans-la-vie-lavis-cash-de-louis-sarkozy-sur-lavenir-de-giulia-3575678\" target=\"_blank\" rel=\"noopener\"><br \/>\nla s\u0153ur de Louis Sarkozy<\/a> fait face \u00e0 ce genre de d\u00e9sagr\u00e9ments.<br \/>\nLorsqu\u2019elle a \u00e9t\u00e9 <strong>bannie de TikTok,<\/strong> Carla Bruni<br \/>\ns\u2019\u00e9tait d\u2019ailleurs offusqu\u00e9e, en \u00e9voquant justement les faux<br \/>\nprofils de sa fille : \u201cIls l\u2019ont bannie alors qu\u2019il y a des<br \/>\ncomptes pirates d\u2019elle qui ont un nombre d\u2019abonn\u00e9s incroyable qui,<br \/>\npeut-\u00eatre, mon\u00e9tisent. La pauvrette, alors qu\u2019elle est<br \/>\nmineure\u201d.<\/p>\n<p data-start=\"2375\" data-end=\"2600\">Si l\u2019usage des r\u00e9seaux sociaux<br \/>\npar la jeune cavali\u00e8re questionne, dans un \u00e9pisode de<br \/>\nCarla pour toi, diffus\u00e9<br \/>\nsur YouTube en avril, Carla Bruni avait affirm\u00e9 que sa fille \u00e9tait<br \/>\nconsciente des dangers que cela repr\u00e9sentait.<\/p>\n","protected":false},"excerpt":{"rendered":"C\u2019est une nouvelle douche froide pour Giulia Sarkozy. Tr\u00e8s pr\u00e9sente sur les r\u00e9seaux sociaux malgr\u00e9 son jeune \u00e2ge,&hellip;\n","protected":false},"author":2,"featured_media":409743,"comment_status":"","ping_status":"","sticky":false,"template":"","format":"standard","meta":{"footnotes":""},"categories":[1359],"tags":[548,58,59,1011,27,14545,973],"class_list":{"0":"post-409742","1":"post","2":"type-post","3":"status-publish","4":"format-standard","5":"has-post-thumbnail","7":"category-people","8":"tag-article-simple","9":"tag-divertissement","10":"tag-entertainment","11":"tag-fr","12":"tag-france","13":"tag-giulia-sarkozy","14":"tag-people"},"share_on_mastodon":{"url":"https:\/\/pubeurope.com\/@fr\/115248646207227229","error":""},"_links":{"self":[{"href":"https:\/\/www.europesays.com\/fr\/wp-json\/wp\/v2\/posts\/409742","targetHints":{"allow":["GET"]}}],"collection":[{"href":"https:\/\/www.europesays.com\/fr\/wp-json\/wp\/v2\/posts"}],"about":[{"href":"https:\/\/www.europesays.com\/fr\/wp-json\/wp\/v2\/types\/post"}],"author":[{"embeddable":true,"href":"https:\/\/www.europesays.com\/fr\/wp-json\/wp\/v2\/users\/2"}],"replies":[{"embeddable":true,"href":"https:\/\/www.europesays.com\/fr\/wp-json\/wp\/v2\/comments?post=409742"}],"version-history":[{"count":0,"href":"https:\/\/www.europesays.com\/fr\/wp-json\/wp\/v2\/posts\/409742\/revisions"}],"wp:featuredmedia":[{"embeddable":true,"href":"https:\/\/www.europesays.com\/fr\/wp-json\/wp\/v2\/media\/409743"}],"wp:attachment":[{"href":"https:\/\/www.europesays.com\/fr\/wp-json\/wp\/v2\/media?parent=409742"}],"wp:term":[{"taxonomy":"category","embeddable":true,"href":"https:\/\/www.europesays.com\/fr\/wp-json\/wp\/v2\/categories?post=409742"},{"taxonomy":"post_tag","embeddable":true,"href":"https:\/\/www.europesays.com\/fr\/wp-json\/wp\/v2\/tags?post=409742"}],"curies":[{"name":"wp","href":"https:\/\/api.w.org\/{rel}","templated":true}]}}