{"id":409760,"date":"2025-09-22T15:33:20","date_gmt":"2025-09-22T15:33:20","guid":{"rendered":"https:\/\/www.europesays.com\/fr\/409760\/"},"modified":"2025-09-22T15:33:20","modified_gmt":"2025-09-22T15:33:20","slug":"avec-300-e-de-moins-ce-laptop-surequipe-ultra-7-32-go-ram-et-1-to-ssd-devient-un-super-deal","status":"publish","type":"post","link":"https:\/\/www.europesays.com\/fr\/409760\/","title":{"rendered":"Avec 300 \u20ac de moins, ce laptop\u00a0sur\u00e9quip\u00e9 (Ultra 7, 32 Go RAM et 1 To SSD) devient un super deal\u00a0"},"content":{"rendered":"<p>Le Dell 16 Plus est une machine id\u00e9ale pour la productivit\u00e9. Avec son Ultra 7, son autonomie muscl\u00e9e, et son bel \u00e9cran, il coche toutes les cases d\u2019un bon laptop. D\u2019ailleurs il devient plus int\u00e9ressant en passant de 1 199 euros \u00e0 899 euros sur le site de la marque. <\/p>\n<p>\t\t\t\t\t\t<a href=\"https:\/\/images.frandroid.com\/wp-content\/uploads\/2025\/09\/dell-16-plus.jpg\" itemprop=\"url\" target=\"_blank\" rel=\"noopener\"><\/p>\n<p>\t\t\t\t\t\t\t<img decoding=\"async\" class=\"wp-image\" src=\"https:\/\/www.europesays.com\/fr\/wp-content\/uploads\/2025\/09\/dell-16-plus.jpg\"  width=\"924\" height=\"520\" loading=\"lazy\" data-original-width=\"924\" data-original-height=\"520\" itemprop=\"http:\/\/schema.org\/image\" title=\"Dell 16 Plus\" alt=\"Dell 16 Plus\" style=\"width: 924px; height: 520px;\"\/><br \/>\n\t\t\t\t\t\t<\/a><\/p>\n<p><a href=\"https:\/\/www.frandroid.com\/produits\/dell\" target=\"_blank\" rel=\"noopener\">Dell<\/a> est une des r\u00e9f\u00e9rences incontournables si vous \u00eates \u00e0 la recherche d\u2019un laptop d\u00e9di\u00e9 au travail. Son catalogue fourmille de configurations bien \u00e9quip\u00e9es et certaines affichent m\u00eame un rapport qualit\u00e9-prix int\u00e9ressant. C\u2019est le cas du mod\u00e8le 16 Plus, \u00a0qui met en avant une belle fiche technique avec son processeur Ultra 7, son \u00e9cran 2,5K et son autonomie g\u00e9n\u00e9reuse. La bonne nouvelle, <a href=\"https:\/\/shop.frandroid.com\/t8x7lvjs\" target=\"_blank\" rel=\"noreferrer noopener affiliate nofollow\" data-gtm=\"{&quot;event&quot;:&quot;afficlic&quot;,&quot;nom_marchand&quot;:&quot;dell&quot;,&quot;nom_produit&quot;:&quot;inconnu&quot;,&quot;categorie_produit&quot;:&quot;inconnu&quot;,&quot;module_produit&quot;:&quot;editolink&quot;,&quot;position_marchand&quot;:0,&quot;texte&quot;:&quot;c-est-qu-il-coute-300-euros-de-moins-grace-a-cette-offre&quot;,&quot;offer_url&quot;:&quot;https:\/\/shop.frandroid.com\/t8x7lvjs&quot;,&quot;zone&quot;:&quot;contenu-page&quot;}\">c\u2019est qu\u2019il co\u00fbte 300 euros de moins gr\u00e2ce \u00e0 cette offre<\/a>. <\/p>\n<p>Quels sont les avantages du Dell 16 Plus ?<\/p>\n<ul class=\"wp-block-list\">\n<li>Un design soign\u00e9 et un \u00e9cran de 16\u2033 en 2,5K<\/li>\n<li>Une configuration muscl\u00e9e :\u00a07 258V + 32 Go RAM + 1 To SSD<\/li>\n<li>Une autonomie solide et une bonne connectique<\/li>\n<\/ul>\n<p>De base \u00e0 1 199 euros, le PC portable Dell 16 Plus se trouve aujourd\u2019hui <a href=\"https:\/\/shop.frandroid.com\/t8x7lvjs\" target=\"_blank\" rel=\"noreferrer noopener affiliate nofollow\" data-gtm=\"{&quot;event&quot;:&quot;afficlic&quot;,&quot;nom_marchand&quot;:&quot;dell&quot;,&quot;nom_produit&quot;:&quot;inconnu&quot;,&quot;categorie_produit&quot;:&quot;inconnu&quot;,&quot;module_produit&quot;:&quot;editolink&quot;,&quot;position_marchand&quot;:0,&quot;texte&quot;:&quot;remise-a-899-euros-sur-le-site-officiel&quot;,&quot;offer_url&quot;:&quot;https:\/\/shop.frandroid.com\/t8x7lvjs&quot;,&quot;zone&quot;:&quot;contenu-page&quot;}\">remis\u00e9 \u00e0 899 euros sur le site officiel<\/a>. <\/p>\n<p>Une conception soign\u00e9e <\/p>\n<p>Le Dell 16 Plus est bien con\u00e7u, son ch\u00e2ssis m\u00e9tallique est rigide et solide. Il accueil une bonne connectique avec la pr\u00e9sence d\u2019un port HDMI, d\u2019un port USB-A, d\u2019un\u00a0<a href=\"https:\/\/www.frandroid.com\/comment-faire\/comment-fonctionne-la-technologie\/391724_tout-savoir-sur-lusb-type-c-ce-nouveau-connecteur-unifie\" target=\"_blank\" rel=\"noopener\">port USB Type-C<\/a>, d\u2019un Thunderbolt 4  et d\u2019une prise casque audio. <\/p>\n<p>Avec un poids\u00a0assez cons\u00e9quent de 1,8 kilogramme et une \u00e9paisseur \u00e0 2,5 centim\u00e8tres, ce n\u2019est pas le plus fin des PC portables. C\u2019est aussi d\u00fb \u00e0 son grand \u00e9cran de 16 pouces, qui profite\u00a0d\u2019une belle d\u00e9finition 2,5K (2\u00a0560\u00a0x\u00a01\u00a0600 pixels). Un bel \u00e9cran pour travailler ou se divertir, mais dommage, le taux de rafra\u00eechissement est limit\u00e9 \u00e0 60 Hz.<\/p>\n<p>Un laptop qui en a dans le ventre <\/p>\n<p>C\u2019est sous le capot que la b\u00eate d\u00e9voile toutes ses capacit\u00e9s. On retrouve\u00a0<a href=\"https:\/\/www.frandroid.com\/guide-dachat\/779185_quels-sont-les-meilleurs-processeurs-cpu-intel-et-amd-ryzen-en-2020\" target=\"_blank\" rel=\"noopener\">un puisant processeur<\/a>\u00a0Intel Core\u00a0Ultra\u00a07 258V (4,8 GHz, 8 c\u0153urs) coupl\u00e9 \u00e0 32 Go de RAM. Autant dire que ce laptop est pr\u00eat non seulement pour durer, mais surtout capable de d\u00e9livrer de tr\u00e8s bonnes performances sur tous types d\u2019usage, hors jeux vid\u00e9os (absence de GPU d\u00e9di\u00e9).<\/p>\n<p>Et, si vous avez tendance \u00e0 cumuler les donn\u00e9es sur votre PC portable, vous serez ravis d\u2019apprendre que l\u2019Inspiron 16 dispose d\u2019un SSD de 1 To pour pouvoir conserver vos documents l\u00e9gers, ou bien des fichiers plus volumineux. De plus, le format est de type NVMe pour assurer des transferts rapides.\u00a0<\/p>\n<p>Et si avec tous ces \u00e9l\u00e9ments l\u2019autonomie vous inqui\u00e8te, pas de panique, car avec sa batterie\u00a0de 64 Wh l\u2019appareil est capable de tenir environ 20 heures en utilisation classique d\u2019apr\u00e8s le marque \u2014 de quoi l\u2019utiliser une bonne journ\u00e9e loin d\u2019une prise. Une fois votre batterie vid\u00e9e, le chargeur s\u2019av\u00e8re assez efficace puisqu\u2019il\u00a0est dot\u00e9 d\u2019une puissance de 65 W.<\/p>\n<p>Si vous voulez comparer le Dell 16 Plus avec d\u2019autres r\u00e9f\u00e9rences haut de gamme disponibles sur le march\u00e9, nous vous invitons d\u00e8s maintenant \u00e0 consulter\u00a0<a href=\"https:\/\/www.frandroid.com\/guide-dachat\/638058_quels-sont-les-meilleurs-pc-portables-haut-de-gamme-de-2019\" target=\"_blank\" rel=\"noopener\">notre guide des meilleurs PC portables.<\/a> <\/p>\n","protected":false},"excerpt":{"rendered":"Le Dell 16 Plus est une machine id\u00e9ale pour la productivit\u00e9. Avec son Ultra 7, son autonomie muscl\u00e9e,&hellip;\n","protected":false},"author":2,"featured_media":409761,"comment_status":"","ping_status":"","sticky":false,"template":"","format":"standard","meta":{"footnotes":""},"categories":[7],"tags":[26485,1011,27,43,40,41,39,42,44],"class_list":{"0":"post-409760","1":"post","2":"type-post","3":"status-publish","4":"format-standard","5":"has-post-thumbnail","7":"category-sciences-et-technologies","8":"tag-bons-plans-dell","9":"tag-fr","10":"tag-france","11":"tag-science","12":"tag-science-and-technology","13":"tag-sciences","14":"tag-sciences-et-technologies","15":"tag-technologies","16":"tag-technology"},"share_on_mastodon":{"url":"https:\/\/pubeurope.com\/@fr\/115248681087192013","error":""},"_links":{"self":[{"href":"https:\/\/www.europesays.com\/fr\/wp-json\/wp\/v2\/posts\/409760","targetHints":{"allow":["GET"]}}],"collection":[{"href":"https:\/\/www.europesays.com\/fr\/wp-json\/wp\/v2\/posts"}],"about":[{"href":"https:\/\/www.europesays.com\/fr\/wp-json\/wp\/v2\/types\/post"}],"author":[{"embeddable":true,"href":"https:\/\/www.europesays.com\/fr\/wp-json\/wp\/v2\/users\/2"}],"replies":[{"embeddable":true,"href":"https:\/\/www.europesays.com\/fr\/wp-json\/wp\/v2\/comments?post=409760"}],"version-history":[{"count":0,"href":"https:\/\/www.europesays.com\/fr\/wp-json\/wp\/v2\/posts\/409760\/revisions"}],"wp:featuredmedia":[{"embeddable":true,"href":"https:\/\/www.europesays.com\/fr\/wp-json\/wp\/v2\/media\/409761"}],"wp:attachment":[{"href":"https:\/\/www.europesays.com\/fr\/wp-json\/wp\/v2\/media?parent=409760"}],"wp:term":[{"taxonomy":"category","embeddable":true,"href":"https:\/\/www.europesays.com\/fr\/wp-json\/wp\/v2\/categories?post=409760"},{"taxonomy":"post_tag","embeddable":true,"href":"https:\/\/www.europesays.com\/fr\/wp-json\/wp\/v2\/tags?post=409760"}],"curies":[{"name":"wp","href":"https:\/\/api.w.org\/{rel}","templated":true}]}}