{"id":409813,"date":"2025-09-22T16:01:10","date_gmt":"2025-09-22T16:01:10","guid":{"rendered":"https:\/\/www.europesays.com\/fr\/409813\/"},"modified":"2025-09-22T16:01:10","modified_gmt":"2025-09-22T16:01:10","slug":"a-toulouse-cette-salle-mythique-fait-sa-revolution","status":"publish","type":"post","link":"https:\/\/www.europesays.com\/fr\/409813\/","title":{"rendered":"\u00e0 Toulouse, cette salle mythique fait sa r\u00e9volution"},"content":{"rendered":"<p>            Par<br \/>\n        <strong><br \/>\n            <a href=\"https:\/\/actu.fr\/auteur\/redaction-toulouse\" title=\"Consulter tous les articles de R\u00e9daction de Toulouse\" target=\"_blank\" rel=\"noopener\">R\u00e9daction de Toulouse<\/a><br \/>\n        <\/strong><\/p>\n<p>        Publi\u00e9 le<\/p>\n<p>            22 sept. 2025 \u00e0 17h47        <\/p>\n<p>Avec une fr\u00e9quentation de <strong>10 500 spectateurs<\/strong> la saison pr\u00e9c\u00e9dente, l\u2019\u00e9quipe du Bijou peut avoir le sourire \u2013 \u00e0 vrai dire, elle l\u2019a souvent, le sourire : cette \u00e9quipe, qui est aujourd\u2019hui \u00e0 la t\u00eate du v\u00e9n\u00e9rable \u00e9tablissement de l\u2019avenue de Muret, est une <strong>\u00a0\u00bb dream team \u00ab\u00a0<\/strong> joyeuse et follement sympathique, forte de ses valeurs de d\u00e9couvertes, de partages, d\u2019amiti\u00e9 et d\u2019ancrage populaire dans le chouette quartier Croix-de-pierre. Les r\u00e9volutions, au Bijou, sont de velours : on ne casse pas tout pour reconstruire derri\u00e8re, mais on am\u00e9liore, on corrige, on perfectionne, on rafra\u00eechit. Ainsi, la porte de la salle de concert est aujourd\u2019hui plus grande. C\u2019est peut-\u00eatre un d\u00e9tail pour vous, mais pour eux \u00e7a veut dire beaucoup.<\/p>\n<p>Une jauge plus grande et des concerts debout !\u00a0<\/p>\n<p class=\" wall-content\">La jauge, c\u2019est en cours de validation, pourra alterner entre 90 places assises et 173 places\u2026 debout. Debout au Bijou ? Eh oui ! on va enfin, d\u00e8s le 11 d\u00e9cembre avec <strong>Daran<\/strong>, pouvoir gigoter, remuer le popotin \u2013 pour le pogo, on attendra un peu.<\/p>\n<p class=\" wall-content\">Plus s\u00e9rieusement, cette nouvelle donne ouvre un horizon jusqu\u2019alors bouch\u00e9 dans le ciel toulousain, qui n\u2019avait pas de salle de spectacle de cette jauge de 150+. C\u00f4t\u00e9 cuisine, on innove aussi avec un nouveau concept :<strong> trois \u00a0\u00bb marmites \u00ab\u00a0<\/strong> (traditionnelle, exotique et v\u00e9g\u00e9tarienne) seront propos\u00e9es, \u00e0 partager comme dans la cuisine de grand-maman.<\/p>\n<p>De la chanson francophone dans tous les styles\u00a0<\/p>\n<p class=\" wall-content\">C\u00f4t\u00e9 musique, <strong>l\u2019ADN du Bijou<\/strong> reste fort : de la chanson francophone, des talents d\u2019ici et d\u2019ailleurs, des artistes qui ont \u00e9t\u00e9 vus sur sc\u00e8ne ou fortement recommand\u00e9s. Toutefois, Kevin, le programmateur et directeur du lieu, le sait : le verbe fran\u00e7ais se conjugue aujourd\u2019hui, aussi, au rock, au m\u00e9tal, au reggae, aux musiques urbaines. Ce qui fait que les r\u00e9jouissances musicales de l\u2019automne, comme les feuilles mortes de Pr\u00e9vert, se ramasseront \u00e0 la pelle. Suivez le guide.<\/p>\n<p>Nos coups de c\u0153ur\u00a0<\/p>\n<p class=\" wall-content\"><strong>Lisaa Camin<\/strong> partagera la sc\u00e8ne avec <strong>Dynasora<\/strong> le jeudi 25 septembre : un double plateau solaire et po\u00e9tique, \u00e0 d\u00e9couvrir. <strong>Nawel Ben Kra\u00ebim<\/strong> leur succ\u00e9dera le lendemain : ne ratez pas cette artiste magnifique dont la voix envo\u00fbtante chante en arabe et en fran\u00e7ais des m\u00e9lodies autour de la filiation, de la maternit\u00e9\u2026 <strong>Kosh<\/strong> posera ses valises et sa bonne humeur les 2 et 3 octobre au Bijou : inclassable, ce Kosh est une boite \u00e0 musique \u00e0 lui tout seul. Oui, il serait bien dommage de louper le Kosh\u2026<\/p>\n<p class=\" wall-content\"><strong>Lolita Delmonteil<\/strong> (8 octobre) manie l\u2019humour et la sensibilit\u00e9 pour inventer un croisement entre inspirations occitanes, espagnoles et br\u00e9siliennes. Jeudi 9 et vendredi 10, on retrouvera avec joie le g\u00e9nial <strong>F\u00e9loche<\/strong> : punk attachant et surdou\u00e9 (souvenez-vous sa version dingue de \u00a0\u00bb Singin\u2019 in the rain \u00a0\u00bb pour la pub Idylle de Guerlin!), il revient avec sa mandoline et sa po\u00e9sie lunaire. Immanquable.<\/p>\n<p>Votre r\u00e9gion, votre actu !<\/p>\n<p>Recevez chaque jour les infos qui comptent pour vous.<\/p>\n<p>\t<a href=\"https:\/\/actu.fr\/newsletter\" class=\"ac-btn ac-btn--corner ac-btn--medium ac-btn--blue800\" target=\"_blank\" rel=\"noopener\">S&rsquo;incrire<\/a><br \/>\nUn trio bien connu\u00a0<\/p>\n<p class=\" wall-content\">Le 11 octobre, et ensuite tous les premiers samedis du mois, <strong>Les Fils de ta M\u00e8re<\/strong>, c\u2019est-\u00e0-dire Manu Galure, Simon Chouf et Ga\u00ebl Carigand, monteront sur la sc\u00e8ne du Bijou et feront\u2026 On ne sait pas, Kevin ne sait pas non plus et notre trio toulousain ne semble pas savoir non plus. On ne sait qu\u2019une chose : \u00e7a va \u00eatre g\u00e9nial, d\u00e9jant\u00e9, beau, foutraque. <strong>Garance<\/strong> revient elle aussi, le 15 octobre, avec un nouvel album et comme ce nouvel opus, qui succ\u00e8de au tr\u00e8s beau \u00a0\u00bb Bleu \u00a0\u00bb de 2022, s\u2019intitule \u00a0\u00bb L\u2019Amour \u00ab\u00a0, on la suit forc\u00e9ment.<\/p>\n<p class=\" wall-content\">R\u00e9servez d\u2019ores et d\u00e9j\u00e0 vos soir\u00e9es de jeudi 23 et vendredi 24 octobre : <strong>Bastien Lallement<\/strong> sera au Bijou avec<strong> Dominique Depret<\/strong> en duo de guitares \u00e9lectriques et abrasives. \u00c9criture cisel\u00e9e, textes litt\u00e9raires, voix claire : on aime tout chez Lallement. Le 20 novembre, l\u2019excellent <strong>Nicolas Paugam<\/strong> devrait nous donner des nouvelles de lui, de nous, de Brassens peut-\u00eatre. Et on en salive d\u00e9j\u00e0.<\/p>\n<p class=\" wall-content\"><b>Yves GABAY\u00a0<\/b><\/p>\n<p>Le Bijou, 123 avenue de Muret. www.le-bijou.net. T\u00e9l. : 05 61 42 08 69 (c\u00f4t\u00e9 spectacles) et 05 61 42 95 07 (c\u00f4t\u00e9 bistro)<\/p>\n<p class=\" wall-content\">Personnalisez votre actualit\u00e9 en ajoutant vos villes et m\u00e9dias en favori avec <a href=\"https:\/\/moncompte.actu.fr\" title=\"D\u00e9couvez Mon Actu\" rel=\"nofollow noopener\" data-trk=\"{&quot;cta&quot;:{&quot;action&quot;:&quot;https:\\\/\\\/moncompte.actu.fr&quot;,&quot;category&quot;:&quot;mon compte&quot;,&quot;from&quot;:&quot;article footer&quot;,&quot;name&quot;:&quot;Mon actu&quot;,&quot;type&quot;:&quot;cta&quot;}}\" target=\"_blank\">Mon Actu<\/a>.<\/p>\n","protected":false},"excerpt":{"rendered":"Par R\u00e9daction de Toulouse Publi\u00e9 le 22 sept. 2025 \u00e0 17h47 Avec une fr\u00e9quentation de 10 500 spectateurs&hellip;\n","protected":false},"author":2,"featured_media":409814,"comment_status":"","ping_status":"","sticky":false,"template":"","format":"standard","meta":{"footnotes":""},"categories":[2816],"tags":[1111,11,1697,1777,674,1011,27,1652,12,2680,25,2850,1341,2312],"class_list":{"0":"post-409813","1":"post","2":"type-post","3":"status-publish","4":"format-standard","5":"has-post-thumbnail","7":"category-toulouse","8":"tag-actu","9":"tag-actualites","10":"tag-concert","11":"tag-eu","12":"tag-europe","13":"tag-fr","14":"tag-france","15":"tag-loisirs-culture","16":"tag-news","17":"tag-occitanie","18":"tag-republique-francaise","19":"tag-restaurants-de-toulouse","20":"tag-sortir-a-toulouse","21":"tag-toulouse"},"share_on_mastodon":{"url":"https:\/\/pubeurope.com\/@fr\/115248790582667856","error":""},"_links":{"self":[{"href":"https:\/\/www.europesays.com\/fr\/wp-json\/wp\/v2\/posts\/409813","targetHints":{"allow":["GET"]}}],"collection":[{"href":"https:\/\/www.europesays.com\/fr\/wp-json\/wp\/v2\/posts"}],"about":[{"href":"https:\/\/www.europesays.com\/fr\/wp-json\/wp\/v2\/types\/post"}],"author":[{"embeddable":true,"href":"https:\/\/www.europesays.com\/fr\/wp-json\/wp\/v2\/users\/2"}],"replies":[{"embeddable":true,"href":"https:\/\/www.europesays.com\/fr\/wp-json\/wp\/v2\/comments?post=409813"}],"version-history":[{"count":0,"href":"https:\/\/www.europesays.com\/fr\/wp-json\/wp\/v2\/posts\/409813\/revisions"}],"wp:featuredmedia":[{"embeddable":true,"href":"https:\/\/www.europesays.com\/fr\/wp-json\/wp\/v2\/media\/409814"}],"wp:attachment":[{"href":"https:\/\/www.europesays.com\/fr\/wp-json\/wp\/v2\/media?parent=409813"}],"wp:term":[{"taxonomy":"category","embeddable":true,"href":"https:\/\/www.europesays.com\/fr\/wp-json\/wp\/v2\/categories?post=409813"},{"taxonomy":"post_tag","embeddable":true,"href":"https:\/\/www.europesays.com\/fr\/wp-json\/wp\/v2\/tags?post=409813"}],"curies":[{"name":"wp","href":"https:\/\/api.w.org\/{rel}","templated":true}]}}