{"id":409821,"date":"2025-09-22T16:05:10","date_gmt":"2025-09-22T16:05:10","guid":{"rendered":"https:\/\/www.europesays.com\/fr\/409821\/"},"modified":"2025-09-22T16:05:10","modified_gmt":"2025-09-22T16:05:10","slug":"a-bel-ombre-a-marseille-une-evacuation-et-des-questions","status":"publish","type":"post","link":"https:\/\/www.europesays.com\/fr\/409821\/","title":{"rendered":"\u00c0 Bel Ombre \u00e0 Marseille, une \u00e9vacuation et des questions"},"content":{"rendered":"<p>Dimanche, <a href=\"https:\/\/www.laprovence.com\/article\/faits-divers-justice\/52943313303187\/les-marins-pompiers-et-la-police-ont-investi-la-plage-du-prophete-a-marseille\" target=\"_blank\" rel=\"noopener\">la section du bataillon des marins-pompiers<\/a> sp\u00e9cialis\u00e9e dans les op\u00e9rations \u00ab\u00a0en milieu p\u00e9rilleux et montagne\u00a0\u00bb a \u00e9t\u00e9 d\u00e9ploy\u00e9e au pied de la <a href=\"https:\/\/www.laprovence.com\/article\/region\/2348271978589614\/comment-les-habitants-de-bel-ombre-a-marseille-sorganisent-pour-empecher-linstallation-de-dealers-dans-leur-quartier\" target=\"_blank\" rel=\"noopener\">r\u00e9sidence Bel Ombre<\/a> (11e) afin de porter secours \u00e0 une habitante de 56\u00a0ans, victime d\u2019un AVC. Les hommes du BMPM ont ainsi accroch\u00e9 leurs cordages le long de la fa\u00e7ade, jusqu\u2019au neuvi\u00e8me \u00e9tage du b\u00e2timent qui en compte seize. Une intervention d\u00e9licate r\u00e9alis\u00e9e sous les yeux des voisins.<\/p>\n<p>Si la victime a pu \u00eatre transport\u00e9e vers les urgences, l\u2019extraction des marins-pompiers a raviv\u00e9 la col\u00e8re des habitants de cette copropri\u00e9t\u00e9 de 250\u00a0logements construite dans les ann\u00e9es\u00a050 entre l\u2019Huveaune et le boulevard Mireille-Lauze. G\u00e9r\u00e9s depuis\u00a02023 par un administrateur judiciaire (AJ Associ\u00e9s), les b\u00e2timents croulent sous les difficult\u00e9s. Et dans la liste des probl\u00e8mes, les ascenseurs d\u00e9fectueux prennent la premi\u00e8re place.<\/p>\n<p>\u00ab\u00a0On ne peut pas rester comme \u00e7a\u00a0\u00bb<\/p>\n<p>\u00ab\u00a0Depuis deux ans, un seul ascenseur fonctionne sur les huit de la r\u00e9sidence. Certaines personnes ne sortent plus. Nos anciens sont oblig\u00e9s de quitter leurs logements pour finir leurs jours en maison de retraite. Les m\u00e9decins, kin\u00e9s ou autre personnel m\u00e9dical ne peuvent pas assurer les rendez-vous\u2026&#8230;<\/p>\n","protected":false},"excerpt":{"rendered":"Dimanche, la section du bataillon des marins-pompiers sp\u00e9cialis\u00e9e dans les op\u00e9rations \u00ab\u00a0en milieu p\u00e9rilleux et montagne\u00a0\u00bb a \u00e9t\u00e9&hellip;\n","protected":false},"author":2,"featured_media":409822,"comment_status":"","ping_status":"","sticky":false,"template":"","format":"standard","meta":{"footnotes":""},"categories":[2814],"tags":[17,1111,11,22681,154,1777,674,5220,1011,27,884,12,34656,882,1426,25,104,96],"class_list":{"0":"post-409821","1":"post","2":"type-post","3":"status-publish","4":"format-standard","5":"has-post-thumbnail","7":"category-marseille","8":"tag-17","9":"tag-actu","10":"tag-actualites","11":"tag-bel","12":"tag-des","13":"tag-eu","14":"tag-europe","15":"tag-evacuation","16":"tag-fr","17":"tag-france","18":"tag-marseille","19":"tag-news","20":"tag-ombre","21":"tag-provence-alpes-cote-dazur","22":"tag-questions","23":"tag-republique-francaise","24":"tag-societe","25":"tag-une"},"share_on_mastodon":{"url":"https:\/\/pubeurope.com\/@fr\/115248806364931122","error":""},"_links":{"self":[{"href":"https:\/\/www.europesays.com\/fr\/wp-json\/wp\/v2\/posts\/409821","targetHints":{"allow":["GET"]}}],"collection":[{"href":"https:\/\/www.europesays.com\/fr\/wp-json\/wp\/v2\/posts"}],"about":[{"href":"https:\/\/www.europesays.com\/fr\/wp-json\/wp\/v2\/types\/post"}],"author":[{"embeddable":true,"href":"https:\/\/www.europesays.com\/fr\/wp-json\/wp\/v2\/users\/2"}],"replies":[{"embeddable":true,"href":"https:\/\/www.europesays.com\/fr\/wp-json\/wp\/v2\/comments?post=409821"}],"version-history":[{"count":0,"href":"https:\/\/www.europesays.com\/fr\/wp-json\/wp\/v2\/posts\/409821\/revisions"}],"wp:featuredmedia":[{"embeddable":true,"href":"https:\/\/www.europesays.com\/fr\/wp-json\/wp\/v2\/media\/409822"}],"wp:attachment":[{"href":"https:\/\/www.europesays.com\/fr\/wp-json\/wp\/v2\/media?parent=409821"}],"wp:term":[{"taxonomy":"category","embeddable":true,"href":"https:\/\/www.europesays.com\/fr\/wp-json\/wp\/v2\/categories?post=409821"},{"taxonomy":"post_tag","embeddable":true,"href":"https:\/\/www.europesays.com\/fr\/wp-json\/wp\/v2\/tags?post=409821"}],"curies":[{"name":"wp","href":"https:\/\/api.w.org\/{rel}","templated":true}]}}