{"id":409823,"date":"2025-09-22T16:06:22","date_gmt":"2025-09-22T16:06:22","guid":{"rendered":"https:\/\/www.europesays.com\/fr\/409823\/"},"modified":"2025-09-22T16:06:22","modified_gmt":"2025-09-22T16:06:22","slug":"marseille-deux-jeunes-ages-de-16-et-18-ans-ecroues-pour-le-meurtre-dun-commercant","status":"publish","type":"post","link":"https:\/\/www.europesays.com\/fr\/409823\/","title":{"rendered":"Marseille. Deux jeunes, \u00e2g\u00e9s de 16 et 18 ans, \u00e9crou\u00e9s pour le meurtre d&rsquo;un commer\u00e7ant"},"content":{"rendered":"<p>Deux jeunes hommes de 16 et 18 ans ont \u00e9t\u00e9 mis en examen et plac\u00e9s en d\u00e9tention provisoire pour <a href=\"https:\/\/www.ledauphine.com\/faits-divers-justice\/2025\/06\/21\/il-a-voulu-resister-il-s-est-pris-deux-balles-un-homme-tue-ce-samedi-a-marseille\" target=\"_blank\" rel=\"noopener\">le meurtre d&rsquo;un commer\u00e7ant du march\u00e9 de gros (MIN) de Marseille<\/a>, a annonc\u00e9 lundi le procureur Nicolas Bessone. Les deux jeunes interpell\u00e9s \u00e9taient \u00ab inconnus de la justice au moment des faits \u00bb.<\/p>\n<p>Plac\u00e9s en d\u00e9tention provisoire, ils ont \u00e9t\u00e9 mis en examen des chefs \u00ab d&rsquo;homicide volontaire et vol avec arme en bande organis\u00e9e \u00bb, ainsi que \u00ab d&rsquo;association de malfaiteur en vue de la pr\u00e9paration de crimes en bande organis\u00e9e \u00bb.<\/p>\n<p>Un vol de la recette<\/p>\n<p>Le 21 juin 2025, peu apr\u00e8s 7 heures, le co-g\u00e9rant d&rsquo;une coop\u00e9rative de vente de fruits et l\u00e9gumes au MIN de Marseille (NDLR : le deuxi\u00e8me march\u00e9 alimentaire en France), avait \u00e9t\u00e9 \u00ab mortellement touch\u00e9 par un tir \u00bb. Selon le procureur, les \u00e9v\u00e9nements ont eu lieu en \u00ab une poign\u00e9e de secondes \u00bb. Alors que l&rsquo;homme marchait sous les halles pour rentrer chez lui, apr\u00e8s avoir r\u00e9cup\u00e9r\u00e9 la recette des ventes de la semaine \u00e9coul\u00e9e, un v\u00e9hicule s&rsquo;est arr\u00eat\u00e9 \u00e0 sa hauteur.<\/p>\n<p>Ce contenu est bloqu\u00e9 car vous n&rsquo;avez pas accept\u00e9 les cookies et autres traceurs.<\/p>\n<p>En cliquant sur \u00ab J\u2019accepte \u00bb, les cookies et autres traceurs seront d\u00e9pos\u00e9s et vous pourrez visualiser les contenus  (<a href=\"\" class=\"consentModule_policy\" target=\"_blank\" title=\"Consulter la politique de protection des donn\u00e9es du fournisseur\">plus d&rsquo;informations<\/a>).<\/p>\n<p>En cliquant sur \u00ab J\u2019accepte tous les cookies \u00bb, vous autorisez des d\u00e9p\u00f4ts de cookies et autres traceurs pour le stockage de vos donn\u00e9es sur nos sites et applications \u00e0 des fins de personnalisation et de ciblage publicitaire.<\/p>\n<p class=\"consentModule_secondaryText\">Vous gardez la possibilit\u00e9 de retirer votre consentement \u00e0 tout moment en consultant notre <a href=\"https:\/\/www.ledauphine.com\/protection-des-donnees\" target=\"_blank\" title=\"Consulter notre politique de protection des donn\u00e9es\" rel=\"noopener\">politique de protection des donn\u00e9es<\/a>. <br \/>&#13;<br \/>\n            <a href=\"https:\/\/www.ledauphine.com\/faits-divers-justice\/2025\/09\/22\/javascript:Didomi.notice.show()\" class=\"consentModule_cmp\" target=\"_blank\" rel=\"noopener\">G\u00e9rer mes choix<\/a>&#13;\n        <\/p>\n<p>&#13;<br \/>\n                        J&rsquo;accepte&#13;<br \/>\n            J&rsquo;accepte tous les cookies&#13;\n        <\/p>\n<p>Le passager avant, muni d&rsquo;une arme de poing, est sorti en courant de la voiture en direction de M. Ridaa B. pour lui voler sa sacoche. La victime s&rsquo;est \u00e9croul\u00e9e au sol, mortellement touch\u00e9e par un tir et l&rsquo;auteur a pris la fuite \u00e0 bord du v\u00e9hicule, que les enqu\u00eateurs de la BRB (Brigade de R\u00e9pression du Banditisme) ont retrouv\u00e9e calcin\u00e9e \u00e0 La Penne-sur-Huveaune, proche de Marseille.<\/p>\n","protected":false},"excerpt":{"rendered":"Deux jeunes hommes de 16 et 18 ans ont \u00e9t\u00e9 mis en examen et plac\u00e9s en d\u00e9tention provisoire&hellip;\n","protected":false},"author":2,"featured_media":409824,"comment_status":"","ping_status":"","sticky":false,"template":"","format":"standard","meta":{"footnotes":""},"categories":[2814],"tags":[1111,11,271,272,1777,674,274,107,1011,27,329,884,12,882,25],"class_list":{"0":"post-409823","1":"post","2":"type-post","3":"status-publish","4":"format-standard","5":"has-post-thumbnail","7":"category-marseille","8":"tag-actu","9":"tag-actualites","10":"tag-crime","11":"tag-delit-et-contravention","12":"tag-eu","13":"tag-europe","14":"tag-faits-divers-justice","15":"tag-fil-info","16":"tag-fr","17":"tag-france","18":"tag-france-monde","19":"tag-marseille","20":"tag-news","21":"tag-provence-alpes-cote-dazur","22":"tag-republique-francaise"},"share_on_mastodon":{"url":"https:\/\/pubeurope.com\/@fr\/115248810200510940","error":""},"_links":{"self":[{"href":"https:\/\/www.europesays.com\/fr\/wp-json\/wp\/v2\/posts\/409823","targetHints":{"allow":["GET"]}}],"collection":[{"href":"https:\/\/www.europesays.com\/fr\/wp-json\/wp\/v2\/posts"}],"about":[{"href":"https:\/\/www.europesays.com\/fr\/wp-json\/wp\/v2\/types\/post"}],"author":[{"embeddable":true,"href":"https:\/\/www.europesays.com\/fr\/wp-json\/wp\/v2\/users\/2"}],"replies":[{"embeddable":true,"href":"https:\/\/www.europesays.com\/fr\/wp-json\/wp\/v2\/comments?post=409823"}],"version-history":[{"count":0,"href":"https:\/\/www.europesays.com\/fr\/wp-json\/wp\/v2\/posts\/409823\/revisions"}],"wp:featuredmedia":[{"embeddable":true,"href":"https:\/\/www.europesays.com\/fr\/wp-json\/wp\/v2\/media\/409824"}],"wp:attachment":[{"href":"https:\/\/www.europesays.com\/fr\/wp-json\/wp\/v2\/media?parent=409823"}],"wp:term":[{"taxonomy":"category","embeddable":true,"href":"https:\/\/www.europesays.com\/fr\/wp-json\/wp\/v2\/categories?post=409823"},{"taxonomy":"post_tag","embeddable":true,"href":"https:\/\/www.europesays.com\/fr\/wp-json\/wp\/v2\/tags?post=409823"}],"curies":[{"name":"wp","href":"https:\/\/api.w.org\/{rel}","templated":true}]}}