{"id":409825,"date":"2025-09-22T16:07:14","date_gmt":"2025-09-22T16:07:14","guid":{"rendered":"https:\/\/www.europesays.com\/fr\/409825\/"},"modified":"2025-09-22T16:07:14","modified_gmt":"2025-09-22T16:07:14","slug":"lyon-bobosse-temoigne-sa-reconnaissance-au-merciere","status":"publish","type":"post","link":"https:\/\/www.europesays.com\/fr\/409825\/","title":{"rendered":"Lyon. Bobosse t\u00e9moigne sa reconnaissance au Merci\u00e8re ! &#8211;"},"content":{"rendered":"<p>\t\t\t\t<img fetchpriority=\"high\" decoding=\"async\" width=\"900\" height=\"591\" src=\"https:\/\/www.europesays.com\/fr\/wp-content\/uploads\/2025\/09\/Bobosse-au-Merciere.jpg\" alt=\"\" title=\"Bobosse au Merci\u00e8re\"   class=\"wp-image-164695\"\/><\/p>\n<p>C\u00e9sar Ponsonnet (Le Merci\u00e8re) plaqu\u00e9 or par Pierre Couturier, patron de Bobosse \u2013 Photo Authentiques Bouchons Lyonnais <\/p>\n<p><strong>Texte\u00a0: Patrick Deschamps<\/strong> \u2013 On traboule sur les pav\u00e9s \u00ab\u00a0t\u00eates de chat\u00ab\u00a0, du \u00ab\u00a0Merci\u00e8re\u00a0\u00bb,\u00a0dans le temps, et dans un carnet de vies \u00ab\u00a0\u00e9maill\u00e9\u00a0\u00bb de tant d\u2019entr\u00e9es que l\u2019on peine \u00e0 trouver la sortie (et pourtant il n\u2019y en que deux !).<\/p>\n<p><strong>C\u00e9sar<\/strong>\u2013 un pr\u00e9nom difficile \u00e0 porter \u2013\u00a0<strong>Ponsonnet<\/strong>\u00a0r\u00e8gne d\u00e9sormais sur l\u2019iconique restaurant \u00ab\u00a0Le Merci\u00e8re\u00a0\u00bb apr\u00e8s avoir fait ses classes\u00a0pendant 7 ans au restaurant\u00a0Le\u00a0Bernardin\u00a0\u00e0 New York, en qualit\u00e9 de ma\u00eetre d\u2019h\u00f4tel puis co-directeur de salle. Il perp\u00e9tue une ambiance tr\u00e8s peu compass\u00e9e, instaur\u00e9e pendant 50 ans par\u00a0<strong>Jean-Louis Manoa.<\/strong><\/p>\n<p>Avec un savant diptyque culinaire qui juxtapose un volet de sp\u00e9cialit\u00e9s lyonnaises et un autre qui \u00e9chappe au d\u00e9terminisme g\u00e9ographique, sous la houlette du chef <strong>S\u00e9bastien\u00a0Plessis. <\/strong><\/p>\n<p>Son menu des Canuts est bard\u00e9 d\u2019andouillettes de\u00a0chez Bobosse, de saladiers lyonnais, de feuillet\u00e9s de boudin noir \u00e0 la cr\u00e8me, de pieds et paquets, et de quenelles de brochet relev\u00e9es d\u2019une sauce aux crustac\u00e9s.<\/p>\n<p>Il \u00e9tait donc l\u00e9gitime que le \u00ab\u00a0Merci\u00e8re\u00a0\u00bb re\u00e7oive des mains de son boss <strong>Pierre Couturier<\/strong> une tr\u00e8s institutionnelle plaque \u00ab\u00a0\u00e9maill\u00e9e\u00a0\u00bb c\u00e9l\u00e9brant les vertus du \u00ab\u00a0Merci\u00e8re\u00a0\u00bb et de l\u2019andouillette !<\/p>\n","protected":false},"excerpt":{"rendered":"C\u00e9sar Ponsonnet (Le Merci\u00e8re) plaqu\u00e9 or par Pierre Couturier, patron de Bobosse \u2013 Photo Authentiques Bouchons Lyonnais Texte\u00a0:&hellip;\n","protected":false},"author":2,"featured_media":409826,"comment_status":"","ping_status":"","sticky":false,"template":"","format":"standard","meta":{"footnotes":""},"categories":[1889],"tags":[4257,1111,11,2430,54106,1777,674,1011,27,2428,12,25],"class_list":{"0":"post-409825","1":"post","2":"type-post","3":"status-publish","4":"format-standard","5":"has-post-thumbnail","7":"category-lyon","8":"tag-0top","9":"tag-actu","10":"tag-actualites","11":"tag-auvergne-rhone-alpes","12":"tag-bobosse","13":"tag-eu","14":"tag-europe","15":"tag-fr","16":"tag-france","17":"tag-lyon","18":"tag-news","19":"tag-republique-francaise"},"share_on_mastodon":{"url":"https:\/\/pubeurope.com\/@fr\/115248814771963964","error":""},"_links":{"self":[{"href":"https:\/\/www.europesays.com\/fr\/wp-json\/wp\/v2\/posts\/409825","targetHints":{"allow":["GET"]}}],"collection":[{"href":"https:\/\/www.europesays.com\/fr\/wp-json\/wp\/v2\/posts"}],"about":[{"href":"https:\/\/www.europesays.com\/fr\/wp-json\/wp\/v2\/types\/post"}],"author":[{"embeddable":true,"href":"https:\/\/www.europesays.com\/fr\/wp-json\/wp\/v2\/users\/2"}],"replies":[{"embeddable":true,"href":"https:\/\/www.europesays.com\/fr\/wp-json\/wp\/v2\/comments?post=409825"}],"version-history":[{"count":0,"href":"https:\/\/www.europesays.com\/fr\/wp-json\/wp\/v2\/posts\/409825\/revisions"}],"wp:featuredmedia":[{"embeddable":true,"href":"https:\/\/www.europesays.com\/fr\/wp-json\/wp\/v2\/media\/409826"}],"wp:attachment":[{"href":"https:\/\/www.europesays.com\/fr\/wp-json\/wp\/v2\/media?parent=409825"}],"wp:term":[{"taxonomy":"category","embeddable":true,"href":"https:\/\/www.europesays.com\/fr\/wp-json\/wp\/v2\/categories?post=409825"},{"taxonomy":"post_tag","embeddable":true,"href":"https:\/\/www.europesays.com\/fr\/wp-json\/wp\/v2\/tags?post=409825"}],"curies":[{"name":"wp","href":"https:\/\/api.w.org\/{rel}","templated":true}]}}