{"id":409827,"date":"2025-09-22T16:08:22","date_gmt":"2025-09-22T16:08:22","guid":{"rendered":"https:\/\/www.europesays.com\/fr\/409827\/"},"modified":"2025-09-22T16:08:22","modified_gmt":"2025-09-22T16:08:22","slug":"cette-grande-place-ouvre-enfin-au-public-lentree-metamorphosee","status":"publish","type":"post","link":"https:\/\/www.europesays.com\/fr\/409827\/","title":{"rendered":"cette grande place ouvre enfin au public, l&rsquo;entr\u00e9e \u00ab\u00a0m\u00e9tamorphos\u00e9e\u00a0\u00bb"},"content":{"rendered":"<p>            Par<br \/>\n        <strong><br \/>\n            <a href=\"https:\/\/actu.fr\/auteur\/ludivine-caporal\" title=\"Consulter tous les articles de Ludivine Caporal\" target=\"_blank\" rel=\"noopener\">Ludivine Caporal<\/a><br \/>\n        <\/strong><\/p>\n<p>        Publi\u00e9 le<\/p>\n<p>            22 sept. 2025 \u00e0 17h22        <\/p>\n<p>Lyonnais et voyageurs ont pu fouler les nouveaux pav\u00e9s de la <strong>place Charles-B\u00e9raudier<\/strong> pour la toute premi\u00e8re fois ce lundi 22 septembre 2025. Une sensation particuli\u00e8rement agr\u00e9able apr\u00e8s une dizaine d\u2019ann\u00e9es \u00e0 slalomer entre les travaux, la poussi\u00e8re et le bruit pour se rendre \u00e0 la gare <a href=\"https:\/\/actu.fr\/tag\/sncf\" target=\"_blank\" rel=\"noopener\">SNCF<\/a> de <a href=\"https:\/\/actu.fr\/tag\/lyon-part-dieu\" target=\"_blank\" rel=\"noopener\">Lyon Part-Dieu<\/a>, dont le parvis c\u00f4t\u00e9 Vivier-Merle a fait l\u2019objet d\u2019un r\u00e9am\u00e9nagement total.<\/p>\n<p class=\" wall-content\">Apr\u00e8s avoir ouvert ses portes au public au petit matin, l\u2019esplanade flambant neuve et <strong>pi\u00e9tonne<\/strong> a \u00e9t\u00e9 officiellement inaugur\u00e9e par la Ville et la M\u00e9tropole de Lyon \u00e0 14h.<\/p>\n<p>Des assises, des arbres et une meilleure circulation des flux<\/p>\n<p class=\" wall-content\">\u00ab\u00a0C\u2019est une v\u00e9ritable m\u00e9tamorphose\u00a0\u00bb, s\u2019est r\u00e9joui le maire de Lyon, <a href=\"https:\/\/actu.fr\/tag\/gregory-doucet\" target=\"_blank\" rel=\"noopener\">Gr\u00e9gory Doucet<\/a>, aux c\u00f4t\u00e9s du pr\u00e9sident de la M\u00e9tropole, Bruno Bernard. Un vaste projet qu\u2019ils n\u2019ont pas initi\u00e9, puisque d\u00e9but\u00e9 sous la mandature de <a href=\"https:\/\/actu.fr\/tag\/gerard-collomb\" target=\"_blank\" rel=\"noopener\">G\u00e9rard Collomb<\/a>, mais qu\u2019ils ont poursuivi avec plaisir ces cinq derni\u00e8res ann\u00e9es.<\/p>\n<p class=\" wall-content\">\u00ab\u00a0C\u2019est tout simplement<strong> historique<\/strong>, parce que c\u2019est tout le quartier qui se transforme avec cette place, qui offre \u00e0 la Part-Dieu un nouveau visage, mais surtout une nouvelle entr\u00e9e sur la ville\u00a0\u00bb, a-t-il poursuivi.\u00a0<\/p>\n<p class=\" wall-content\">Au total, ce sont<strong> plus de 10 000 m\u00b2<\/strong> qui ont \u00e9t\u00e9 r\u00e9am\u00e9nag\u00e9s \u00e0 cet endroit pour permettre une meilleure circulation des flux avec plus de 8 000 m\u00b2 de dallage en pierre, de multiples assises, neuf massifs de nature, une cinquantaine d\u2019arbres et une quarantaine d\u2019arceaux v\u00e9los.<\/p>\n<p class=\" wall-content\">\n    <img   decoding=\"async\" loading=\"lazy\" src=\"https:\/\/www.europesays.com\/fr\/wp-content\/uploads\/2025\/09\/lyon-gare-part-dieu-place-beraudier-960x640.jpg\" alt=\"Des dalles en pierre ont \u00e9t\u00e9 pos\u00e9es.\" width=\"960\" height=\"640\"\/><br \/>\n    Des dalles en pierre ont \u00e9t\u00e9 pos\u00e9es. (\u00a9Ludivine Caporal\/actu Lyon)<br \/>\n    <img   decoding=\"async\" loading=\"lazy\" src=\"https:\/\/www.europesays.com\/fr\/wp-content\/uploads\/2025\/09\/place-beraudier-lyon-gare-part-dieu-960x640.jpg\" alt=\"De nombreuses assises sont pr\u00e9sentes sur la place.\" width=\"960\" height=\"640\"\/><br \/>\n    De nombreuses assises sont pr\u00e9sentes sur la place. (\u00a9Ludivine Caporal\/actu Lyon)<\/p>\n<p class=\" wall-content\">\u00ab\u00a0On rappelle que la gare avait \u00e9t\u00e9 con\u00e7ue \u00e0 l\u2019origine pour 35 000 voyageurs par jour uniquement, contre <strong>145 000 aujourd\u2019hui<\/strong>. Il lui fallait une sortie \u00e0 la hauteur de son ambition actuelle\u00a0\u00bb, a affirm\u00e9 l\u2019\u00e9lu.<\/p>\n<p>    <img   decoding=\"async\" loading=\"lazy\" src=\"https:\/\/www.europesays.com\/fr\/wp-content\/uploads\/2025\/09\/place-beraudier-part-dieu-lyon-gregory-doucet-bruno-bernard-960x640.jpg\" alt=\"Les \u00e9lus de la Ville et de la M\u00e9tropole de Lyon ont inaugur\u00e9 la place ce lundi 22 septembre.\" width=\"960\" height=\"640\"\/><br \/>\n    Les \u00e9lus de la Ville et de la M\u00e9tropole de Lyon ont inaugur\u00e9 la place ce lundi 22 septembre. (\u00a9Ludivine Caporal\/actu Lyon)<\/p>\n<p>Votre r\u00e9gion, votre actu !<\/p>\n<p>Recevez chaque jour les infos qui comptent pour vous.<\/p>\n<p>\t<a href=\"https:\/\/actu.fr\/newsletter\" class=\"ac-btn ac-btn--corner ac-btn--medium ac-btn--blue800\" target=\"_blank\" rel=\"noopener\">S&rsquo;incrire<\/a><br \/>\nPlus de 80 millions d\u2019euros<\/p>\n<p class=\" wall-content\">En avril et mai dernier, <a href=\"https:\/\/actu.fr\/auvergne-rhone-alpes\/lyon_69123\/lyon-la-place-basse-de-la-gare-sncf-part-dieu-enfin-ouverte-tout-ce-qui-change_62499784.html\" target=\"_blank\" rel=\"noopener\">la place basse<\/a> avec son <strong>acc\u00e8s direct au m\u00e9tro B<\/strong>, son immense <a href=\"https:\/\/actu.fr\/auvergne-rhone-alpes\/lyon_69123\/lyon-1-500-places-velo-sous-la-part-dieu-le-plus-grand-parking-de-france-est-ouvert_62633403.html\" target=\"_blank\" rel=\"noopener\">v\u00e9lo station<\/a> et ses nouveaux commerces avaient d\u00e9j\u00e0 ouvert leurs portes.<\/p>\n<p>    <img   decoding=\"async\" loading=\"lazy\" src=\"https:\/\/www.europesays.com\/fr\/wp-content\/uploads\/2025\/04\/place-basse-gare-lyon-part-dieu-960x640.jpg\" alt=\"Les escalators et escaliers de la place basse qui permettent d'acc\u00e9der \u00e0 la gare SNCF de Lyon Part-Dieu.\" width=\"960\" height=\"640\"\/><br \/>\n    Les escalators et escaliers de la place basse qui permettent d\u2019acc\u00e9der \u00e0 la gare SNCF de Lyon Part-Dieu. (\u00a9Anthony Soudani \/ actu Lyon)<\/p>\n<p class=\" wall-content\">Voyageurs et travailleurs du quartier peuvent d\u00e9sormais profiter de l\u2019ensemble de cette infrastructure moderne, \u00e9quip\u00e9e et esth\u00e9tique, dont le chantier aura co\u00fbt\u00e9 plus de 80 millions d\u2019euros.<\/p>\n<p class=\" wall-content\">Personnalisez votre actualit\u00e9 en ajoutant vos villes et m\u00e9dias en favori avec <a href=\"https:\/\/moncompte.actu.fr\" title=\"D\u00e9couvez Mon Actu\" rel=\"nofollow noopener\" data-trk=\"{&quot;cta&quot;:{&quot;action&quot;:&quot;https:\\\/\\\/moncompte.actu.fr&quot;,&quot;category&quot;:&quot;mon compte&quot;,&quot;from&quot;:&quot;article footer&quot;,&quot;name&quot;:&quot;Mon actu&quot;,&quot;type&quot;:&quot;cta&quot;}}\" target=\"_blank\">Mon Actu<\/a>.<\/p>\n","protected":false},"excerpt":{"rendered":"Par Ludivine Caporal Publi\u00e9 le 22 sept. 2025 \u00e0 17h22 Lyonnais et voyageurs ont pu fouler les nouveaux&hellip;\n","protected":false},"author":2,"featured_media":409828,"comment_status":"","ping_status":"","sticky":false,"template":"","format":"standard","meta":{"footnotes":""},"categories":[1889],"tags":[1111,11,2430,1777,674,1011,27,2428,6178,12,25,2215,104,2086],"class_list":{"0":"post-409827","1":"post","2":"type-post","3":"status-publish","4":"format-standard","5":"has-post-thumbnail","7":"category-lyon","8":"tag-actu","9":"tag-actualites","10":"tag-auvergne-rhone-alpes","11":"tag-eu","12":"tag-europe","13":"tag-fr","14":"tag-france","15":"tag-lyon","16":"tag-lyon-part-dieu","17":"tag-news","18":"tag-republique-francaise","19":"tag-sncf","20":"tag-societe","21":"tag-travaux"},"share_on_mastodon":{"url":"https:\/\/pubeurope.com\/@fr\/115248818275136720","error":""},"_links":{"self":[{"href":"https:\/\/www.europesays.com\/fr\/wp-json\/wp\/v2\/posts\/409827","targetHints":{"allow":["GET"]}}],"collection":[{"href":"https:\/\/www.europesays.com\/fr\/wp-json\/wp\/v2\/posts"}],"about":[{"href":"https:\/\/www.europesays.com\/fr\/wp-json\/wp\/v2\/types\/post"}],"author":[{"embeddable":true,"href":"https:\/\/www.europesays.com\/fr\/wp-json\/wp\/v2\/users\/2"}],"replies":[{"embeddable":true,"href":"https:\/\/www.europesays.com\/fr\/wp-json\/wp\/v2\/comments?post=409827"}],"version-history":[{"count":0,"href":"https:\/\/www.europesays.com\/fr\/wp-json\/wp\/v2\/posts\/409827\/revisions"}],"wp:featuredmedia":[{"embeddable":true,"href":"https:\/\/www.europesays.com\/fr\/wp-json\/wp\/v2\/media\/409828"}],"wp:attachment":[{"href":"https:\/\/www.europesays.com\/fr\/wp-json\/wp\/v2\/media?parent=409827"}],"wp:term":[{"taxonomy":"category","embeddable":true,"href":"https:\/\/www.europesays.com\/fr\/wp-json\/wp\/v2\/categories?post=409827"},{"taxonomy":"post_tag","embeddable":true,"href":"https:\/\/www.europesays.com\/fr\/wp-json\/wp\/v2\/tags?post=409827"}],"curies":[{"name":"wp","href":"https:\/\/api.w.org\/{rel}","templated":true}]}}