{"id":409829,"date":"2025-09-22T16:10:16","date_gmt":"2025-09-22T16:10:16","guid":{"rendered":"https:\/\/www.europesays.com\/fr\/409829\/"},"modified":"2025-09-22T16:10:16","modified_gmt":"2025-09-22T16:10:16","slug":"deux-filles-de-13-et-15-ans-recrutees-pour-vendre-des-stupefiants-dans-toute-lile-de-france","status":"publish","type":"post","link":"https:\/\/www.europesays.com\/fr\/409829\/","title":{"rendered":"deux filles de 13 et 15 ans recrut\u00e9es pour vendre des stup\u00e9fiants dans toute l&rsquo;\u00cele-de-France"},"content":{"rendered":"<p>            Par<br \/>\n        <strong><br \/>\n            <a href=\"https:\/\/actu.fr\/auteur\/baptiste-ringeval02-actu-fr\" title=\"Consulter tous les articles de Baptiste Ringeval\" rel=\"nofollow noopener\" target=\"_blank\">Baptiste Ringeval<\/a><br \/>\n        <\/strong><\/p>\n<p>        Publi\u00e9 le<\/p>\n<p>            22 sept. 2025 \u00e0 18h00        <\/p>\n<p>Un contr\u00f4le routier et de multiples d\u00e9couvertes. Mardi 16 septembre 2025, vers 16 h 30, des policiers du commissariat de <a href=\"https:\/\/actu.fr\/ile-de-france\/villeparisis_77514\" rel=\"nofollow noopener\" target=\"_blank\">Villeparisis<\/a> remarquent une Audi A1 au niveau de l\u2019avenue de l\u2019Europe \u00e0 <a href=\"https:\/\/actu.fr\/ile-de-france\/chelles_77108\" rel=\"nofollow noopener\" target=\"_blank\">Chelles<\/a> (Seine-et-Marne) qui <b>freine brusquement<\/b> et qui ne met pas son clignotant.<\/p>\n<p class=\" wall-content\">La patrouille d\u00e9cide de proc\u00e9der au contr\u00f4le et d\u00e9couvre que <b>le v\u00e9hicule est conduit par une jeune mineure de 15 ans<\/b> avec comme passag\u00e8re une autre adolescente de <b>13 ans<\/b>. Sur la banquette arri\u00e8re se trouve Zacharie, 25 ans.<\/p>\n<p class=\" wall-content\">Les forces de l\u2019ordre pensent d\u2019abord \u00e0 du prox\u00e9n\u00e9tisme mais d\u00e9couvrent qu\u2019il s\u2019agit finalement de<b> trafic de drogue<\/b>. Dans l\u2019habitacle, ils ressentent une forte odeur de cannabis,<b> deux pochons sont retrouv\u00e9s sur Zacharie<\/b> et d\u2019autres \u00e9taient cach\u00e9s dans le soutien-gorge d\u2019une des mineures. La fouille du v\u00e9hicule permet \u00e9galement de mettre la main sur des sachets de cannabis et de coca\u00efne.<\/p>\n<p>Les filles recrut\u00e9es pour vendre<\/p>\n<p class=\" wall-content\">Lors des auditions, les enqu\u00eateurs vont en apprendre un peu plus. Les deux jeunes filles, qui avaient fugu\u00e9 d\u2019un foyer de l\u2019enfance, avaient \u00e9t\u00e9 <b>recrut\u00e9es une semaine auparavant contre une promesse d\u2019h\u00e9bergement. <\/b><\/p>\n<p class=\" wall-content\">Leur travail \u00e9tait donc de <b>livrer des produits stup\u00e9fiants \u00e0 des consommateurs<\/b> aux quatre coins de l\u2019\u00cele-de-France. En effet, le bornage des t\u00e9l\u00e9phones a permis de mettre en lumi\u00e8re des all\u00e9es et venus. \u00ab Tous les trois partaient de Neuilly-sur-Marne avant de se rendre \u00e0 Chelles chez un fournisseur qui semblait \u00eatre le chef. Ensuite, <b>la ligne t\u00e9l\u00e9phonique se baladait dans toute la r\u00e9gion<\/b> \u00bb, explique la pr\u00e9sidente d\u2019audience.<\/p>\n<p class=\" wall-content\">Pour les mineurs, les livraisons se sont faites d\u2019abord en transport puis via cette Audi A1 Sportback. \u00ab Zacharie passait le produit aux jeunes filles, et ce sont elles qui ramenaient l\u2019argent apr\u00e8s la livraison. \u00bb Plac\u00e9 en d\u00e9tention, il \u00e9tait<b> jug\u00e9 en comparution imm\u00e9diate vendredi 19\u00a0septembre<\/b> pour provocation directe de mineures \u00e0 transporter, d\u00e9tenir et offrir des stup\u00e9fiants et pour trafic de drogue.<\/p>\n<p>Votre r\u00e9gion, votre actu !<\/p>\n<p>Recevez chaque jour les infos qui comptent pour vous.<\/p>\n<p>\t<a href=\"https:\/\/actu.fr\/newsletter\" class=\"ac-btn ac-btn--corner ac-btn--medium ac-btn--blue800\" rel=\"nofollow noopener\" target=\"_blank\">S&rsquo;incrire<\/a><br \/>\n\u00ab Je ne savais pas qu\u2019elles \u00e9taient mineures \u00bb<\/p>\n<p class=\" wall-content\">Dans son box, le pr\u00e9venu, qui s\u2019est pr\u00e9sent\u00e9 comme <b>un simple formateur<\/b>, a martel\u00e9 qu\u2019il ne savait pas qu\u2019elles \u00e9taient mineures. \u00ab Elles m\u2019ont dit qu\u2019elles avaient 20\u00a0ans. Ce sont des femmes maquill\u00e9es. Les cheveux, les ongles, le botox. <b>Pour moi, elles \u00e9taient majeures<\/b>. Jamais je n\u2019aurais fait \u00e7a si j\u2019avais su qu\u2019elles \u00e9taient mineures. \u00bb<\/p>\n<p class=\" wall-content\">Lors d\u2019une perquisition \u00e0 son domicile,<b> 5 000\u00a0euros en liquide avaient \u00e9galement \u00e9t\u00e9 retrouv\u00e9s<\/b> dans une poche de veste. Il a expliqu\u00e9 qu\u2019il travaillait comme vendeur sur des march\u00e9s, et que c\u2019\u00e9tait de l\u2019argent mis de c\u00f4t\u00e9 et non du blanchiment.<\/p>\n<p>18\u00a0mois de prison ferme<\/p>\n<p class=\" wall-content\">Pour ce proc\u00e8s, une avocate mandat\u00e9e par <b>l\u2019Avimej<\/b> (association d\u2019aides aux victimes) a plaid\u00e9 pour les deux mineures et a demand\u00e9 des indemnit\u00e9s de 1 000\u00a0euros pour le pr\u00e9judice envers elles. \u00ab On a une personne qui profite. C\u2019est rentable car il leur reverse 70\u00a0euros par jour et lui prend le reste \u00bb, a-t-elle expliqu\u00e9, avant de poursuivre, \u00ab elles n\u2019ont pas un parcours facile. <b>L\u00e0, il y a un risque de basculer vers l\u2019argent facile. \u00bb <\/b><\/p>\n<p class=\" wall-content\">La substitute du procureur Ga\u00eblle Homand a <b>requis de 16 \u00e0 18\u00a0mois de prison ferme<\/b>, avec mandat de d\u00e9p\u00f4t, et une amende de 1 000\u00a0euros \u00e0 l\u2019encontre de ce r\u00e9cidiviste <b>aux 10 fiches dans son casier judiciaire<\/b>. \u00ab Il a profit\u00e9 de la vuln\u00e9rabilit\u00e9 des mineurs de 13 et 15 ans. \u00bb\u00a0<\/p>\n<p class=\" wall-content\">Des r\u00e9quisitions suivies par les juges qui ont condamn\u00e9 Zacharie \u00e0 <b>une peine de 18\u00a0mois de prison ferme<\/b>, avec mandat de d\u00e9p\u00f4t. Les pochons, les 5 000\u00a0euros et la voiture utilis\u00e9e ont \u00e9t\u00e9 confisqu\u00e9s par le tribunal. Les deux jeunes filles, de leur c\u00f4t\u00e9, devraient<b> compara\u00eetre devant le tribunal pour enfants de Nanterre.<\/b><\/p>\n<p class=\" wall-content\">Personnalisez votre actualit\u00e9 en ajoutant vos villes et m\u00e9dias en favori avec <a href=\"https:\/\/moncompte.actu.fr\" title=\"D\u00e9couvez Mon Actu\" rel=\"nofollow noopener\" data-trk=\"{&quot;cta&quot;:{&quot;action&quot;:&quot;https:\\\/\\\/moncompte.actu.fr&quot;,&quot;category&quot;:&quot;mon compte&quot;,&quot;from&quot;:&quot;article footer&quot;,&quot;name&quot;:&quot;Mon actu&quot;,&quot;type&quot;:&quot;cta&quot;}}\" target=\"_blank\">Mon Actu<\/a>.<\/p>\n","protected":false},"excerpt":{"rendered":"Par Baptiste Ringeval Publi\u00e9 le 22 sept. 2025 \u00e0 18h00 Un contr\u00f4le routier et de multiples d\u00e9couvertes. Mardi&hellip;\n","protected":false},"author":2,"featured_media":409830,"comment_status":"","ping_status":"","sticky":false,"template":"","format":"standard","meta":{"footnotes":""},"categories":[1592],"tags":[1111,11,1052,1777,674,118,1011,27,662,303,12,626,25],"class_list":{"0":"post-409829","1":"post","2":"type-post","3":"status-publish","4":"format-standard","5":"has-post-thumbnail","7":"category-ile-de-france","8":"tag-actu","9":"tag-actualites","10":"tag-drogue","11":"tag-eu","12":"tag-europe","13":"tag-faits-divers","14":"tag-fr","15":"tag-france","16":"tag-ile-de-france","17":"tag-justice","18":"tag-news","19":"tag-paris","20":"tag-republique-francaise"},"share_on_mastodon":{"url":"https:\/\/pubeurope.com\/@fr\/115248826036383020","error":""},"_links":{"self":[{"href":"https:\/\/www.europesays.com\/fr\/wp-json\/wp\/v2\/posts\/409829","targetHints":{"allow":["GET"]}}],"collection":[{"href":"https:\/\/www.europesays.com\/fr\/wp-json\/wp\/v2\/posts"}],"about":[{"href":"https:\/\/www.europesays.com\/fr\/wp-json\/wp\/v2\/types\/post"}],"author":[{"embeddable":true,"href":"https:\/\/www.europesays.com\/fr\/wp-json\/wp\/v2\/users\/2"}],"replies":[{"embeddable":true,"href":"https:\/\/www.europesays.com\/fr\/wp-json\/wp\/v2\/comments?post=409829"}],"version-history":[{"count":0,"href":"https:\/\/www.europesays.com\/fr\/wp-json\/wp\/v2\/posts\/409829\/revisions"}],"wp:featuredmedia":[{"embeddable":true,"href":"https:\/\/www.europesays.com\/fr\/wp-json\/wp\/v2\/media\/409830"}],"wp:attachment":[{"href":"https:\/\/www.europesays.com\/fr\/wp-json\/wp\/v2\/media?parent=409829"}],"wp:term":[{"taxonomy":"category","embeddable":true,"href":"https:\/\/www.europesays.com\/fr\/wp-json\/wp\/v2\/categories?post=409829"},{"taxonomy":"post_tag","embeddable":true,"href":"https:\/\/www.europesays.com\/fr\/wp-json\/wp\/v2\/tags?post=409829"}],"curies":[{"name":"wp","href":"https:\/\/api.w.org\/{rel}","templated":true}]}}