{"id":409831,"date":"2025-09-22T16:11:11","date_gmt":"2025-09-22T16:11:11","guid":{"rendered":"https:\/\/www.europesays.com\/fr\/409831\/"},"modified":"2025-09-22T16:11:11","modified_gmt":"2025-09-22T16:11:11","slug":"apres-ses-propos-homophobes-une-celebre-chanteuse-boycottee","status":"publish","type":"post","link":"https:\/\/www.europesays.com\/fr\/409831\/","title":{"rendered":"apr\u00e8s ses propos homophobes, une c\u00e9l\u00e8bre chanteuse boycott\u00e9e"},"content":{"rendered":"<p>            Par<br \/>\n        <strong><br \/>\n            <a href=\"https:\/\/actu.fr\/auteur\/glenn-gillet\" title=\"Consulter tous les articles de Glenn Gillet\" rel=\"nofollow noopener\" target=\"_blank\">Glenn Gillet<\/a><br \/>\n        <\/strong><\/p>\n<p>        Publi\u00e9 le<\/p>\n<p>            22 sept. 2025 \u00e0 17h42        <\/p>\n<p>Roseline Layo pourra-t-elle se produire en concert devant les 7\u2009000\u00a0spectateurs de l\u2019<a href=\"https:\/\/actu.fr\/ile-de-france\/tremblay-en-france_93073\/arena-grand-paris-a-quoi-ressemble-la-future-salle-de-concert-qui-sera-inauguree-en-septembre_60996278.html\" rel=\"nofollow noopener\" target=\"_blank\">Arena Grand Paris<\/a> de Tremblay-en-France (Seine-Saint-Denis)\u2009? Cette <strong>chanteuse ivoirienne <\/strong>\u00e0 la progression fulgurante en seulement trois ans de carri\u00e8re \u2013 elle cumule des millions d\u2019\u00e9coutes notamment sur Youtube et Spotify, et 3,3\u00a0millions d\u2019abonn\u00e9s sur TikTok \u2013 vient de voir deux de ses concerts pr\u00e9vus \u00e0 Paris et dans le secteur d\u2019Orl\u00e9ans <strong>annul\u00e9s<\/strong>. En cause\u2009: un mouvement de boycott lanc\u00e9 \u00e0 la suite de <strong>propos homophobes<\/strong> tenus dans une interview. L\u2019artiste, qui a connu une progression fulgurante en seulement trois ans de carri\u00e8re,<\/p>\n<p>Appel \u00e0 \u00ab\u2009combattre\u2009\u00bb l\u2019homosexualit\u00e9<\/p>\n<p class=\" wall-content\">Interrog\u00e9 par le m\u00e9dia ivoirien <a href=\"https:\/\/www.instagram.com\/reel\/DNdK0WOPslb\/?hl=fr\" rel=\"nofollow noopener\" target=\"_blank\">L\u2019Infodrome<\/a> sur ses \u00ab\u2009combats personnels\u2009\u00bb, la chanteuse \u00e9voque que l\u2019un d\u2019entre eux est \u00ab\u2009l\u2019homosexualit\u00e9, un sujet qui est lourd\u2009\u00bb. Elle explique qu\u2019\u00ab\u2009aujourd\u2019hui, on a peur pour nos enfants gar\u00e7ons. J\u2019ai deux gar\u00e7ons et une fille. Quand je vois des gens avec panneaux en train de combattre \u00e7a, c\u2019est bien\u2009! Qu\u2019on continue comme \u00e7a\u2009! Franchement, je pense que si on est soud\u00e9s, l\u2019<strong>\u00c9tat va pr\u00eater une oreille<\/strong> \u00e0 nos cris\u2009\u00bb.<\/p>\n<p class=\" wall-content\"><a href=\"https:\/\/www.instagram.com\/reel\/DNdK0WOPslb\/embed\" title=\"Ouvrir le lien sur Instagram\" rel=\"nofollow noopener\" target=\"_blank\">Visualiser le contenu sur Instagram<\/a><\/p>\n<p class=\" wall-content\">Des propos qui ont indign\u00e9 de nombreuses personnes, dont Jean-Luc Romero-Michel, adjoint \u00e0 la mairie de Paris en charge notamment de la lutte contre les discriminations. Lui-m\u00eame alert\u00e9 par plusieurs <strong>militants LGBT +\u00a0ivoiriens<\/strong>, il a pris la parole sur les r\u00e9seaux sociaux pour demander l\u2019annulation un concert de Roseline Layo pr\u00e9vu lors de l\u2019Afrique Festival, un \u00e9v\u00e9nement pr\u00e9vu les 6 et 7\u00a0septembre au Parc des Princes \u00e0 Paris qui ne s\u2019est finalement pas tenu. \u00ab\u2009Le Parc des Princes, j\u2019ai eu un choc parce que \u00e7a appartient \u00e0 la Ville de Paris, m\u00eame s\u2019il y a une concession\u2009\u00bb, explique l\u2019adjoint \u00e0 actu Paris.<\/p>\n<p class=\" wall-content\">Lors de l\u2019annonce du report des festivit\u00e9s, les organisateurs ont expliqu\u00e9, sans citer le nom de l\u2019artiste, \u0153uvrer pour \u00ab\u2009la valorisation des cultures africaines dans toute leur richesse, leur diversit\u00e9 et leur modernit\u00e9\u2009\u00bb et ont rappel\u00e9 soutenir \u00ab\u2009des valeurs fondamentales\u2009: l\u2019inclusion, le respect de toutes les identit\u00e9s et le <strong>refus de toute forme de haine<\/strong> ou d\u2019exclusion\u2009\u00bb.<\/p>\n<p class=\" wall-content\">Roseline Layo devait \u00e9galement produire le 20\u00a0septembre \u00e0 Saint-Pryv\u00e9-Saint-Mesmin, \u00e0 c\u00f4t\u00e9 d\u2019Orl\u00e9ans, dans le cadre d\u2019une soir\u00e9e priv\u00e9e organis\u00e9e dans la salle des f\u00eates municipale, un usage d\u2019ailleurs non autoris\u00e9 par la commune. Mais selon le journal <a href=\"https:\/\/www.larep.fr\/saint-pryve-saint-mesmin-45750\/loisirs\/une-artiste-accusee-d-homophobie-etait-programmee-pres-d-orleans-le-concert-vient-d-etre-annule_14747891\/\" rel=\"nofollow noopener\" target=\"_blank\">La R\u00e9publique du Centre<\/a>, la mairie a re\u00e7u des nombreuses sollicitations, dont une lettre de Jean-Luc Romero, pour faire en sorte que ce concert ne se tienne pas. La repr\u00e9sentation a finalement \u00e9t\u00e9 annul\u00e9e par l\u2019organisateur lui-m\u00eame, sans pr\u00e9cision sur la raison de ce choix.<\/p>\n<p>L\u2019artiste n\u2019a \u00ab\u2009a priori aucun remords, et m\u00eame le contraire\u2009\u00bb<\/p>\n<p class=\" wall-content\">Apr\u00e8s ces annulations, Roseline Layo a fait un \u00ab\u2009retour triomphal\u2009\u00bb en C\u00f4te d\u2019Ivoire, o\u00f9 elle s\u2019est exprim\u00e9e en ayant \u00ab\u2009a priori aucun remords, et m\u00eame le contraire\u2009\u00bb, explique Jean-Luc Romero, qui l\u2019appelle encore \u00e0 ce jour \u00e0 pr\u00e9senter des<strong> excuses publiques<\/strong>. Selon lui, les militants ivoiriens ont aujourd\u2019hui le sentiment d\u2019avoir remport\u00e9 une victoire et restent mobilis\u00e9s malgr\u00e9 la vague de haine que ces annulations ont occasionn\u00e9e sur les r\u00e9seaux sociaux ivoiriens. Un \u00e9pisode de haine qui s\u2019est ajout\u00e9 \u00e0 la <a href=\"https:\/\/www.courrierinternational.com\/video\/video-homophobie-en-cote-d-ivoire-une-vague-de-haine-inedite-contre-les-woubis_222249\" rel=\"nofollow noopener\" target=\"_blank\">pouss\u00e9e de haine anti-LGBT +\u00a0qu\u2019a connu le pays en septembre<\/a>, \u00e0 l\u2019initiative d\u2019un influenceur, et qui avait donn\u00e9 lieu \u00e0 des dizaines d\u2019agressions.<\/p>\n<p class=\" wall-content\">Le prochain concert programm\u00e9 de Roseline Layo en France est actuellement celui de l\u2019Arena Grand Paris, qui doit avoir lieu 6\u00a0f\u00e9vrier 2026. Une <a href=\"https:\/\/www.change.org\/p\/annulons-les-concerts-de-roseline-layo-%C3%A0-paris-non-aux-discours-de-haine-ant\" rel=\"nofollow noopener\" target=\"_blank\">p\u00e9tition<\/a> a \u00e9t\u00e9 lanc\u00e9e sur la plateforme Change.org pour faire annuler cette repr\u00e9sentation et a recueilli \u00e0 ce jour pr\u00e8s de 1\u2009000 signatures. Ryan Ily\u00e8s Diallo, initiateur de la p\u00e9tition, estime que permettre \u00e0 la chanteuse de se produire \u00ab\u2009reviendrait \u00e0 offrir une tribune prestigieuse \u00e0 un discours de <strong>haine homophobe<\/strong>, au m\u00e9pris des combats men\u00e9s pour prot\u00e9ger les personnes LGBTQ +\u00a0face aux violences et discriminations\u2009\u00bb. Interrog\u00e9 par actu Paris sur les propos de Roseline Layo et sur une possible d\u00e9programmation du concert, l\u2019Arena Grand Paris n\u2019a pas r\u00e9pondu \u00e0 notre sollicitation \u00e0 ce stade.<\/p>\n<p class=\" wall-content\">Personnalisez votre actualit\u00e9 en ajoutant vos villes et m\u00e9dias en favori avec <a href=\"https:\/\/moncompte.actu.fr\" title=\"D\u00e9couvez Mon Actu\" rel=\"nofollow noopener\" data-trk=\"{&quot;cta&quot;:{&quot;action&quot;:&quot;https:\\\/\\\/moncompte.actu.fr&quot;,&quot;category&quot;:&quot;mon compte&quot;,&quot;from&quot;:&quot;article footer&quot;,&quot;name&quot;:&quot;Mon actu&quot;,&quot;type&quot;:&quot;cta&quot;}}\" target=\"_blank\">Mon Actu<\/a>.<\/p>\n<p>                    <script async src=\"\/\/www.instagram.com\/embed.js\"><\/script><\/p>\n","protected":false},"excerpt":{"rendered":"Par Glenn Gillet Publi\u00e9 le 22 sept. 2025 \u00e0 17h42 Roseline Layo pourra-t-elle se produire en concert devant&hellip;\n","protected":false},"author":2,"featured_media":409832,"comment_status":"","ping_status":"","sticky":false,"template":"","format":"standard","meta":{"footnotes":""},"categories":[1888],"tags":[1111,1928,11,1927,1697,1777,674,1011,27,8717,1652,2381,12,1926,626,1925,25],"class_list":{"0":"post-409831","1":"post","2":"type-post","3":"status-publish","4":"format-standard","5":"has-post-thumbnail","7":"category-paris","8":"tag-actu","9":"tag-actu-paris","10":"tag-actualites","11":"tag-actualites-paris","12":"tag-concert","13":"tag-eu","14":"tag-europe","15":"tag-fr","16":"tag-france","17":"tag-homophobie","18":"tag-loisirs-culture","19":"tag-mairie-de-paris","20":"tag-news","21":"tag-news-paris","22":"tag-paris","23":"tag-paris-news","24":"tag-republique-francaise"},"share_on_mastodon":{"url":"https:\/\/pubeurope.com\/@fr\/115248829786941838","error":""},"_links":{"self":[{"href":"https:\/\/www.europesays.com\/fr\/wp-json\/wp\/v2\/posts\/409831","targetHints":{"allow":["GET"]}}],"collection":[{"href":"https:\/\/www.europesays.com\/fr\/wp-json\/wp\/v2\/posts"}],"about":[{"href":"https:\/\/www.europesays.com\/fr\/wp-json\/wp\/v2\/types\/post"}],"author":[{"embeddable":true,"href":"https:\/\/www.europesays.com\/fr\/wp-json\/wp\/v2\/users\/2"}],"replies":[{"embeddable":true,"href":"https:\/\/www.europesays.com\/fr\/wp-json\/wp\/v2\/comments?post=409831"}],"version-history":[{"count":0,"href":"https:\/\/www.europesays.com\/fr\/wp-json\/wp\/v2\/posts\/409831\/revisions"}],"wp:featuredmedia":[{"embeddable":true,"href":"https:\/\/www.europesays.com\/fr\/wp-json\/wp\/v2\/media\/409832"}],"wp:attachment":[{"href":"https:\/\/www.europesays.com\/fr\/wp-json\/wp\/v2\/media?parent=409831"}],"wp:term":[{"taxonomy":"category","embeddable":true,"href":"https:\/\/www.europesays.com\/fr\/wp-json\/wp\/v2\/categories?post=409831"},{"taxonomy":"post_tag","embeddable":true,"href":"https:\/\/www.europesays.com\/fr\/wp-json\/wp\/v2\/tags?post=409831"}],"curies":[{"name":"wp","href":"https:\/\/api.w.org\/{rel}","templated":true}]}}