{"id":409843,"date":"2025-09-22T16:17:11","date_gmt":"2025-09-22T16:17:11","guid":{"rendered":"https:\/\/www.europesays.com\/fr\/409843\/"},"modified":"2025-09-22T16:17:11","modified_gmt":"2025-09-22T16:17:11","slug":"le-controle-des-cables-sous-marins-ou-le-retour-de-linterventionnisme-de-marche","status":"publish","type":"post","link":"https:\/\/www.europesays.com\/fr\/409843\/","title":{"rendered":"Le contr\u00f4le des c\u00e2bles sous-marins ou le retour de l\u2019interventionnisme de march\u00e9"},"content":{"rendered":"<p>                        Le contr\u00f4le des c\u00e2bles sous-marins ou le retour de l\u2019interventionnisme de march\u00e9<\/p>\n<p class=\"byline author vcard\">Par    <a href=\"https:\/\/aoc.media\/auteur\/felix-blanc\/\" title=\"Articles par F\u00e9lix Blanc\" class=\"author url fn\" rel=\"author noopener\" target=\"_blank\">F\u00e9lix Blanc<\/a><\/p>\n<p>Dans un contexte de concurrence \u00e9conomique et g\u00e9opolitique accru, les c\u00e2bles sous-marins repr\u00e9sentent un objet tactique important. Ces c\u00e2bles sont depuis quelques ann\u00e9es l\u2019un des lieux d\u2019expression de la rivalit\u00e9 entre les \u00c9tats-Unis et la Chine. Peut-on imaginer une g\u00e9opolitique des c\u00e2bles sous-marins qui ne soit pas fond\u00e9e sur l\u2019interventionnisme \u00e9conomique ou militaire\u00a0?<\/p>\n<p class=\"first-paragraph\">Depuis une quinzaine d\u2019ann\u00e9es, la Chine remet en question les \u00c9tats-Unis et leur domination sur le vaste r\u00e9seau mondial de c\u00e2bles sous-marins<a href=\"#_ftn1\" name=\"_ftnref1\">[1]<\/a>. La r\u00e9action am\u00e9ricaine se traduit par une intervention accrue de la puissance publique sur les entreprises priv\u00e9es qui g\u00e8rent historiquement les c\u00e2bles sous-marins<a href=\"#_ftn2\" name=\"_ftnref2\">[2]<\/a>.<\/p>\n<p><a href=\"https:\/\/www.pantheonsorbonne.fr\/universite\/grands-evenements\/robert-badinter-intellectuel-en-action\" target=\"_blank\" rel=\"noopener\"><img fetchpriority=\"high\" decoding=\"async\" class=\"wp-image-265068 size-full\" src=\"https:\/\/www.europesays.com\/fr\/wp-content\/uploads\/2025\/09\/25-027-Paris-1-AOC-Badinter-Encart.png\" alt=\"\" width=\"300\" height=\"250\"\/><\/a>publicit\u00e9<\/p>\n<p>Cet interventionnisme n\u2019est pas isol\u00e9 et s\u2019inscrit dans une tendance de fond. Au cours de la derni\u00e8re d\u00e9cennie, les \u00c9tats-Unis et certaines puissances occidentales sont pass\u00e9s graduellement de la lib\u00e9ralisation des march\u00e9s \u00e0 l\u2019interventionnisme de march\u00e9, pour rem\u00e9dier aux faiblesses s\u00e9curitaires de l\u2019interd\u00e9pendance \u00e9conomique, dans un contexte de concurrence g\u00e9o-\u00e9conomique renforc\u00e9e<a href=\"#_ftn3\" name=\"_ftnref3\">[3].<\/a><\/p>\n<p>La rivalit\u00e9 sino-am\u00e9ricaine pour le contr\u00f4le des c\u00e2bles sous-marins est l\u2019un des secteurs o\u00f9 cet interventionnisme d\u2019\u00c9tat est particuli\u00e8rement visible. Le contr\u00f4le \u00e9tatique de ces infrastructures critiques s\u2019est accentu\u00e9 sous l\u2019effet de la rivalit\u00e9 syst\u00e9mique entre les \u00c9tats-Unis et la Chine. La r\u00e9action am\u00e9ricaine refl\u00e8te la strat\u00e9gie chinoise de contr\u00f4le \u00e9conomique sur toute la fili\u00e8re des c\u00e2bles sous-marins, dans un contexte de rivalit\u00e9 g\u00e9opolitique syst\u00e9mique. La vuln\u00e9rabilit\u00e9 de ces infrastructures, et leur criticit\u00e9, a dans le m\u00eame temps redonn\u00e9 du pouvoir \u00e0 des acteurs \u00e9tatiques r\u00e9visionnistes, \u00e0 l\u2019instar de la Russie, qui n\u2019h\u00e9sitent pas \u00e0 user de strat\u00e9gie coercitive pour compenser leurs faiblesses syst\u00e9miques. Cet interventionnisme \u00e9conomique ou militaire repr\u00e9sente un d\u00e9fi consid\u00e9rable pour des acteurs g\u00e9opolitiques \u00e9mergents comme l\u2019Union europ\u00e9enne ou le Br\u00e9sil, qui cherchent \u00e0 d\u00e9velopper une strat\u00e9gie alternative pour d\u00e9fendre aussi leurs int\u00e9r\u00eats au fond des oc\u00e9ans et des mers.<\/p>\n<p>L\u2019interventionnisme des \u00c9tats-Unis, une r\u00e9action \u00e0 la rivalit\u00e9 chinoise<\/p>\n<p>Si les technologies et leurs usages ont \u00e9volu\u00e9, la g\u00e9ographie des c\u00e2bles sous-marins est similaire \u00e0 ce qu\u2019elle \u00e9tait \u00e0 ses origines, puisque les routes emprunt\u00e9es au XIXe si\u00e8cle le sont encore aujourd&amp;rsq<\/p>\n<p class=\"author_name\">\n                <a href=\"https:\/\/aoc.media\/auteur\/felix-blanc\/\" target=\"_blank\" rel=\"noopener\">F\u00e9lix Blanc<\/a>\n            <\/p>\n<p class=\"author_func\">\n                Politiste, chercheur associ\u00e9 au LASSP de Sciences Po Toulouse            <\/p>\n","protected":false},"excerpt":{"rendered":"Le contr\u00f4le des c\u00e2bles sous-marins ou le retour de l\u2019interventionnisme de march\u00e9 Par F\u00e9lix Blanc Dans un contexte&hellip;\n","protected":false},"author":2,"featured_media":409844,"comment_status":"","ping_status":"","sticky":false,"template":"","format":"standard","meta":{"footnotes":""},"categories":[1589],"tags":[11,782,6060,309,73,1866,14,23795,12,2543,717,1864,1865,1863,308],"class_list":{"0":"post-409843","1":"post","2":"type-post","3":"status-publish","4":"format-standard","5":"has-post-thumbnail","7":"category-etats-unis","8":"tag-actualites","9":"tag-ameriques","10":"tag-asie","11":"tag-chine","12":"tag-etats-unis","13":"tag-etats-unis-damerique","14":"tag-international","15":"tag-medias-et-numerique","16":"tag-news","17":"tag-relations-internationales","18":"tag-technologie","19":"tag-united-states","20":"tag-united-states-of-america","21":"tag-us","22":"tag-usa"},"share_on_mastodon":{"url":"https:\/\/pubeurope.com\/@fr\/115248853460715371","error":""},"_links":{"self":[{"href":"https:\/\/www.europesays.com\/fr\/wp-json\/wp\/v2\/posts\/409843","targetHints":{"allow":["GET"]}}],"collection":[{"href":"https:\/\/www.europesays.com\/fr\/wp-json\/wp\/v2\/posts"}],"about":[{"href":"https:\/\/www.europesays.com\/fr\/wp-json\/wp\/v2\/types\/post"}],"author":[{"embeddable":true,"href":"https:\/\/www.europesays.com\/fr\/wp-json\/wp\/v2\/users\/2"}],"replies":[{"embeddable":true,"href":"https:\/\/www.europesays.com\/fr\/wp-json\/wp\/v2\/comments?post=409843"}],"version-history":[{"count":0,"href":"https:\/\/www.europesays.com\/fr\/wp-json\/wp\/v2\/posts\/409843\/revisions"}],"wp:featuredmedia":[{"embeddable":true,"href":"https:\/\/www.europesays.com\/fr\/wp-json\/wp\/v2\/media\/409844"}],"wp:attachment":[{"href":"https:\/\/www.europesays.com\/fr\/wp-json\/wp\/v2\/media?parent=409843"}],"wp:term":[{"taxonomy":"category","embeddable":true,"href":"https:\/\/www.europesays.com\/fr\/wp-json\/wp\/v2\/categories?post=409843"},{"taxonomy":"post_tag","embeddable":true,"href":"https:\/\/www.europesays.com\/fr\/wp-json\/wp\/v2\/tags?post=409843"}],"curies":[{"name":"wp","href":"https:\/\/api.w.org\/{rel}","templated":true}]}}