{"id":409845,"date":"2025-09-22T16:18:18","date_gmt":"2025-09-22T16:18:18","guid":{"rendered":"https:\/\/www.europesays.com\/fr\/409845\/"},"modified":"2025-09-22T16:18:18","modified_gmt":"2025-09-22T16:18:18","slug":"pourquoi-kate-middleton-a-ete-profondement-remuee-juste-avant-larrivee-des-trump-au-royaume-uni","status":"publish","type":"post","link":"https:\/\/www.europesays.com\/fr\/409845\/","title":{"rendered":"Pourquoi Kate Middleton a \u00e9t\u00e9 \u00abprofond\u00e9ment remu\u00e9e\u00bb juste avant l\u2019arriv\u00e9e des Trump au Royaume-Uni"},"content":{"rendered":"<p>Selon plusieurs sources royales, la princesse de Galles aurait \u00e9t\u00e9 profond\u00e9ment d\u00e9stabilis\u00e9e par les nombreuses critiques en ligne notamment re\u00e7ues, r\u00e9cemment, sur sa nouvelle couleur de cheveux.<\/p>\n<p class=\"fig-paragraph\">Jamais une couleur de cheveux n\u2019avait autant fait r\u00e9agir. Relativement \u00e9pargn\u00e9e par les critiques depuis l\u2019annonce de son cancer en mars 2024,\u00a0<a href=\"https:\/\/madame.lefigaro.fr\/tag\/kate-middleton\" target=\"_blank\" data-fig-type=\"Keyword\" rel=\"sponsored noopener nofollow\" data-gtm-custom-categorie=\"navigation\" data-gtm-custom-action=\"crossclick\" data-gtm-custom-label=\"Contextuel\" data-gtm-event=\"customEventSPE\" data-fig-domain=\"MADAME\">Kate Middleton<\/a>\u00a0en a \u00e9t\u00e9 la cible comme rarement ces derni\u00e8res semaines, notamment apr\u00e8s avoir os\u00e9 le blond. Un changement capillaire qui aura finalement \u00e9t\u00e9 de (tr\u00e8s) courte dur\u00e9e.<\/p>\n<p class=\"fig-paragraph\">\u00c0 peine 48 heures apr\u00e8s avoir d\u00e9voil\u00e9 sa\u00a0<a href=\"http:\/\/madame.lefigaro.fr\/celebrites\/actu-people\/kate-middleton-les-cheveux-blonds-la-deconcertante-apparition-a-londres-20250904\" data-fig-type=\"Article\" data-gtm-custom-categorie=\"navigation\" data-gtm-custom-action=\"crossclick\" data-gtm-custom-label=\"Contextuel\" data-gtm-event=\"customEventSPE\" data-fig-domain=\"MADAME\" rel=\"nofollow noopener\" target=\"_blank\">toute nouvelle coloration<\/a>, la princesse de Galles a finalement fait marche arri\u00e8re en dissimulant ses m\u00e8ches blondes sous une nouvelle couleur plus fonc\u00e9e. La preuve que les critiques et nombreux commentaires sur son \u00e9tat de sant\u00e9 ne l\u2019ont pas laiss\u00e9 de marbre.<\/p>\n<p class=\"fig-body-link&#10;    \">\n            \u00c0 lire aussi<br \/>\n        <a class=\"fig-body-link__link\" href=\"http:\/\/madame.lefigaro.fr\/style\/news\/sous-le-diademe-de-lady-di-kate-middleton-rayonne-d-elegance-au-banquet-d-etat-pour-les-trump-20250918\" data-fig-type=\"Article\" data-gtm-custom-categorie=\"navigation\" data-gtm-custom-action=\"crossclick\" data-gtm-custom-label=\"Contextuel\" data-gtm-event=\"customEventSPE\" data-fig-domain=\"MADAME\" rel=\"nofollow noopener\" target=\"_blank\">Sous le diad\u00e8me de Lady Di, Kate Middleton rayonne d\u2019\u00e9l\u00e9gance au banquet d\u2019\u00c9tat pour les Trump<\/a>\n<\/p>\n<p>                                    <a class=\"fig-a11y-skip a11y-hidden\" href=\"#fig-a11y-skip-main-inarticle\"><br \/>\n        Passer la publicit\u00e9<br \/>\n    <\/a><\/p>\n<p>N\u00e9gativit\u00e9<\/p>\n<p class=\"fig-paragraph\">Selon une source royale rapport\u00e9e par\u00a0<a href=\"https:\/\/radaronline.com\/p\/kate-middleton-blonde-hair-cancer-wig-theory-criticism\/\" target=\"_blank\" rel=\"sponsored noopener nofollow\" data-gtm-custom-categorie=\"navigation\" data-gtm-custom-action=\"crossclick\" data-gtm-custom-label=\"Contextuel\" data-gtm-event=\"customEventSPE\">RadarOnline<\/a>, la m\u00e8re de George, Charlotte et Louis aurait m\u00eame \u00e9t\u00e9 \u00abprofond\u00e9ment remu\u00e9e\u00bb par tous ces commentaires, \u00e0 l\u2019approche de la visite du\u00a0<a href=\"http:\/\/madame.lefigaro.fr\/celebrites\/donald-et-melania-trump-accueillis-en-grande-pompe-par-charles-iii-camilla-kate-et-william-au-chateau-de-windsor-20250917\" data-fig-type=\"Article\" data-gtm-custom-categorie=\"navigation\" data-gtm-custom-action=\"crossclick\" data-gtm-custom-label=\"Contextuel\" data-gtm-event=\"customEventSPE\" data-fig-domain=\"MADAME\" rel=\"nofollow noopener\" target=\"_blank\">couple Trump<\/a>\u00a0au Royaume-Uni. \u00abCela a \u00e9t\u00e9 une p\u00e9riode tr\u00e8s difficile pour Kate\u00bb, a d\u00e9clar\u00e9 une source proche de la famille. \u00abElle est revenue de l\u2019\u00e9t\u00e9 pr\u00eate \u00e0 affronter \u00e0 nouveau les cam\u00e9ras, mais la duret\u00e9 des propos l\u2019a profond\u00e9ment remu\u00e9e. L\u2019id\u00e9e que ses cheveux \u00e9taient li\u00e9s \u00e0 sa maladie l\u2019a vraiment frapp\u00e9e.\u00bb<\/p>\n<p class=\"fig-paragraph\">\u00abKate pensait que les gens soutiendraient son choix compte tenu de tout ce qu\u2019elle a affront\u00e9 l\u2019ann\u00e9e derni\u00e8re. Elle a \u00e9t\u00e9 stup\u00e9faite de voir \u00e0 quelle vitesse la n\u00e9gativit\u00e9 autour de son nouveau look est mont\u00e9e en fl\u00e8che. Cela l\u2019a laiss\u00e9e tr\u00e8s secou\u00e9e \u2013 \u00e0 un moment donn\u00e9, elle s\u2019est m\u00eame demand\u00e9 combien de temps elle pouvait encore endurer et a arr\u00eat\u00e9 de chercher des informations sur elle-m\u00eame sur Google\u00bb, a ajout\u00e9 une seconde source.<\/p>\n<p>Apparitions irr\u00e9prochables<\/p>\n<p class=\"fig-paragraph\">Heureusement pour elle, Kate Middleton a pu compter sur le soutien de nombreux proches, sa famille en premi\u00e8re ligne. \u00ab<a href=\"https:\/\/madame.lefigaro.fr\/tag\/prince-william\" target=\"_blank\" data-fig-type=\"Keyword\" rel=\"sponsored noopener nofollow\" data-gtm-custom-categorie=\"navigation\" data-gtm-custom-action=\"crossclick\" data-gtm-custom-label=\"Contextuel\" data-gtm-event=\"customEventSPE\" data-fig-domain=\"MADAME\">William<\/a>\u00a0a \u00e9t\u00e9 d\u2019un grand soutien et les enfants sont un r\u00e9confort, mais on se sent toujours tr\u00e8s seul quand on sait que le monde diss\u00e8que votre apparence\u00bb, a ajout\u00e9 la source, pr\u00e9cisant que la princesse de Galles s\u2019attendait \u00e0 \u00abplus de compassion\u00bb.<\/p>\n<p class=\"fig-paragraph\">Pour faire taire les critiques, Kate Middleton a multipli\u00e9 les apparitions irr\u00e9prochables lors de la visite des Trump au Royaume-Uni.\u00a0<a href=\"http:\/\/madame.lefigaro.fr\/style\/news\/divine-en-rouge-bordeaux-kate-middleton-accueille-le-couple-trump-sur-le-domaine-de-windsor-20250917\" data-fig-type=\"Article\" data-gtm-custom-categorie=\"navigation\" data-gtm-custom-action=\"crossclick\" data-gtm-custom-label=\"Contextuel\" data-gtm-event=\"customEventSPE\" data-fig-domain=\"MADAME\" rel=\"nofollow noopener\" target=\"_blank\">Ensemble bordeaux Emilia Wickstead<\/a>\u00a0\u00e0 leur arriv\u00e9e \u00e0 Windsor, cr\u00e9ation sur-mesure aux allures de robe de mari\u00e9e sign\u00e9e Phillipa Lepley pour le banquet d\u2019\u00c9tat&#8230; La future reine consort a sign\u00e9 un sans-faute qui n\u2019a, pour cette fois, pas (trop) g\u00e9n\u00e9r\u00e9 de critiques. En 2022, sa robe au tout premier banquet d\u2019\u00c9tat du roi Charles III en tant que souverain avait fait grincer des dents, notamment parce qu\u2019elle \u00e9tait neuve alors que le pays traversait une p\u00e9riode de crise. Si avec le temps, Kate Middleton a bien compris que quoi qu\u2019elle fasse, elle sera toujours expos\u00e9e aux avis des autres, certains moments restent plus difficiles \u00e0 traverser.<\/p>\n","protected":false},"excerpt":{"rendered":"Selon plusieurs sources royales, la princesse de Galles aurait \u00e9t\u00e9 profond\u00e9ment d\u00e9stabilis\u00e9e par les nombreuses critiques en ligne&hellip;\n","protected":false},"author":2,"featured_media":409846,"comment_status":"","ping_status":"","sticky":false,"template":"","format":"standard","meta":{"footnotes":""},"categories":[1588],"tags":[11,970,1777,674,5858,12,473,1853,1851,1850,1852],"class_list":{"0":"post-409845","1":"post","2":"type-post","3":"status-publish","4":"format-standard","5":"has-post-thumbnail","7":"category-royaume-uni","8":"tag-actualites","9":"tag-aristo-co","10":"tag-eu","11":"tag-europe","12":"tag-kate-middleton","13":"tag-news","14":"tag-royaume-uni","15":"tag-royaume-uni-de-grande-bretagne-et-dirlande-du-nord","16":"tag-uk","17":"tag-united-kingdom","18":"tag-united-kingdom-of-great-britain-and-northern-ireland"},"share_on_mastodon":{"url":"https:\/\/pubeurope.com\/@fr\/115248857353685914","error":""},"_links":{"self":[{"href":"https:\/\/www.europesays.com\/fr\/wp-json\/wp\/v2\/posts\/409845","targetHints":{"allow":["GET"]}}],"collection":[{"href":"https:\/\/www.europesays.com\/fr\/wp-json\/wp\/v2\/posts"}],"about":[{"href":"https:\/\/www.europesays.com\/fr\/wp-json\/wp\/v2\/types\/post"}],"author":[{"embeddable":true,"href":"https:\/\/www.europesays.com\/fr\/wp-json\/wp\/v2\/users\/2"}],"replies":[{"embeddable":true,"href":"https:\/\/www.europesays.com\/fr\/wp-json\/wp\/v2\/comments?post=409845"}],"version-history":[{"count":0,"href":"https:\/\/www.europesays.com\/fr\/wp-json\/wp\/v2\/posts\/409845\/revisions"}],"wp:featuredmedia":[{"embeddable":true,"href":"https:\/\/www.europesays.com\/fr\/wp-json\/wp\/v2\/media\/409846"}],"wp:attachment":[{"href":"https:\/\/www.europesays.com\/fr\/wp-json\/wp\/v2\/media?parent=409845"}],"wp:term":[{"taxonomy":"category","embeddable":true,"href":"https:\/\/www.europesays.com\/fr\/wp-json\/wp\/v2\/categories?post=409845"},{"taxonomy":"post_tag","embeddable":true,"href":"https:\/\/www.europesays.com\/fr\/wp-json\/wp\/v2\/tags?post=409845"}],"curies":[{"name":"wp","href":"https:\/\/api.w.org\/{rel}","templated":true}]}}