{"id":409862,"date":"2025-09-22T16:29:48","date_gmt":"2025-09-22T16:29:48","guid":{"rendered":"https:\/\/www.europesays.com\/fr\/409862\/"},"modified":"2025-09-22T16:29:48","modified_gmt":"2025-09-22T16:29:48","slug":"fbk-sollicite-le-soutien-de-la-fiba-europe","status":"publish","type":"post","link":"https:\/\/www.europesays.com\/fr\/409862\/","title":{"rendered":"FBK sollicite le soutien de la FIBA \u200b\u200bEurope"},"content":{"rendered":"<p>                                                FBK sollicite le soutien de la FIBA \u200b\u200bEurope                    <\/p>\n<p>                        <img decoding=\"async\" src=\"https:\/\/www.europesays.com\/fr\/wp-content\/uploads\/2025\/09\/image_2_1vsLq-600x360.jpg\" alt=\"\"\/><\/p>\n<p>                            <img decoding=\"async\" src=\"https:\/\/www.europesays.com\/fr\/wp-content\/uploads\/2025\/09\/1758558588_941_express-logo-author-96x96.png\" alt=\"\"\/><\/p>\n<p>                        Gazeta Express<br \/>\n                        29\/04\/2020 13:49<\/p>\n<p>Lors de la r\u00e9union d&rsquo;aujourd&rsquo;hui avec le pr\u00e9sident de la FIBA \u200b\u200bEurope, Turgay Demirel, les vice-pr\u00e9sidents Jean Pierre Siutat, Carmen Tocala et John Goncalves, le pr\u00e9sident de la F\u00e9d\u00e9ration de basket-ball du Kosovo (FBK), Arben Fetahu, a rendu compte de la situation actuelle du basket-ball local, de l&rsquo;annulation et de la suspension des comp\u00e9titions, des probl\u00e8mes actuels et potentiels auxquels seront confront\u00e9s les acteurs de la sph\u00e8re du basket-ball, et a pr\u00e9sent\u00e9 ses id\u00e9es concernant un \u00e9ventuel soutien de l&rsquo;organisation mondiale de basket-ball pendant la phase de reprise apr\u00e8s les effets de la pand\u00e9mie de COVID-19.<\/p>\n<p>Informant les dirigeants de la FIBA \u200b\u200bEurope de trois processus strat\u00e9giques et structurels importants dans lesquels la FBK est actuellement engag\u00e9e &#8211; l&rsquo;\u00e9laboration de la strat\u00e9gie de d\u00e9veloppement du basket-ball, la cr\u00e9ation du syst\u00e8me \u00e9ducatif et la d\u00e9termination des crit\u00e8res d&rsquo;octroi de licences aux entra\u00eeneurs de basket-ball, et la d\u00e9termination des crit\u00e8res d&rsquo;octroi de licences aux \u00e9coles de basket-ball dans notre pays, le pr\u00e9sident Fetahu a demand\u00e9 le soutien de la FIBA \u200b\u200bEurope pour ces processus.<\/p>\n<p>En termes de r\u00e9cup\u00e9ration technique et des joueurs, notamment pour les jeunes basketteurs qui ne participeront pas aux Championnats d&rsquo;Europe cette ann\u00e9e, la n\u00e9cessit\u00e9 d&rsquo;organiser des tournois nationaux ou internationaux, ou diverses comp\u00e9titions pour eux, a \u00e9t\u00e9 soulign\u00e9e.<\/p>\n<p>Par ailleurs, consid\u00e9rant l\u2019importance de poursuivre les comp\u00e9titions de basket-ball pendant l\u2019\u00e9t\u00e9, dans des conditions o\u00f9 un retour aux gymnases ferm\u00e9s pourrait ne pas \u00eatre autoris\u00e9, le pr\u00e9sident Fetahu a soulign\u00e9 l\u2019importance de soutenir le basket-ball 3\u00d73 pendant la p\u00e9riode entre les deux saisons, recevant des engagements des dirigeants europ\u00e9ens du basket-ball pour envisager la possibilit\u00e9 de soutenir les activit\u00e9s dans cette discipline de basket-ball.<\/p>\n<p>Des d\u00e9cisions importantes pour le basketball europ\u00e9en devraient \u00eatre annonc\u00e9es apr\u00e8s la r\u00e9union du Comit\u00e9 ex\u00e9cutif de la FIBA \u200b\u200bEurope, qui se tiendra le 11 mai 2020. Parmi celles-ci figurent le soutien aux f\u00e9d\u00e9rations nationales et \u00e0 leurs activit\u00e9s individuelles pendant la p\u00e9riode de reprise post-COVID-19. La feuille de route post-COVID-19 de la FIBA \u200b\u200bdevrait \u00eatre publi\u00e9e d&rsquo;ici la mi-mai 2020.<\/p>\n","protected":false},"excerpt":{"rendered":"FBK sollicite le soutien de la FIBA \u200b\u200bEurope Gazeta Express 29\/04\/2020 13:49 Lors de la r\u00e9union d&rsquo;aujourd&rsquo;hui avec&hellip;\n","protected":false},"author":2,"featured_media":409863,"comment_status":"","ping_status":"","sticky":false,"template":"","format":"standard","meta":{"footnotes":""},"categories":[1414],"tags":[54109,1465,1464,54110,54111,1011,27,60],"class_list":{"0":"post-409862","1":"post","2":"type-post","3":"status-publish","4":"format-standard","5":"has-post-thumbnail","7":"category-basket","8":"tag-arben-fetahou","9":"tag-basket","10":"tag-basketball","11":"tag-fbk","12":"tag-fiba-europe","13":"tag-fr","14":"tag-france","15":"tag-sports"},"share_on_mastodon":{"url":"https:\/\/pubeurope.com\/@fr\/115248905376005431","error":""},"_links":{"self":[{"href":"https:\/\/www.europesays.com\/fr\/wp-json\/wp\/v2\/posts\/409862","targetHints":{"allow":["GET"]}}],"collection":[{"href":"https:\/\/www.europesays.com\/fr\/wp-json\/wp\/v2\/posts"}],"about":[{"href":"https:\/\/www.europesays.com\/fr\/wp-json\/wp\/v2\/types\/post"}],"author":[{"embeddable":true,"href":"https:\/\/www.europesays.com\/fr\/wp-json\/wp\/v2\/users\/2"}],"replies":[{"embeddable":true,"href":"https:\/\/www.europesays.com\/fr\/wp-json\/wp\/v2\/comments?post=409862"}],"version-history":[{"count":0,"href":"https:\/\/www.europesays.com\/fr\/wp-json\/wp\/v2\/posts\/409862\/revisions"}],"wp:featuredmedia":[{"embeddable":true,"href":"https:\/\/www.europesays.com\/fr\/wp-json\/wp\/v2\/media\/409863"}],"wp:attachment":[{"href":"https:\/\/www.europesays.com\/fr\/wp-json\/wp\/v2\/media?parent=409862"}],"wp:term":[{"taxonomy":"category","embeddable":true,"href":"https:\/\/www.europesays.com\/fr\/wp-json\/wp\/v2\/categories?post=409862"},{"taxonomy":"post_tag","embeddable":true,"href":"https:\/\/www.europesays.com\/fr\/wp-json\/wp\/v2\/tags?post=409862"}],"curies":[{"name":"wp","href":"https:\/\/api.w.org\/{rel}","templated":true}]}}