{"id":409866,"date":"2025-09-22T16:31:22","date_gmt":"2025-09-22T16:31:22","guid":{"rendered":"https:\/\/www.europesays.com\/fr\/409866\/"},"modified":"2025-09-22T16:31:22","modified_gmt":"2025-09-22T16:31:22","slug":"motogp-gunther-steiner-est-il-le-premier-dune-serie-a-suivre-plusieurs-pilotes-de-formule-1-tentent-de-percer-en-motogp","status":"publish","type":"post","link":"https:\/\/www.europesays.com\/fr\/409866\/","title":{"rendered":"MotoGP : G\u00fcnther Steiner est-il le premier d\u2019une s\u00e9rie \u00e0 suivre ? \u00ab\u00a0Plusieurs pilotes de Formule 1 tentent de percer en MotoGP\u00a0\u00bb"},"content":{"rendered":"<p><strong>C\u2019est une r\u00e9v\u00e9lation qui va \u00e9lectriser les deux<br \/>\npaddocks. G\u00fcnther Steiner, l\u2019homme qui a os\u00e9 quitter la Formule 1<br \/>\npour racheter l\u2019\u00e9quipe Tech3 en MotoGP, l\u00e2che une bombe : Max<br \/>\nVerstappen et Lewis Hamilton ont s\u00e9rieusement tent\u00e9 de faire le<br \/>\nm\u00eame saut avant lui ! Dans un entretien exclusif, le futur boss de<br \/>\nTech3 l\u00e8ve le voile sur les coulisses de son arriv\u00e9e fracassante et<br \/>\nles ambitions cach\u00e9es des plus grandes stars de la F1.<\/strong><\/p>\n<p>G\u00fcnther Steiner, figure bien connue de la Formule 1, deviendra<br \/>\nen 2026 le nouveau PDG et copropri\u00e9taire de l\u2019\u00e9quipe Tech3 Racing,<br \/>\nrachet\u00e9e \u00e0 Herv\u00e9 Poncharal avec l\u2019appui d\u2019un consortium. Une<br \/>\narriv\u00e9e qui intrigue et qui marque la premi\u00e8re incursion d\u2019un<br \/>\npatron d\u2019\u00e9curie de F1 dans le monde du MotoGP.<\/p>\n<p>Interrog\u00e9 par <a href=\"https:\/\/www.speedweek.com\/motogp\/news\/241145\/Steiners-Tech3-Einstieg-Ueberraschungseffekt.html\" target=\"_blank\" rel=\"noopener\"><br \/>\nSpeedweek<\/a>, <strong>Steiner<\/strong> raconte avoir re\u00e7u un flot<br \/>\nde r\u00e9actions inattendues de son \u00ab ancien monde \u00bb :<\/p>\n<p>\u00ab Les r\u00e9actions du monde de la Formule 1 ont \u00e9t\u00e9 plut\u00f4t<br \/>\nsurprenantes. Plusieurs pilotes de Formule 1 tentent de percer en<br \/>\nMotoGP. Quand on est le premier \u00e0 r\u00e9ussir et que les autres n\u2019y<br \/>\nparviennent pas vraiment, on se demande parfois : <strong>Pourquoi<br \/>\ntoi et pas nous ?\u201d<\/strong> Mais pas de mani\u00e8re n\u00e9gative. C\u2019\u00e9tait<br \/>\nplut\u00f4t une surprise. \u00bb<\/p>\n<p>Le Sud-Tyrolien fait allusion \u00e0 <strong>Lewis Hamilton<\/strong>,<br \/>\nd\u00e9sormais pilote Ferrari, et <strong>Max Verstappen<\/strong>,<br \/>\nchampion du monde Red Bull, tous deux s\u00e9duits par l\u2019id\u00e9e d\u2019un<br \/>\npassage vers le MotoGP. <strong>Hamilton<\/strong> avait discut\u00e9<br \/>\nd\u2019un projet avec <strong>Gresini<\/strong>, sans succ\u00e8s. Quant \u00e0<br \/>\n<strong>Verstappen<\/strong>, son entourage a laiss\u00e9 filtrer un<br \/>\nint\u00e9r\u00eat similaire, m\u00eame si aucune d\u00e9marche concr\u00e8te n\u2019a suivi.<\/p>\n<p>\u00ab Quand je verrai Jos (Verstappen, le p\u00e8re de Max) \u00e0 Austin,<br \/>\nil dira certainement quelque chose \u00bb, glisse<br \/>\n<strong>Steiner<\/strong> avec malice.<\/p>\n<p>Le rachat a \u00e9t\u00e9 officialis\u00e9 d\u00e9but septembre, mais des signaux<br \/>\nexistaient depuis plusieurs mois. Fin mai, <strong>Steiner<\/strong><br \/>\navait \u00e9t\u00e9 aper\u00e7u dans le paddock de <strong>Silverstone<\/strong>,<br \/>\nalors que la <a href=\"https:\/\/www.paddock-gp.com\/motogp-fabio-quartararo-sinspire-de-la-formule-1-pour-revolutionner-yamaha\/\" target=\"_blank\" rel=\"noopener\"><br \/>\n<strong>Formule 1<\/strong><\/a> se disputait \u00e0<br \/>\n<strong>Monaco<\/strong>. Une pr\u00e9sence remarqu\u00e9e, interpr\u00e9t\u00e9e<br \/>\nr\u00e9trospectivement comme le signe d\u2019une n\u00e9gociation d\u00e9j\u00e0 bien<br \/>\navanc\u00e9e.<\/p>\n<p><img loading=\"lazy\" decoding=\"async\" class=\"aligncenter\" src=\"https:\/\/www.europesays.com\/fr\/wp-content\/uploads\/2025\/09\/lewis-hamilton-ferrari-5-ansa.jpg\" alt=\"Ferrari, que t'est-il arriv\u00e9 ? Hamilton court pour Mercedes, Leclerc pourrait dire adieu \u00e0 Maranello. Et le seul bilan \u00e0 venir est n\u00e9gatif.\" width=\"1191\" height=\"623\"\/><\/p>\n<p>\u00ab <strong>On a commenc\u00e9 \u00e0 s\u2019en<br \/>\nrendre compte. Quelque chose se tramait<\/strong> <strong>\u00bb,<br \/>\nadmet<\/strong> <strong>Steiner<\/strong>.<\/p>\n<p>Ce passage du quatre au deux roues n\u2019est pas anodin. Il illustre<br \/>\nla volont\u00e9 de <strong>Steiner<\/strong> de sortir du carcan d\u2019un<br \/>\npaddock ultra-concentr\u00e9 et parfois \u00e9touffant : \u00ab je pense avoir<br \/>\n\u00e9t\u00e9 le premier, en Formule 1, \u00e0 comprendre qu\u2019il existe des<br \/>\nalternatives, au-del\u00e0 de la Formule 1 \u00bb, affirme-t-il.<\/p>\n<p>En devenant copropri\u00e9taire et patron de <a href=\"https:\/\/www.paddock-gp.com\/motogp-apres-steiner-verstappen-la-rumeur-qui-enflamme-le-paddock\/\" target=\"_blank\" rel=\"noopener\"><br \/>\n<strong>Tech3<\/strong><\/a>, Steiner ouvre une br\u00e8che : celle d\u2019une<br \/>\nnouvelle g\u00e9n\u00e9ration de dirigeants de la F1 qui envisagent d\u2019\u00e9largir<br \/>\nleur champ d\u2019action. Son arriv\u00e9e en MotoGP, avec l\u2019aura m\u00e9diatique<br \/>\nqu\u2019il tra\u00eene depuis son parcours tumultueux en F1, est autant une<br \/>\ncuriosit\u00e9 strat\u00e9gique qu\u2019un signal politique pour le paddock des<br \/>\nGrands Prix.<\/p>\n<p>Les r\u00e9v\u00e9lations de Steiner dessinent une nouvelle g\u00e9opolitique<br \/>\ndes sports m\u00e9caniques. Le MotoGP n\u2019est plus un monde \u00e0 part mais<br \/>\nune destination convoit\u00e9e par l\u2019\u00e9lite de la F1. Les ponts entre les<br \/>\ndeux disciplines sont en train de se construire \u00e0 haut niveau<\/p>\n<p>L\u2019arriv\u00e9e de <strong>Steiner<\/strong> n\u2019est que le d\u00e9but d\u2019un<br \/>\nmouvement qui pourrait voir d\u2019autres figures cl\u00e9s de la F1 migrer<br \/>\nvers les deux roues. La transition de <strong>G\u00fcnther<br \/>\nSteiner<\/strong> n\u2019est donc pas un simple fait isol\u00e9, mais le signe<br \/>\navant-coureur d\u2019une r\u00e9volution bien plus large : celle de la<br \/>\nconvergence entre les deux plus grands championnats du monde<br \/>\nm\u00e9canique. Le paddock MotoGP ne sera plus jamais le m\u00eame.<\/p>\n<p><img decoding=\"async\" class=\"aligncenter\" src=\"https:\/\/www.europesays.com\/fr\/wp-content\/uploads\/2025\/09\/9eed705a90a44b5cbc9cd1e701bbc214.jpg\" alt=\"G\u00fcnther Steiner sera PDG de Tech3 \u00e0 partir de 2026\"\/><\/p>\n","protected":false},"excerpt":{"rendered":"C\u2019est une r\u00e9v\u00e9lation qui va \u00e9lectriser les deux paddocks. G\u00fcnther Steiner, l\u2019homme qui a os\u00e9 quitter la Formule&hellip;\n","protected":false},"author":2,"featured_media":409867,"comment_status":"","ping_status":"","sticky":false,"template":"","format":"standard","meta":{"footnotes":""},"categories":[1412],"tags":[1451,1452,1453,1454,1455,1011,27,60],"class_list":{"0":"post-409866","1":"post","2":"type-post","3":"status-publish","4":"format-standard","5":"has-post-thumbnail","7":"category-f1","8":"tag-f1","9":"tag-formula-1","10":"tag-formula1","11":"tag-formule-1","12":"tag-formule1","13":"tag-fr","14":"tag-france","15":"tag-sports"},"share_on_mastodon":{"url":"https:\/\/pubeurope.com\/@fr\/115248908518973587","error":""},"_links":{"self":[{"href":"https:\/\/www.europesays.com\/fr\/wp-json\/wp\/v2\/posts\/409866","targetHints":{"allow":["GET"]}}],"collection":[{"href":"https:\/\/www.europesays.com\/fr\/wp-json\/wp\/v2\/posts"}],"about":[{"href":"https:\/\/www.europesays.com\/fr\/wp-json\/wp\/v2\/types\/post"}],"author":[{"embeddable":true,"href":"https:\/\/www.europesays.com\/fr\/wp-json\/wp\/v2\/users\/2"}],"replies":[{"embeddable":true,"href":"https:\/\/www.europesays.com\/fr\/wp-json\/wp\/v2\/comments?post=409866"}],"version-history":[{"count":0,"href":"https:\/\/www.europesays.com\/fr\/wp-json\/wp\/v2\/posts\/409866\/revisions"}],"wp:featuredmedia":[{"embeddable":true,"href":"https:\/\/www.europesays.com\/fr\/wp-json\/wp\/v2\/media\/409867"}],"wp:attachment":[{"href":"https:\/\/www.europesays.com\/fr\/wp-json\/wp\/v2\/media?parent=409866"}],"wp:term":[{"taxonomy":"category","embeddable":true,"href":"https:\/\/www.europesays.com\/fr\/wp-json\/wp\/v2\/categories?post=409866"},{"taxonomy":"post_tag","embeddable":true,"href":"https:\/\/www.europesays.com\/fr\/wp-json\/wp\/v2\/tags?post=409866"}],"curies":[{"name":"wp","href":"https:\/\/api.w.org\/{rel}","templated":true}]}}