{"id":409872,"date":"2025-09-22T16:34:12","date_gmt":"2025-09-22T16:34:12","guid":{"rendered":"https:\/\/www.europesays.com\/fr\/409872\/"},"modified":"2025-09-22T16:34:12","modified_gmt":"2025-09-22T16:34:12","slug":"cyril-hanouna-fait-il-toujours-de-la-politique-dans-son-show","status":"publish","type":"post","link":"https:\/\/www.europesays.com\/fr\/409872\/","title":{"rendered":"Cyril Hanouna fait-il toujours de la politique dans son show\u00a0?"},"content":{"rendered":"<p>Le changement, c\u2019est maintenant dans \u00ab\u00a0Tout beau, tout n9uf\u00a0\u00bb, sur <a href=\"https:\/\/www.20minutes.fr\/dossier\/w9\" class=\"c-link c-link--is-underlined\" target=\"_blank\" rel=\"noopener\">W9<\/a>\u00a0? D\u00e8s l\u2019annonce de l\u2019arriv\u00e9e de <a href=\"https:\/\/www.20minutes.fr\/arts-stars\/television\/cyril_hanouna\/\" class=\"c-link c-link--is-underlined\" target=\"_blank\" rel=\"noopener\">Cyril Hanouna<\/a> et de sa bande, transfuges de <a href=\"https:\/\/www.20minutes.fr\/television\/c8\/\" class=\"c-link c-link--is-underlined\" target=\"_blank\" rel=\"noopener\">C8<\/a>, de nombreux salari\u00e9s du groupe M6 s\u2019\u00e9taient inqui\u00e9t\u00e9s des d\u00e9rapages de l\u2019animateur qui pourraient \u00e9corner l\u2019image du m\u00e9dia. Apr\u00e8s tout, c\u2019est en grand epartie \u00e0 cause des amendes d\u2019Hanouna que C8 a \u00e9t\u00e9 ferm\u00e9 par l\u2019Arcom\u2026<\/p>\n<p>Pour att\u00e9nuer les doutes, la direction de <a href=\"https:\/\/www.20minutes.fr\/dossier\/m6\" class=\"c-link c-link--is-underlined\" target=\"_blank\" rel=\"noopener\">M6<\/a> avait assur\u00e9 que le nouveau programme de Cyril Hanouna serait \u00ab\u00a0apolitique et sans conflits\u00a0\u00bb et tourn\u00e9e vers le divertissement, sans traitement des faits divers notamment. Trois semaines apr\u00e8s sa naissance sur W9, qu\u2019en est-il de l\u2019expression et du traitement politique dans \u00ab\u00a0TBT9\u00a0\u00bb\u00a0?<\/p>\n<p>\u00ab\u00a0On aurait d\u00fb garder Gabriel Attal\u00a0\u00bb<\/p>\n<p>D\u2019embl\u00e9e, la liste des <a href=\"https:\/\/www.20minutes.fr\/arts-stars\/television\/4170205-20250830-tout-beau-tout-neuf-w9-nouveaux-chroniqueurs-cyril-hanouna\" class=\"c-link c-link--is-underlined\" target=\"_blank\" rel=\"noopener\">nouvelles recrues<\/a> annonc\u00e9es de Cyril Hanouna laissait planer un parfum de <a href=\"https:\/\/www.20minutes.fr\/politique\/\" class=\"c-link c-link--is-underlined\" target=\"_blank\" rel=\"noopener\">politique<\/a>. Parmi elles, <a href=\"https:\/\/www.20minutes.fr\/politique\/marlene-schiappa\/\" class=\"c-link c-link--is-underlined\" target=\"_blank\" rel=\"noopener\">Marl\u00e8ne Schiappa<\/a> (ex-Secr\u00e9taire d\u2019\u00c9tat), Shana Loustau et Olivier Dartigolles, ex-visages de <a href=\"https:\/\/www.20minutes.fr\/medias\/cnews\/\" class=\"c-link c-link--is-underlined\" target=\"_blank\" rel=\"noopener\">CNews<\/a> ou encore Amaury Bucco, journaliste \u00e0 Valeurs actuelles. Et, d\u00e8s le premier num\u00e9ro de \u00ab\u00a0Tout beau, tout n9uf\u00a0\u00bb, les t\u00e9l\u00e9spectateurs ont pu observer que la chose politique \u00e9tait bien pr\u00e9sente.<\/p>\n<p>Elle a surgi dans la chronique intitul\u00e9e \u00ab\u00a0Shana actu\u00a0\u00bb, qui s\u2019\u00e9tait ouverte sur un discours de <a href=\"https:\/\/www.20minutes.fr\/politique\/francois_bayrou\/\" class=\"c-link c-link--is-underlined\" target=\"_blank\" rel=\"noopener\">Fran\u00e7ois Bayrou<\/a>, suscitant un d\u00e9bat anim\u00e9. La chroniqueuse G\u00e9raldine Maillet avait alors d\u00e9nonc\u00e9 une \u00ab\u00a0piscine de d\u00e9magogie\u00a0\u00bb de la part du Premier ministre de l\u2019\u00e9poque. Cyril Hanouna s\u2019\u00e9tait, pour sa part, fendu d\u2019un\u00a0: \u00ab\u00a0On aurait d\u00fb garder Gabriel Attal.\u00a0\u00bb Un d\u00e9bat est lanc\u00e9\u00a0: \u00ab\u00a0Fran\u00e7ois Bayrou d\u00e9clare que ce sont les Fran\u00e7ais qui d\u00e9pensent l\u2019argent public\u00a0: \u00eates-vous d\u2019accord\u00a0?\u00a0\u00bb. <a href=\"https:\/\/www.20minutes.fr\/television\/gilles-verdez\/\" class=\"c-link c-link--is-underlined\" target=\"_blank\" rel=\"noopener\">Gilles Verdez<\/a>, fid\u00e8le de Cyril Hanouna et ex de \u00ab\u00a0TPMP\u00a0\u00bb, a exprim\u00e9 sa col\u00e8re, alors que le reste du plateau \u00e9tait \u00e0 l\u2019unisson contre la d\u00e9claration de l\u2019ex-<a href=\"https:\/\/www.20minutes.fr\/dossier\/premier_ministre\" class=\"c-link c-link--is-underlined\" target=\"_blank\" rel=\"noopener\">Premier ministre<\/a>. Le pr\u00e9sentateur de \u00ab\u00a0Tout beau, tout n9uf\u00a0\u00bb en a profit\u00e9 pour glisser qu\u2019il ne croyait pas \u00e0 une dissolution.<\/p>\n<p>Macron, \u00ab\u00a0\u00e7a fait huit ans qu\u2019il ne bosse pas\u00a0\u00bb<\/p>\n<p>Le sujet politique \u00e9tait, \u00e0 nouveau, au menu de \u00ab\u00a0Tout beau, tout n9uf\u00a0\u00bb, en deuxi\u00e8me semaine. Le 9 septembre, l\u2019animateur de \u00ab\u00a0Y\u2019a que la v\u00e9rit\u00e9 qui compte\u00a0\u00bb Laurent Fontaine a parl\u00e9, autour de la table, d\u2019un pr\u00e9sident de la R\u00e9publique, <a href=\"https:\/\/www.20minutes.fr\/politique\/emmanuel-macron\/\" class=\"c-link c-link--is-underlined\" target=\"_blank\" rel=\"noopener\">Emmanuel Macron<\/a>, qui serait \u00ab\u00a0dans son bureau\u00a0\u00bb. Une d\u00e9claration du nouveau chroniqueur qui a fait vivement r\u00e9agir\u2026 Cyril Hanouna. \u00ab\u00a0Non, mais dans son bureau, on n\u2019est pas au Cluedo, l\u00e0 [\u2026], a-t-il lanc\u00e9. Il [Emmanuel Macron] a raison de parler dans son bureau. \u00c7a fait huit ans qu\u2019il ne bosse pas, il peut faire une journ\u00e9e dans son bureau pour trouver un Premier ministre\u00a0!\u00a0\u00bb.<\/p>\n<p>Histoire de couper court \u00e0 la prise de parole de son \u00ab\u00a0patron\u00a0\u00bb, Gilles Verdez a d\u00e9clar\u00e9\u00a0: \u00ab\u00a0Vous \u00eates en forme, l\u00e0\u2026\u00a0\u00bb. Cyril Hanouna lui a r\u00e9pondu, t\u00e9moignant dans la foul\u00e9e de son agacement apr\u00e8s des audiences d\u00e9cevantes de son \u00e9mission de la veille.<\/p>\n<p>Aurore Berg\u00e9 \u00ab\u00a0a envie de baiser\u00a0\u00bb<\/p>\n<p>En troisi\u00e8me semaine, le d\u00e9rapage s\u2019est invit\u00e9 sur \u00ab\u00a0Tout beau, tout n9euf\u00a0\u00bb. Cyril Hanouna accueillait, sur son plateau, l\u2019influenceur AD Laurent. Ce dernier a d\u00e9nonc\u00e9 la suspension de son compte <a href=\"https:\/\/www.20minutes.fr\/high-tech\/tiktok\/\" class=\"c-link c-link--is-underlined\" target=\"_blank\" rel=\"noopener\">TikTok<\/a> apr\u00e8s un signalement de la ministre d\u00e9l\u00e9gu\u00e9e sortante \u00e0 l\u2019\u00c9galit\u00e9 femmes-hommes, <a href=\"https:\/\/www.20minutes.fr\/politique\/aurore-berge\/\" class=\"c-link c-link--is-underlined\" target=\"_blank\" rel=\"noopener\">Aurore Berg\u00e9<\/a>. \u00ab\u00a0C\u2019est la pire injustice que j\u2019ai v\u00e9cue dans ma carri\u00e8re [\u2026], d\u00e9plorait-il. Elle a un r\u00e9el probl\u00e8me avec moi, c\u2019est \u00e0 charge contre moi.\u00a0\u00bb<\/p>\n<blockquote class=\"mx-m@xs mx-xxl@md color-ultramarine c-citation\">\n<p class=\"font-weight-regular@xs text-italic font-source-serif-pro text-l@xs c-citation__content\">\u00ab\u00a0M6 souhaite qu\u2019on fasse moins de politique chaude, d\u2019engueulades, de d\u00e9bats extr\u00eamement complexes o\u00f9 c\u2019est tr\u00e8s tendu.\u00a0\u00bb<\/p>\n<\/blockquote>\n<p>C\u2019est alors que Jean-Marie Bigard l\u2019a interrompu. \u00ab\u00a0Elle [Aurore Berg\u00e9] a envie de baiser\u00a0\u00bb, a lanc\u00e9 l\u2019humoriste. Face \u00e0 cette outrance, Cyril Hanouna est intervenu\u00a0: \u00ab\u00a0Ah non, en plus, c\u2019est une amie Aurore Berg\u00e9, en vrai, elle est hyper sympa.\u00a0\u00bb \u00ab\u00a0Pardon, Aurore\u00a0!\u00a0\u00bb, s\u2019est alors exclam\u00e9 Jean-Marie Bigard, avant de d\u00e9clarer\u00a0: \u00ab\u00a0Je n\u2019ai rien contre cette connasse.\u00a0\u00bb<\/p>\n<p>\u00ab\u00a0Cyril continuera de parler de l\u2019actualit\u00e9 politique\u00a0\u00bb<\/p>\n<p>Apr\u00e8s seulement trois semaines de pr\u00e9sence \u00e0 l\u2019antenne de \u00ab\u00a0TBT9\u00a0\u00bb, la question du \u00ab\u00a0pur divertissement, sans politique\u00a0\u00bb, annonc\u00e9e par le board du groupe M6, ne semble plus se poser. Laurent Fontaine, qui a vu son \u00e9mission \u00ab\u00a0Y\u2019a que la v\u00e9rit\u00e9 qui compte\u00a0\u00bb pass\u00e9e sur W9, a tenu \u00e0 faire une mise au point, la semaine derni\u00e8re, sur les coulisses du nouveau talk-show de Cyril Hanouna.<\/p>\n<p>\u00ab\u00a0Attention au fantasme, il n\u2019y a pas de ligne qui aurait \u00e9t\u00e9 impos\u00e9e, a pr\u00e9venu le chroniqueur au <a href=\"https:\/\/podcasts.lefigaro.fr\/le-figaro-le-buzz-tv\/202509151600-laurent-fontaine\" target=\"_blank\" class=\"c-link c-link--is-underlined\" rel=\"noopener\">BuzzTV du Figaro<\/a>. M6 souhaite qu\u2019on fasse moins de politique chaude, d\u2019engueulades, de d\u00e9bats extr\u00eamement complexes o\u00f9 c\u2019est tr\u00e8s tendu [\u2026]. Mais, en tout cas, Cyril [Hanouna] continuera \u00e0 parler de l\u2019actualit\u00e9 politique, comme il parle de faits divers ou de beaucoup de sujets de soci\u00e9t\u00e9.\u00a0\u00bb<\/p>\n<\/p>\n<p>Avant de conclure\u00a0: \u00ab\u00a0La ligne au d\u00e9part n\u2019est pas politique, mais on en parle. Quand [S\u00e9bastien] Lecornu est nomm\u00e9 [Premier ministre], on en parle. Quand [Fran\u00e7ois] Bayrou d\u00e9missionne, on en parle. Et quand la France est bloqu\u00e9e, on en parle.\u00a0\u00bb Chacun se fera son avis.<\/p>\n","protected":false},"excerpt":{"rendered":"Le changement, c\u2019est maintenant dans \u00ab\u00a0Tout beau, tout n9uf\u00a0\u00bb, sur W9\u00a0? D\u00e8s l\u2019annonce de l\u2019arriv\u00e9e de Cyril Hanouna&hellip;\n","protected":false},"author":2,"featured_media":409873,"comment_status":"","ping_status":"","sticky":false,"template":"","format":"standard","meta":{"footnotes":""},"categories":[1359],"tags":[1083,58,59,1011,27,16181,33875,973,252,49425,2395],"class_list":{"0":"post-409872","1":"post","2":"type-post","3":"status-publish","4":"format-standard","5":"has-post-thumbnail","7":"category-people","8":"tag-cyril-hanouna","9":"tag-divertissement","10":"tag-entertainment","11":"tag-fr","12":"tag-france","13":"tag-gilles-verdez","14":"tag-marlene-schiappa","15":"tag-people","16":"tag-television","17":"tag-tout-beau-tout-n9uf","18":"tag-w9"},"share_on_mastodon":{"url":"https:\/\/pubeurope.com\/@fr\/115248920336572687","error":""},"_links":{"self":[{"href":"https:\/\/www.europesays.com\/fr\/wp-json\/wp\/v2\/posts\/409872","targetHints":{"allow":["GET"]}}],"collection":[{"href":"https:\/\/www.europesays.com\/fr\/wp-json\/wp\/v2\/posts"}],"about":[{"href":"https:\/\/www.europesays.com\/fr\/wp-json\/wp\/v2\/types\/post"}],"author":[{"embeddable":true,"href":"https:\/\/www.europesays.com\/fr\/wp-json\/wp\/v2\/users\/2"}],"replies":[{"embeddable":true,"href":"https:\/\/www.europesays.com\/fr\/wp-json\/wp\/v2\/comments?post=409872"}],"version-history":[{"count":0,"href":"https:\/\/www.europesays.com\/fr\/wp-json\/wp\/v2\/posts\/409872\/revisions"}],"wp:featuredmedia":[{"embeddable":true,"href":"https:\/\/www.europesays.com\/fr\/wp-json\/wp\/v2\/media\/409873"}],"wp:attachment":[{"href":"https:\/\/www.europesays.com\/fr\/wp-json\/wp\/v2\/media?parent=409872"}],"wp:term":[{"taxonomy":"category","embeddable":true,"href":"https:\/\/www.europesays.com\/fr\/wp-json\/wp\/v2\/categories?post=409872"},{"taxonomy":"post_tag","embeddable":true,"href":"https:\/\/www.europesays.com\/fr\/wp-json\/wp\/v2\/tags?post=409872"}],"curies":[{"name":"wp","href":"https:\/\/api.w.org\/{rel}","templated":true}]}}