{"id":409878,"date":"2025-09-22T16:37:16","date_gmt":"2025-09-22T16:37:16","guid":{"rendered":"https:\/\/www.europesays.com\/fr\/409878\/"},"modified":"2025-09-22T16:37:16","modified_gmt":"2025-09-22T16:37:16","slug":"avant-premiere-jlc-family-seule-saison-08-episode-06-du-23-septembre-2025-jlc-family","status":"publish","type":"post","link":"https:\/\/www.europesays.com\/fr\/409878\/","title":{"rendered":"Avant-premi\u00e8re &#8211; JLC Family : Seule &#8211; Saison 08 Episode 06 du 23 septembre 2025 &#8211; JLC Family"},"content":{"rendered":"<p id=\"descriptionPanel\" class=\"text-secondary mr-2 line-clamp-2 pr-2.5 overflow-visible\">Il est temps pour Jazz de traiter sa blessure. Elle est persuad\u00e9e de s&rsquo;\u00eatre cass\u00e9 les doigts de pieds. Cette blessure va-t-elle mettre en p\u00e9ril le tournage de la saison ? Mais Jazz prend sur elle et emm\u00e8ne les enfants dans la boutique de Justine pour voir la nouvelle collection. Les enfants en profitent pour choisir une nouvelle paire de chaussures ! Apr\u00e8s cette session shopping, Jazz doit pr\u00e9parer sa session podcast avec Julie ! Mais la journ\u00e9e n&rsquo;est pas termin\u00e9e, car elle a pr\u00e9par\u00e9 une autre surprise pour ses enfants ! Apr\u00e8s cette f\u00eate, Jazz se rend compte que tourner le JLC sans Laurent n&rsquo;a pas de sens&#8230; Elle d\u00e9cide donc de faire une pause dans le tournage pour se retrouver avec ses enfants et Laurent. Cette pause permettra-t-elle au tournage de reprendre ? JLC Family : Seule Saison 08 Episode 06<br \/>En savoir plus sur <a class=\"text-white hover:text-blue-500\" href=\"https:\/\/www.tf1.fr\/dossier\/giovanni-prat-47518092\" target=\"_blank\" rel=\"noopener\">Giovanni Prat<\/a>, <a class=\"text-white hover:text-blue-500\" href=\"https:\/\/www.tf1.fr\/dossier\/laurent-correira-93188705\" target=\"_blank\" rel=\"noopener\">Laurent Correia<\/a>, <a class=\"text-white hover:text-blue-500\" href=\"https:\/\/www.tf1.fr\/dossier\/les-enfants-de-la-jlc-03584105\" target=\"_blank\" rel=\"noopener\">Les enfants de la JLC<\/a>, <a class=\"text-white hover:text-blue-500\" href=\"https:\/\/www.tf1.fr\/dossier\/jazz-lcvb-2\" target=\"_blank\" rel=\"noopener\">Jazz Correia<\/a>, <a class=\"text-white hover:text-blue-500\" href=\"https:\/\/www.tf1.fr\/dossier\/olivier-68095120\" target=\"_blank\" rel=\"noopener\">Olivier Piccione<\/a>, <a class=\"text-white hover:text-blue-500\" href=\"https:\/\/www.tf1.fr\/dossier\/justine-pepos-01066412\" target=\"_blank\" rel=\"noopener\">Justine Pepos<\/a> ou <a class=\"text-white hover:text-blue-500\" href=\"https:\/\/www.tf1.fr\/dossier\/sandra-garnier-25925428\" target=\"_blank\" rel=\"noopener\">Sandra Garnier<\/a><\/p>\n<p>Afficher la version longue du r\u00e9sum\u00e9<a class=\"shrink-0\" href=\"https:\/\/www.tf1.fr\/tfx\/jlc-family-lincroyable-ete-de-jazz-et-laurent\" target=\"_blank\" rel=\"noopener\"><img decoding=\"async\" src=\"https:\/\/www.europesays.com\/fr\/wp-content\/uploads\/2025\/09\/program-card-portrait-1-jlc-family-seule-480f5c-52e2e6-0@1x.jpg\" width=\"138\" height=\"184\" alt=\"\" loading=\"eager\" fetchpriority=\"auto\" class=\"rounded-3px aspect-[3\/4] h-24 w-auto\" aria-hidden=\"true\"\/><\/a><\/p>\n","protected":false},"excerpt":{"rendered":"Il est temps pour Jazz de traiter sa blessure. Elle est persuad\u00e9e de s&rsquo;\u00eatre cass\u00e9 les doigts de&hellip;\n","protected":false},"author":2,"featured_media":409879,"comment_status":"","ping_status":"","sticky":false,"template":"","format":"standard","meta":{"footnotes":""},"categories":[1356],"tags":[58,59,1365,12264,52013,43632,1011,27,12266,12265,52014,52019,52023,52012,52020,52024,52017,52016,52021,52022,12268,52018,252,1364,12267,52015],"class_list":{"0":"post-409878","1":"post","2":"type-post","3":"status-publish","4":"format-standard","5":"has-post-thumbnail","7":"category-television","8":"tag-divertissement","9":"tag-entertainment","10":"tag-episode","11":"tag-episode-jlc-family","12":"tag-episode-jlc-family-tfx","13":"tag-episode-tfx","14":"tag-fr","15":"tag-france","16":"tag-jlc-family","17":"tag-jlc-family-episode","18":"tag-jlc-family-episode-tfx","19":"tag-jlc-family-streaming","20":"tag-jlc-family-streaming-gratuit","21":"tag-jlc-family-tfx","22":"tag-jlc-family-tfx-streaming","23":"tag-jlc-family-tfx-streaming-gratuit","24":"tag-jlc-family-tfx-video","25":"tag-jlc-family-video","26":"tag-streaming-gratuit-jlc-family","27":"tag-streaming-gratuit-jlc-family-tfx","28":"tag-streaming-jlc-family","29":"tag-streaming-jlc-family-tfx","30":"tag-television","31":"tag-tv","32":"tag-video-jlc-family","33":"tag-video-jlc-family-tfx"},"share_on_mastodon":{"url":"","error":"Validation failed: Text character limit of 500 exceeded"},"_links":{"self":[{"href":"https:\/\/www.europesays.com\/fr\/wp-json\/wp\/v2\/posts\/409878","targetHints":{"allow":["GET"]}}],"collection":[{"href":"https:\/\/www.europesays.com\/fr\/wp-json\/wp\/v2\/posts"}],"about":[{"href":"https:\/\/www.europesays.com\/fr\/wp-json\/wp\/v2\/types\/post"}],"author":[{"embeddable":true,"href":"https:\/\/www.europesays.com\/fr\/wp-json\/wp\/v2\/users\/2"}],"replies":[{"embeddable":true,"href":"https:\/\/www.europesays.com\/fr\/wp-json\/wp\/v2\/comments?post=409878"}],"version-history":[{"count":0,"href":"https:\/\/www.europesays.com\/fr\/wp-json\/wp\/v2\/posts\/409878\/revisions"}],"wp:featuredmedia":[{"embeddable":true,"href":"https:\/\/www.europesays.com\/fr\/wp-json\/wp\/v2\/media\/409879"}],"wp:attachment":[{"href":"https:\/\/www.europesays.com\/fr\/wp-json\/wp\/v2\/media?parent=409878"}],"wp:term":[{"taxonomy":"category","embeddable":true,"href":"https:\/\/www.europesays.com\/fr\/wp-json\/wp\/v2\/categories?post=409878"},{"taxonomy":"post_tag","embeddable":true,"href":"https:\/\/www.europesays.com\/fr\/wp-json\/wp\/v2\/tags?post=409878"}],"curies":[{"name":"wp","href":"https:\/\/api.w.org\/{rel}","templated":true}]}}