{"id":409894,"date":"2025-09-22T16:45:14","date_gmt":"2025-09-22T16:45:14","guid":{"rendered":"https:\/\/www.europesays.com\/fr\/409894\/"},"modified":"2025-09-22T16:45:14","modified_gmt":"2025-09-22T16:45:14","slug":"pour-se-proteger-des-drones-russes-leurope-se-tourne-vers-lukraine","status":"publish","type":"post","link":"https:\/\/www.europesays.com\/fr\/409894\/","title":{"rendered":"Pour se prot\u00e9ger des drones russes, l\u2019Europe se tourne vers l\u2019Ukraine"},"content":{"rendered":"<p><strong>D\u00c9CRYPTAGE &#8211;<\/strong> Pour construire un \u00ab\u00a0mur antidrones\u00a0\u00bb, l\u2019Union europ\u00e9enne investit dans l\u2019industrie de l\u2019armement ukrainienne, tandis que l\u2019Otan adapte son dispositif de dissuasion en s\u2019appuyant sur l\u2019exp\u00e9rience de Kiev.<\/p>\n<p class=\"fig-paragraph\">Dans la nuit du 9 au 10\u00a0septembre, l\u2019Otan et l\u2019Union europ\u00e9enne \u00e9taient prises de court par\u00a0<a href=\"http:\/\/www.lefigaro.fr\/international\/la-pologne-a-cran-apres-cette-nuit-du-9-septembre-ou-les-drones-russes-l-ont-agressee-20250910\" data-fig-type=\"Article\" data-gtm-custom-categorie=\"navigation\" data-gtm-custom-action=\"crossclick\" data-gtm-custom-label=\"Contextuel\" data-gtm-event=\"customEventSPE\" data-fig-domain=\"LEFIGARO\" target=\"_blank\" rel=\"noopener\">l\u2019incursion d\u2019au moins 19 drones russes<\/a>\u00a0au-dessus de la Pologne. D\u00e8s le lendemain, Volodymyr Zelensky proposait l\u2019aide de l\u2019Ukraine, \u00ab\u00a0sa technologie, sa formation et l\u2019exp\u00e9rience de son renseignement\u00a0\u00bb, avertissant que l\u2019Europe devait se pr\u00e9parer \u00e0 affronter des \u00ab\u00a0centaines de drones\u00a0\u00bb, comme son pays, et non plus des dizaines. \u00ab\u00a0Seules des forces europ\u00e9ennes communes peuvent fournir une protection\u00a0\u00bb, ajoutait-il. Apr\u00e8s trois ans et demi de\u00a0<a href=\"http:\/\/www.lefigaro.fr\/international\/ukraine-prete-a-donner-des-garanties-de-securite-l-europe-suspendue-a-l-engagement-americain-20250902\" data-fig-type=\"Article\" data-gtm-custom-categorie=\"navigation\" data-gtm-custom-action=\"crossclick\" data-gtm-custom-label=\"Contextuel\" data-gtm-event=\"customEventSPE\" data-fig-domain=\"LEFIGARO\" target=\"_blank\" rel=\"noopener\">soutien europ\u00e9en \u00e0 la guerre de r\u00e9sistance en Ukraine<\/a>\u00a0contre l\u2019agression russe, voici que son pr\u00e9sident se pose en recours pour aider l\u2019Europe face \u00e0 un risque d\u2019\u00e9largissement du conflit.<\/p>\n<p class=\"fig-paragraph\">La panique en Pologne, et en\u00a0<a href=\"http:\/\/www.lefigaro.fr\/international\/pour-la-premiere-fois-la-roumanie-admet-avoir-ete-survolee-par-un-drone-russe-20250914\" data-fig-type=\"Article\" data-gtm-custom-categorie=\"navigation\" data-gtm-custom-action=\"crossclick\" data-gtm-custom-label=\"Contextuel\" data-gtm-event=\"customEventSPE\" data-fig-domain=\"LEFIGARO\" target=\"_blank\" rel=\"noopener\">Roumanie<\/a>\u00a0quelques jours plus tard, a r\u00e9v\u00e9l\u00e9 l\u2019impr\u00e9paration des Europ\u00e9ens, alors que les Ukrainiens subissent quotidiennement des attaques simultan\u00e9es de plusieurs centaines d\u2019engins volants et de missiles. Si les avions de l\u2019Otan ont\u2026<\/p>\n<p class=\"fig-premium-paywall__infos\">\n        Cet article est r\u00e9serv\u00e9 aux abonn\u00e9s.        Il vous reste 84% \u00e0 d\u00e9couvrir.\n    <\/p>\n<p>                <img  data- alt=\"Le Figaro\" class=\"fig-img--complete fig-img\"\/><\/p>\n<p class=\"fig-premium-paywall__title\">Vous avez envie de lire la suite ?<\/p>\n<p class=\"fig-premium-paywall__subtitle\">D\u00e9bloquez tous les articles imm\u00e9diatement.<\/p>\n<p class=\"fig-premium-paywall__connect\">\n                D\u00e9j\u00e0 abonn\u00e9\u00a0?                <a class=\"fig-premium-paywall__connect-link\" href=\"https:\/\/connect.lefigaro.fr\/login?client=horizon_web&amp;type=main&amp;redirect_uri=https%3A%2F%2Fwww.lefigaro.fr%2Finternational%2Fpour-se-proteger-des-drones-russes-l-europe-se-tourne-vers-l-ukraine-20250922\" data-js-gtm=\"{&quot;customCategorie&quot;: &quot;conversion&quot;, &quot;customAction&quot;: &quot;before_Landing_Connexion_paywall_auto&quot;, &quot;customLabel&quot;: &quot;bGVmaWdhcm8uZnJfXzFmMDk3OWJhLTA3MmItNjc0Yy1hOWE2LTg1OTRlMWQzNmI0Ml9fQXJ0aWNsZQ==_Pour se prot\u00e9ger des drones russes, l\u2019Europe se tourne vers l\u2019Ukraine_260&quot;, &quot;customIDSPE&quot;: &quot;bGVmaWdhcm8uZnJfXzFmMDk3OWJhLTA3MmItNjc0Yy1hOWE2LTg1OTRlMWQzNmI0Ml9fQXJ0aWNsZQ==&quot;, &quot;event&quot;: &quot;customEventSPE&quot;}\" target=\"_blank\" rel=\"noopener\"><br \/>\n                    Connectez-vous<br \/>\n                <\/a>\n            <\/p>\n","protected":false},"excerpt":{"rendered":"D\u00c9CRYPTAGE &#8211; Pour construire un \u00ab\u00a0mur antidrones\u00a0\u00bb, l\u2019Union europ\u00e9enne investit dans l\u2019industrie de l\u2019armement ukrainienne, tandis que l\u2019Otan&hellip;\n","protected":false},"author":2,"featured_media":409895,"comment_status":"","ping_status":"","sticky":false,"template":"","format":"standard","meta":{"footnotes":""},"categories":[5],"tags":[11,2024,674,1011,27,14,12,136,220,28],"class_list":{"0":"post-409894","1":"post","2":"type-post","3":"status-publish","4":"format-standard","5":"has-post-thumbnail","7":"category-international","8":"tag-actualites","9":"tag-drones","10":"tag-europe","11":"tag-fr","12":"tag-france","13":"tag-international","14":"tag-news","15":"tag-otan","16":"tag-ukraine","17":"tag-world"},"share_on_mastodon":{"url":"https:\/\/pubeurope.com\/@fr\/115248963503768724","error":""},"_links":{"self":[{"href":"https:\/\/www.europesays.com\/fr\/wp-json\/wp\/v2\/posts\/409894","targetHints":{"allow":["GET"]}}],"collection":[{"href":"https:\/\/www.europesays.com\/fr\/wp-json\/wp\/v2\/posts"}],"about":[{"href":"https:\/\/www.europesays.com\/fr\/wp-json\/wp\/v2\/types\/post"}],"author":[{"embeddable":true,"href":"https:\/\/www.europesays.com\/fr\/wp-json\/wp\/v2\/users\/2"}],"replies":[{"embeddable":true,"href":"https:\/\/www.europesays.com\/fr\/wp-json\/wp\/v2\/comments?post=409894"}],"version-history":[{"count":0,"href":"https:\/\/www.europesays.com\/fr\/wp-json\/wp\/v2\/posts\/409894\/revisions"}],"wp:featuredmedia":[{"embeddable":true,"href":"https:\/\/www.europesays.com\/fr\/wp-json\/wp\/v2\/media\/409895"}],"wp:attachment":[{"href":"https:\/\/www.europesays.com\/fr\/wp-json\/wp\/v2\/media?parent=409894"}],"wp:term":[{"taxonomy":"category","embeddable":true,"href":"https:\/\/www.europesays.com\/fr\/wp-json\/wp\/v2\/categories?post=409894"},{"taxonomy":"post_tag","embeddable":true,"href":"https:\/\/www.europesays.com\/fr\/wp-json\/wp\/v2\/tags?post=409894"}],"curies":[{"name":"wp","href":"https:\/\/api.w.org\/{rel}","templated":true}]}}